{"id":43492,"date":"2020-08-01T11:34:03","date_gmt":"2020-08-01T16:34:03","guid":{"rendered":"https:\/\/l21.mx\/?p=43492"},"modified":"2020-08-01T11:34:15","modified_gmt":"2020-08-01T16:34:15","slug":"resiliencia-en-quintana-roo","status":"publish","type":"post","link":"https:\/\/l21.mx\/?p=43492","title":{"rendered":"Resiliencia en Quintana Roo"},"content":{"rendered":"\n<blockquote class=\"wp-block-quote is-layout-flow wp-block-quote-is-layout-flow\"><p> <strong>Jos\u00e9 Mart\u00edn S\u00e1mano*\u00a0<\/strong><\/p><p> \u00a0@jmartinsamano<\/p><p> *Titular de Noticias Azteca Q Roo.<\/p><p> Conductor de Informativo Turquesa, Tercera Emisi\u00f3n<\/p><\/blockquote>\n\n\n\n<p><\/p>\n\n\n\n<p><strong>\u00bf<\/strong>Es Quintana Roo un estado resiliente? Hoy no me cabe la menor duda. La tuve, eso s\u00ed, por primera vez en septiembre de 1988, cuando comenzaba mi carrera como reportero de televisi\u00f3n y me toc\u00f3 cubrir la devastaci\u00f3n por el hurac\u00e1n Gilberto. Recuerdo que el avi\u00f3n de Mexicana en el que viajamos aterriz\u00f3 de milagro en el aeropuerto de Cozumel, donde la torre de control hab\u00eda quedado destruida. A partir de ah\u00ed, cruzando en lancha hacia Playa del Carmen y luego por tierra hacia Canc\u00fan, pensaba en todo momento que el Caribe mexicano jam\u00e1s volver\u00eda a ser lo mismo. Por fortuna\u00a0 me equivoqu\u00e9. Como tambi\u00e9n sucedi\u00f3 en octubre del 2005 cuando regres\u00e9 para transmitir el desastre de \u201cWilma\u201d. Lo que vi desde un helic\u00f3ptero del ej\u00e9rcito en aquella ocasi\u00f3n me hizo pensar nuevamente que todo hab\u00eda terminado, en este caso para Canc\u00fan. Y \u00bfqui\u00e9n lo iba a decir? Apenas unos d\u00edas despu\u00e9s del paso del meteoro ya se pod\u00eda ver a unos varios turistas disfrutando de los diminutos espacios de playa que prevalecieron.\u00a0<\/p>\n\n\n\n<p>Tampoco fue el acabose con los atentados del 9-11 en 2001, cuando durante semanas se paralizaron los vuelos internacionales, ni con la anterior pandemia del H1N1 en el 2009.&nbsp;<\/p>\n\n\n\n<p>Claro que lo del COVID-19 supera por mucho cualquiera de los eventos mencionados, pero aun as\u00ed estoy convencido de que el turismo, as\u00ed de fr\u00e1gil como puede parecer, es una industria tan noble que m\u00e1s pronto que tarde permitir\u00e1 una recuperaci\u00f3n gradual de cada uno de los segmentos que lo componen. S\u00ed, Quintana Roo, gracias al turismo, es resiliente. &nbsp;<\/p>\n","protected":false},"excerpt":{"rendered":"<p>Jos\u00e9 Mart\u00edn S\u00e1mano*\u00a0 \u00a0@jmartinsamano *Titular de Noticias Azteca Q Roo. Conductor de Informativo Turquesa, Tercera Emisi\u00f3n&hellip;<\/p>\n","protected":false},"author":95,"featured_media":43501,"comment_status":"open","ping_status":"open","sticky":false,"template":"","format":"standard","meta":{"_acf_changed":false,"_lmt_disableupdate":"","_lmt_disable":"","_mbp_gutenberg_autopost":false,"footnotes":""},"categories":[44],"tags":[],"class_list":["post-43492","post","type-post","status-publish","format-standard","has-post-thumbnail","hentry","category-cuarto-de-huespedes"],"acf":[],"yoast_head":"<!-- This site is optimized with the Yoast SEO plugin v27.5 - https:\/\/yoast.com\/product\/yoast-seo-wordpress\/ -->\n<title>Resiliencia en Quintana Roo | Revista Latitud 21<\/title>\n<meta name=\"description\" content=\"L21, Emprendedores y Negocios en el Caribe Mexicano, es la revista l\u00edder entre el Sector Empresarial y Tur\u00edstico del Caribe Mexicano.\" \/>\n<meta name=\"robots\" content=\"index, follow, max-snippet:-1, max-image-preview:large, max-video-preview:-1\" \/>\n<link rel=\"canonical\" href=\"https:\/\/l21.mx\/?p=43492\" \/>\n<meta name=\"twitter:card\" content=\"summary_large_image\" \/>\n<meta name=\"twitter:title\" content=\"Resiliencia en Quintana Roo | Revista Latitud 21\" \/>\n<meta name=\"twitter:description\" content=\"L21, Emprendedores y Negocios en el Caribe Mexicano, es la revista l\u00edder entre el Sector Empresarial y Tur\u00edstico del Caribe Mexicano.\" \/>\n<meta name=\"twitter:image\" content=\"https:\/\/l21.mx\/wp-content\/uploads\/2020\/08\/Jose-mart\u00edn-samano-1.jpeg\" \/>\n<meta name=\"twitter:creator\" content=\"@Latitud21mx\" \/>\n<meta name=\"twitter:site\" content=\"@Latitud21mx\" \/>\n<meta name=\"twitter:label1\" content=\"Escrito por\" \/>\n\t<meta name=\"twitter:data1\" content=\"ahernandez@latitud21.com.mx\" \/>\n\t<meta name=\"twitter:label2\" content=\"Tiempo de lectura\" \/>\n\t<meta name=\"twitter:data2\" content=\"2 minutos\" \/>\n<script type=\"application\/ld+json\" class=\"yoast-schema-graph\">{\"@context\":\"https:\\\/\\\/schema.org\",\"@graph\":[{\"@type\":\"Article\",\"@id\":\"https:\\\/\\\/l21.mx\\\/?p=43492#article\",\"isPartOf\":{\"@id\":\"https:\\\/\\\/l21.mx\\\/?p=43492\"},\"author\":{\"name\":\"ahernandez@latitud21.com.mx\",\"@id\":\"https:\\\/\\\/l21.mx\\\/#\\\/schema\\\/person\\\/b3cb342bb947a88e1fc27e05770479da\"},\"headline\":\"Resiliencia en Quintana Roo\",\"datePublished\":\"2020-08-01T16:34:03+00:00\",\"dateModified\":\"2020-08-01T16:34:15+00:00\",\"mainEntityOfPage\":{\"@id\":\"https:\\\/\\\/l21.mx\\\/?p=43492\"},\"wordCount\":304,\"commentCount\":0,\"publisher\":{\"@id\":\"https:\\\/\\\/l21.mx\\\/#organization\"},\"image\":{\"@id\":\"https:\\\/\\\/l21.mx\\\/?p=43492#primaryimage\"},\"thumbnailUrl\":\"https:\\\/\\\/l21.mx\\\/wp-content\\\/uploads\\\/2020\\\/08\\\/Jose-mart\u00edn-samano-1.jpeg\",\"articleSection\":[\"Cuarto de Hu\u00e9spedes\"],\"inLanguage\":\"es\",\"potentialAction\":[{\"@type\":\"CommentAction\",\"name\":\"Comment\",\"target\":[\"https:\\\/\\\/l21.mx\\\/?p=43492#respond\"]}]},{\"@type\":\"WebPage\",\"@id\":\"https:\\\/\\\/l21.mx\\\/?p=43492\",\"url\":\"https:\\\/\\\/l21.mx\\\/?p=43492\",\"name\":\"Resiliencia en Quintana Roo | Revista Latitud 21\",\"isPartOf\":{\"@id\":\"https:\\\/\\\/l21.mx\\\/#website\"},\"primaryImageOfPage\":{\"@id\":\"https:\\\/\\\/l21.mx\\\/?p=43492#primaryimage\"},\"image\":{\"@id\":\"https:\\\/\\\/l21.mx\\\/?p=43492#primaryimage\"},\"thumbnailUrl\":\"https:\\\/\\\/l21.mx\\\/wp-content\\\/uploads\\\/2020\\\/08\\\/Jose-mart\u00edn-samano-1.jpeg\",\"datePublished\":\"2020-08-01T16:34:03+00:00\",\"dateModified\":\"2020-08-01T16:34:15+00:00\",\"description\":\"L21, Emprendedores y Negocios en el Caribe Mexicano, es la revista l\u00edder entre el Sector Empresarial y Tur\u00edstico del Caribe Mexicano.\",\"breadcrumb\":{\"@id\":\"https:\\\/\\\/l21.mx\\\/?p=43492#breadcrumb\"},\"inLanguage\":\"es\",\"potentialAction\":[{\"@type\":\"ReadAction\",\"target\":[\"https:\\\/\\\/l21.mx\\\/?p=43492\"]}]},{\"@type\":\"ImageObject\",\"inLanguage\":\"es\",\"@id\":\"https:\\\/\\\/l21.mx\\\/?p=43492#primaryimage\",\"url\":\"https:\\\/\\\/l21.mx\\\/wp-content\\\/uploads\\\/2020\\\/08\\\/Jose-mart\u00edn-samano-1.jpeg\",\"contentUrl\":\"https:\\\/\\\/l21.mx\\\/wp-content\\\/uploads\\\/2020\\\/08\\\/Jose-mart\u00edn-samano-1.jpeg\",\"width\":1024,\"height\":982},{\"@type\":\"BreadcrumbList\",\"@id\":\"https:\\\/\\\/l21.mx\\\/?p=43492#breadcrumb\",\"itemListElement\":[{\"@type\":\"ListItem\",\"position\":1,\"name\":\"Portada\",\"item\":\"https:\\\/\\\/l21.mx\\\/\"},{\"@type\":\"ListItem\",\"position\":2,\"name\":\"Resiliencia en Quintana Roo\"}]},{\"@type\":\"WebSite\",\"@id\":\"https:\\\/\\\/l21.mx\\\/#website\",\"url\":\"https:\\\/\\\/l21.mx\\\/\",\"name\":\"Revista Latitud 21\",\"description\":\"Emprendedores  y negocios en el Caribe Mexicano\",\"publisher\":{\"@id\":\"https:\\\/\\\/l21.mx\\\/#organization\"},\"potentialAction\":[{\"@type\":\"SearchAction\",\"target\":{\"@type\":\"EntryPoint\",\"urlTemplate\":\"https:\\\/\\\/l21.mx\\\/?s={search_term_string}\"},\"query-input\":{\"@type\":\"PropertyValueSpecification\",\"valueRequired\":true,\"valueName\":\"search_term_string\"}}],\"inLanguage\":\"es\"},{\"@type\":\"Organization\",\"@id\":\"https:\\\/\\\/l21.mx\\\/#organization\",\"name\":\"Grupo Editorial Latitud 21 SA de CV\",\"url\":\"https:\\\/\\\/l21.mx\\\/\",\"logo\":{\"@type\":\"ImageObject\",\"inLanguage\":\"es\",\"@id\":\"https:\\\/\\\/l21.mx\\\/#\\\/schema\\\/logo\\\/image\\\/\",\"url\":\"https:\\\/\\\/l21.mx\\\/wp-content\\\/uploads\\\/2020\\\/10\\\/logo-l21-baja.jpg\",\"contentUrl\":\"https:\\\/\\\/l21.mx\\\/wp-content\\\/uploads\\\/2020\\\/10\\\/logo-l21-baja.jpg\",\"width\":250,\"height\":250,\"caption\":\"Grupo Editorial Latitud 21 SA de CV\"},\"image\":{\"@id\":\"https:\\\/\\\/l21.mx\\\/#\\\/schema\\\/logo\\\/image\\\/\"},\"sameAs\":[\"https:\\\/\\\/www.facebook.com\\\/RevistaLatitud21\\\/\",\"https:\\\/\\\/x.com\\\/Latitud21mx\"]},{\"@type\":\"Person\",\"@id\":\"https:\\\/\\\/l21.mx\\\/#\\\/schema\\\/person\\\/b3cb342bb947a88e1fc27e05770479da\",\"name\":\"ahernandez@latitud21.com.mx\",\"url\":\"https:\\\/\\\/l21.mx\\\/?author=95\"}]}<\/script>\n<!-- \/ Yoast SEO plugin. -->","yoast_head_json":{"title":"Resiliencia en Quintana Roo | Revista Latitud 21","description":"L21, Emprendedores y Negocios en el Caribe Mexicano, es la revista l\u00edder entre el Sector Empresarial y Tur\u00edstico del Caribe Mexicano.","robots":{"index":"index","follow":"follow","max-snippet":"max-snippet:-1","max-image-preview":"max-image-preview:large","max-video-preview":"max-video-preview:-1"},"canonical":"https:\/\/l21.mx\/?p=43492","twitter_card":"summary_large_image","twitter_title":"Resiliencia en Quintana Roo | Revista Latitud 21","twitter_description":"L21, Emprendedores y Negocios en el Caribe Mexicano, es la revista l\u00edder entre el Sector Empresarial y Tur\u00edstico del Caribe Mexicano.","twitter_image":"https:\/\/l21.mx\/wp-content\/uploads\/2020\/08\/Jose-mart\u00edn-samano-1.jpeg","twitter_creator":"@Latitud21mx","twitter_site":"@Latitud21mx","twitter_misc":{"Escrito por":"ahernandez@latitud21.com.mx","Tiempo de lectura":"2 minutos"},"schema":{"@context":"https:\/\/schema.org","@graph":[{"@type":"Article","@id":"https:\/\/l21.mx\/?p=43492#article","isPartOf":{"@id":"https:\/\/l21.mx\/?p=43492"},"author":{"name":"ahernandez@latitud21.com.mx","@id":"https:\/\/l21.mx\/#\/schema\/person\/b3cb342bb947a88e1fc27e05770479da"},"headline":"Resiliencia en Quintana Roo","datePublished":"2020-08-01T16:34:03+00:00","dateModified":"2020-08-01T16:34:15+00:00","mainEntityOfPage":{"@id":"https:\/\/l21.mx\/?p=43492"},"wordCount":304,"commentCount":0,"publisher":{"@id":"https:\/\/l21.mx\/#organization"},"image":{"@id":"https:\/\/l21.mx\/?p=43492#primaryimage"},"thumbnailUrl":"https:\/\/l21.mx\/wp-content\/uploads\/2020\/08\/Jose-mart\u00edn-samano-1.jpeg","articleSection":["Cuarto de Hu\u00e9spedes"],"inLanguage":"es","potentialAction":[{"@type":"CommentAction","name":"Comment","target":["https:\/\/l21.mx\/?p=43492#respond"]}]},{"@type":"WebPage","@id":"https:\/\/l21.mx\/?p=43492","url":"https:\/\/l21.mx\/?p=43492","name":"Resiliencia en Quintana Roo | Revista Latitud 21","isPartOf":{"@id":"https:\/\/l21.mx\/#website"},"primaryImageOfPage":{"@id":"https:\/\/l21.mx\/?p=43492#primaryimage"},"image":{"@id":"https:\/\/l21.mx\/?p=43492#primaryimage"},"thumbnailUrl":"https:\/\/l21.mx\/wp-content\/uploads\/2020\/08\/Jose-mart\u00edn-samano-1.jpeg","datePublished":"2020-08-01T16:34:03+00:00","dateModified":"2020-08-01T16:34:15+00:00","description":"L21, Emprendedores y Negocios en el Caribe Mexicano, es la revista l\u00edder entre el Sector Empresarial y Tur\u00edstico del Caribe Mexicano.","breadcrumb":{"@id":"https:\/\/l21.mx\/?p=43492#breadcrumb"},"inLanguage":"es","potentialAction":[{"@type":"ReadAction","target":["https:\/\/l21.mx\/?p=43492"]}]},{"@type":"ImageObject","inLanguage":"es","@id":"https:\/\/l21.mx\/?p=43492#primaryimage","url":"https:\/\/l21.mx\/wp-content\/uploads\/2020\/08\/Jose-mart\u00edn-samano-1.jpeg","contentUrl":"https:\/\/l21.mx\/wp-content\/uploads\/2020\/08\/Jose-mart\u00edn-samano-1.jpeg","width":1024,"height":982},{"@type":"BreadcrumbList","@id":"https:\/\/l21.mx\/?p=43492#breadcrumb","itemListElement":[{"@type":"ListItem","position":1,"name":"Portada","item":"https:\/\/l21.mx\/"},{"@type":"ListItem","position":2,"name":"Resiliencia en Quintana Roo"}]},{"@type":"WebSite","@id":"https:\/\/l21.mx\/#website","url":"https:\/\/l21.mx\/","name":"Revista Latitud 21","description":"Emprendedores  y negocios en el Caribe Mexicano","publisher":{"@id":"https:\/\/l21.mx\/#organization"},"potentialAction":[{"@type":"SearchAction","target":{"@type":"EntryPoint","urlTemplate":"https:\/\/l21.mx\/?s={search_term_string}"},"query-input":{"@type":"PropertyValueSpecification","valueRequired":true,"valueName":"search_term_string"}}],"inLanguage":"es"},{"@type":"Organization","@id":"https:\/\/l21.mx\/#organization","name":"Grupo Editorial Latitud 21 SA de CV","url":"https:\/\/l21.mx\/","logo":{"@type":"ImageObject","inLanguage":"es","@id":"https:\/\/l21.mx\/#\/schema\/logo\/image\/","url":"https:\/\/l21.mx\/wp-content\/uploads\/2020\/10\/logo-l21-baja.jpg","contentUrl":"https:\/\/l21.mx\/wp-content\/uploads\/2020\/10\/logo-l21-baja.jpg","width":250,"height":250,"caption":"Grupo Editorial Latitud 21 SA de CV"},"image":{"@id":"https:\/\/l21.mx\/#\/schema\/logo\/image\/"},"sameAs":["https:\/\/www.facebook.com\/RevistaLatitud21\/","https:\/\/x.com\/Latitud21mx"]},{"@type":"Person","@id":"https:\/\/l21.mx\/#\/schema\/person\/b3cb342bb947a88e1fc27e05770479da","name":"ahernandez@latitud21.com.mx","url":"https:\/\/l21.mx\/?author=95"}]}},"amp_enabled":true,"_links":{"self":[{"href":"https:\/\/l21.mx\/index.php?rest_route=\/wp\/v2\/posts\/43492","targetHints":{"allow":["GET"]}}],"collection":[{"href":"https:\/\/l21.mx\/index.php?rest_route=\/wp\/v2\/posts"}],"about":[{"href":"https:\/\/l21.mx\/index.php?rest_route=\/wp\/v2\/types\/post"}],"author":[{"embeddable":true,"href":"https:\/\/l21.mx\/index.php?rest_route=\/wp\/v2\/users\/95"}],"replies":[{"embeddable":true,"href":"https:\/\/l21.mx\/index.php?rest_route=%2Fwp%2Fv2%2Fcomments&post=43492"}],"version-history":[{"count":1,"href":"https:\/\/l21.mx\/index.php?rest_route=\/wp\/v2\/posts\/43492\/revisions"}],"predecessor-version":[{"id":43502,"href":"https:\/\/l21.mx\/index.php?rest_route=\/wp\/v2\/posts\/43492\/revisions\/43502"}],"wp:featuredmedia":[{"embeddable":true,"href":"https:\/\/l21.mx\/index.php?rest_route=\/wp\/v2\/media\/43501"}],"wp:attachment":[{"href":"https:\/\/l21.mx\/index.php?rest_route=%2Fwp%2Fv2%2Fmedia&parent=43492"}],"wp:term":[{"taxonomy":"category","embeddable":true,"href":"https:\/\/l21.mx\/index.php?rest_route=%2Fwp%2Fv2%2Fcategories&post=43492"},{"taxonomy":"post_tag","embeddable":true,"href":"https:\/\/l21.mx\/index.php?rest_route=%2Fwp%2Fv2%2Ftags&post=43492"}],"curies":[{"name":"wp","href":"https:\/\/api.w.org\/{rel}","templated":true}]}}