{"id":43523,"date":"2020-08-01T11:59:49","date_gmt":"2020-08-01T16:59:49","guid":{"rendered":"https:\/\/l21.mx\/?p=43523"},"modified":"2020-08-01T11:59:59","modified_gmt":"2020-08-01T16:59:59","slug":"nomas-tantito","status":"publish","type":"post","link":"https:\/\/l21.mx\/?p=43523","title":{"rendered":"Nom\u00e1s  tantito"},"content":{"rendered":"\n<p><\/p>\n\n\n\n<p><\/p>\n\n\n\n<blockquote class=\"wp-block-quote is-layout-flow wp-block-quote-is-layout-flow\"><p><strong>Alejandro Rosel<\/strong><\/p><p>Comunicador y conductor<\/p><p>Twitter: @AlejandroRosel7<\/p><\/blockquote>\n\n\n\n<p>\u00bfCu\u00e1ntas veces hemos escuchado esa frase y que retumba en los o\u00eddos de cualquier persona con tantita educaci\u00f3n c\u00edvica? Yo muchas, aplica en el d\u00eda a d\u00eda de muchas personas que en la secundaria o no fueron a clase de civismo o se quedaron dormidos. Son muchos los ejemplos en los que se usa esta expresi\u00f3n tan com\u00fan en los mexicanos y que sin duda es por dem\u00e1s irrespetuosa del derecho de los dem\u00e1s. Parar en segunda fila, en un \u00e1rea para personas con discapacidad, en lugares no permitidos, meterse en la fila, exceder los l\u00edmites de velocidad, en fin\u2026 es una interminable lista. El principio del \u201crespeto al derecho ajeno\u201d, es algo que se nos ha olvidado en el convivir entre todos. En estos meses tan dif\u00edciles de la pandemia de Covid-19, tratar de cambiar esta manera de pensar ha sido uno de los grandes retos y no lo estamos logrando. Cada d\u00eda que pasa, los casos positivos de esta enfermedad aumentan. Los gobiernos estatal y municipales han trabajado incansablemente en poner las condiciones para proteger a la poblaci\u00f3n de este mal y el resultado no ha sido nada bueno. La gente hoy hace su vida como si nada estuviera ocurriendo, salen sin cubrebocas, acuden a lugares p\u00fablicos para divertirse, paseos en yates, a pasar el d\u00eda a los hoteles y simplemente el Covid se nos olvid\u00f3. Los esfuerzos de todos los empresarios del destino por tratar de conservar empleos y reactivar la econom\u00eda, han sido notorios, pero hoy es muy claro que est\u00e1n en riesgo, ya que gracias a la falta de conciencia, al \u2018NOM\u00c1S TANTITO\u2019, los casos siguen aumentando, las muertes igual y esto ha llevado de nueva cuenta al confinamiento a la capital del estado. Situaci\u00f3n que durar\u00e1 al menos 14 d\u00edas desde su inicio el pasado 7 de julio. \u00bfDe que sirvi\u00f3 que te cuidaras todos estos meses, si en un fin de semana o en cinco d\u00edas h\u00e1biles te contagiar\u00e1s por imprudente, irresponsable o porque crees que \u2018nom\u00e1s tantito\u2019, no te afectar\u00e1 y librar\u00e1s al Covid? Te tengo una mala noticia: S\u00ed te afectar\u00e1, si no t\u00fa, alguien de tu familia ser\u00e1 v\u00edctima de tus imprudencias. Todos los d\u00edas, escucho a alguien que se dice harto de estar encerrado y no poder ir a la playa, a un bar, de compras, a comer con los amigos o simplemente actuar con libertad, sin cubrebocas o caretas. Sin embargo yo les pregunto: \u00bfQu\u00e9 est\u00e1s haciendo para que esto acabe pronto?, seguramente nada. Hoy quiero hacer un llamado a todos a no permitir que la fr\u00e1gil econom\u00eda se frene, que detengamos el incremento de casos y que logremos controlar y mitigar la pandemia. S\u00e9 que es dif\u00edcil, que debemos de aprender a convivir con ella, pero justo eso es lo que se nos olvida. Busquemos alternativas para seguir generando recursos, pero con estrictas medidas de salud, que nos ayuden a evitar m\u00e1s contagios y sobre todo muerte. Hoy el bienestar de los tuyos depende \u00fanicamente de ti, de nadie m\u00e1s. Salir de la situaci\u00f3n en la que nos encontramos y no detener m\u00e1s la econom\u00eda, tambi\u00e9n. Espero se encuentren bien, al igual que sus familias. Que el camino sea divertido y exitoso. Hasta la pr\u00f3xima. \u00a0<br><\/p>\n","protected":false},"excerpt":{"rendered":"<p>Alejandro Rosel Comunicador y conductor Twitter: @AlejandroRosel7 \u00bfCu\u00e1ntas veces hemos escuchado esa frase y que retumba&hellip;<\/p>\n","protected":false},"author":95,"featured_media":41987,"comment_status":"open","ping_status":"open","sticky":false,"template":"","format":"standard","meta":{"_acf_changed":false,"_lmt_disableupdate":"","_lmt_disable":"","_mbp_gutenberg_autopost":false,"footnotes":""},"categories":[1008],"tags":[],"class_list":["post-43523","post","type-post","status-publish","format-standard","has-post-thumbnail","hentry","category-alejandro-rosel"],"acf":[],"yoast_head":"<!-- This site is optimized with the Yoast SEO plugin v27.3 - https:\/\/yoast.com\/product\/yoast-seo-wordpress\/ -->\n<title>Nom\u00e1s tantito | Revista Latitud 21<\/title>\n<meta name=\"description\" content=\"L21, Emprendedores y Negocios en el Caribe Mexicano, es la revista l\u00edder entre el Sector Empresarial y Tur\u00edstico del Caribe Mexicano.\" \/>\n<meta name=\"robots\" content=\"index, follow, max-snippet:-1, max-image-preview:large, max-video-preview:-1\" \/>\n<link rel=\"canonical\" href=\"https:\/\/l21.mx\/?p=43523\" \/>\n<meta name=\"twitter:card\" content=\"summary_large_image\" \/>\n<meta name=\"twitter:title\" content=\"Nom\u00e1s tantito | Revista Latitud 21\" \/>\n<meta name=\"twitter:description\" content=\"L21, Emprendedores y Negocios en el Caribe Mexicano, es la revista l\u00edder entre el Sector Empresarial y Tur\u00edstico del Caribe Mexicano.\" \/>\n<meta name=\"twitter:image\" content=\"https:\/\/l21.mx\/wp-content\/uploads\/2020\/03\/Alejandro-Rosel.jpg\" \/>\n<meta name=\"twitter:creator\" content=\"@Latitud21mx\" \/>\n<meta name=\"twitter:site\" content=\"@Latitud21mx\" \/>\n<meta name=\"twitter:label1\" content=\"Escrito por\" \/>\n\t<meta name=\"twitter:data1\" content=\"ahernandez@latitud21.com.mx\" \/>\n\t<meta name=\"twitter:label2\" content=\"Tiempo de lectura\" \/>\n\t<meta name=\"twitter:data2\" content=\"3 minutos\" \/>\n<script type=\"application\/ld+json\" class=\"yoast-schema-graph\">{\"@context\":\"https:\\\/\\\/schema.org\",\"@graph\":[{\"@type\":\"Article\",\"@id\":\"https:\\\/\\\/l21.mx\\\/?p=43523#article\",\"isPartOf\":{\"@id\":\"https:\\\/\\\/l21.mx\\\/?p=43523\"},\"author\":{\"name\":\"ahernandez@latitud21.com.mx\",\"@id\":\"https:\\\/\\\/l21.mx\\\/#\\\/schema\\\/person\\\/b3cb342bb947a88e1fc27e05770479da\"},\"headline\":\"Nom\u00e1s tantito\",\"datePublished\":\"2020-08-01T16:59:49+00:00\",\"dateModified\":\"2020-08-01T16:59:59+00:00\",\"mainEntityOfPage\":{\"@id\":\"https:\\\/\\\/l21.mx\\\/?p=43523\"},\"wordCount\":585,\"commentCount\":0,\"publisher\":{\"@id\":\"https:\\\/\\\/l21.mx\\\/#organization\"},\"image\":{\"@id\":\"https:\\\/\\\/l21.mx\\\/?p=43523#primaryimage\"},\"thumbnailUrl\":\"https:\\\/\\\/l21.mx\\\/wp-content\\\/uploads\\\/2020\\\/03\\\/Alejandro-Rosel.jpg\",\"articleSection\":[\"Alejandro Rosel\"],\"inLanguage\":\"es\",\"potentialAction\":[{\"@type\":\"CommentAction\",\"name\":\"Comment\",\"target\":[\"https:\\\/\\\/l21.mx\\\/?p=43523#respond\"]}]},{\"@type\":\"WebPage\",\"@id\":\"https:\\\/\\\/l21.mx\\\/?p=43523\",\"url\":\"https:\\\/\\\/l21.mx\\\/?p=43523\",\"name\":\"Nom\u00e1s tantito | Revista Latitud 21\",\"isPartOf\":{\"@id\":\"https:\\\/\\\/l21.mx\\\/#website\"},\"primaryImageOfPage\":{\"@id\":\"https:\\\/\\\/l21.mx\\\/?p=43523#primaryimage\"},\"image\":{\"@id\":\"https:\\\/\\\/l21.mx\\\/?p=43523#primaryimage\"},\"thumbnailUrl\":\"https:\\\/\\\/l21.mx\\\/wp-content\\\/uploads\\\/2020\\\/03\\\/Alejandro-Rosel.jpg\",\"datePublished\":\"2020-08-01T16:59:49+00:00\",\"dateModified\":\"2020-08-01T16:59:59+00:00\",\"description\":\"L21, Emprendedores y Negocios en el Caribe Mexicano, es la revista l\u00edder entre el Sector Empresarial y Tur\u00edstico del Caribe Mexicano.\",\"breadcrumb\":{\"@id\":\"https:\\\/\\\/l21.mx\\\/?p=43523#breadcrumb\"},\"inLanguage\":\"es\",\"potentialAction\":[{\"@type\":\"ReadAction\",\"target\":[\"https:\\\/\\\/l21.mx\\\/?p=43523\"]}]},{\"@type\":\"ImageObject\",\"inLanguage\":\"es\",\"@id\":\"https:\\\/\\\/l21.mx\\\/?p=43523#primaryimage\",\"url\":\"https:\\\/\\\/l21.mx\\\/wp-content\\\/uploads\\\/2020\\\/03\\\/Alejandro-Rosel.jpg\",\"contentUrl\":\"https:\\\/\\\/l21.mx\\\/wp-content\\\/uploads\\\/2020\\\/03\\\/Alejandro-Rosel.jpg\",\"width\":469,\"height\":497},{\"@type\":\"BreadcrumbList\",\"@id\":\"https:\\\/\\\/l21.mx\\\/?p=43523#breadcrumb\",\"itemListElement\":[{\"@type\":\"ListItem\",\"position\":1,\"name\":\"Portada\",\"item\":\"https:\\\/\\\/l21.mx\\\/\"},{\"@type\":\"ListItem\",\"position\":2,\"name\":\"Nom\u00e1s tantito\"}]},{\"@type\":\"WebSite\",\"@id\":\"https:\\\/\\\/l21.mx\\\/#website\",\"url\":\"https:\\\/\\\/l21.mx\\\/\",\"name\":\"Revista Latitud 21\",\"description\":\"Emprendedores  y negocios en el Caribe Mexicano\",\"publisher\":{\"@id\":\"https:\\\/\\\/l21.mx\\\/#organization\"},\"potentialAction\":[{\"@type\":\"SearchAction\",\"target\":{\"@type\":\"EntryPoint\",\"urlTemplate\":\"https:\\\/\\\/l21.mx\\\/?s={search_term_string}\"},\"query-input\":{\"@type\":\"PropertyValueSpecification\",\"valueRequired\":true,\"valueName\":\"search_term_string\"}}],\"inLanguage\":\"es\"},{\"@type\":\"Organization\",\"@id\":\"https:\\\/\\\/l21.mx\\\/#organization\",\"name\":\"Grupo Editorial Latitud 21 SA de CV\",\"url\":\"https:\\\/\\\/l21.mx\\\/\",\"logo\":{\"@type\":\"ImageObject\",\"inLanguage\":\"es\",\"@id\":\"https:\\\/\\\/l21.mx\\\/#\\\/schema\\\/logo\\\/image\\\/\",\"url\":\"https:\\\/\\\/l21.mx\\\/wp-content\\\/uploads\\\/2020\\\/10\\\/logo-l21-baja.jpg\",\"contentUrl\":\"https:\\\/\\\/l21.mx\\\/wp-content\\\/uploads\\\/2020\\\/10\\\/logo-l21-baja.jpg\",\"width\":250,\"height\":250,\"caption\":\"Grupo Editorial Latitud 21 SA de CV\"},\"image\":{\"@id\":\"https:\\\/\\\/l21.mx\\\/#\\\/schema\\\/logo\\\/image\\\/\"},\"sameAs\":[\"https:\\\/\\\/www.facebook.com\\\/RevistaLatitud21\\\/\",\"https:\\\/\\\/x.com\\\/Latitud21mx\"]},{\"@type\":\"Person\",\"@id\":\"https:\\\/\\\/l21.mx\\\/#\\\/schema\\\/person\\\/b3cb342bb947a88e1fc27e05770479da\",\"name\":\"ahernandez@latitud21.com.mx\",\"url\":\"https:\\\/\\\/l21.mx\\\/?author=95\"}]}<\/script>\n<!-- \/ Yoast SEO plugin. -->","yoast_head_json":{"title":"Nom\u00e1s tantito | Revista Latitud 21","description":"L21, Emprendedores y Negocios en el Caribe Mexicano, es la revista l\u00edder entre el Sector Empresarial y Tur\u00edstico del Caribe Mexicano.","robots":{"index":"index","follow":"follow","max-snippet":"max-snippet:-1","max-image-preview":"max-image-preview:large","max-video-preview":"max-video-preview:-1"},"canonical":"https:\/\/l21.mx\/?p=43523","twitter_card":"summary_large_image","twitter_title":"Nom\u00e1s tantito | Revista Latitud 21","twitter_description":"L21, Emprendedores y Negocios en el Caribe Mexicano, es la revista l\u00edder entre el Sector Empresarial y Tur\u00edstico del Caribe Mexicano.","twitter_image":"https:\/\/l21.mx\/wp-content\/uploads\/2020\/03\/Alejandro-Rosel.jpg","twitter_creator":"@Latitud21mx","twitter_site":"@Latitud21mx","twitter_misc":{"Escrito por":"ahernandez@latitud21.com.mx","Tiempo de lectura":"3 minutos"},"schema":{"@context":"https:\/\/schema.org","@graph":[{"@type":"Article","@id":"https:\/\/l21.mx\/?p=43523#article","isPartOf":{"@id":"https:\/\/l21.mx\/?p=43523"},"author":{"name":"ahernandez@latitud21.com.mx","@id":"https:\/\/l21.mx\/#\/schema\/person\/b3cb342bb947a88e1fc27e05770479da"},"headline":"Nom\u00e1s tantito","datePublished":"2020-08-01T16:59:49+00:00","dateModified":"2020-08-01T16:59:59+00:00","mainEntityOfPage":{"@id":"https:\/\/l21.mx\/?p=43523"},"wordCount":585,"commentCount":0,"publisher":{"@id":"https:\/\/l21.mx\/#organization"},"image":{"@id":"https:\/\/l21.mx\/?p=43523#primaryimage"},"thumbnailUrl":"https:\/\/l21.mx\/wp-content\/uploads\/2020\/03\/Alejandro-Rosel.jpg","articleSection":["Alejandro Rosel"],"inLanguage":"es","potentialAction":[{"@type":"CommentAction","name":"Comment","target":["https:\/\/l21.mx\/?p=43523#respond"]}]},{"@type":"WebPage","@id":"https:\/\/l21.mx\/?p=43523","url":"https:\/\/l21.mx\/?p=43523","name":"Nom\u00e1s tantito | Revista Latitud 21","isPartOf":{"@id":"https:\/\/l21.mx\/#website"},"primaryImageOfPage":{"@id":"https:\/\/l21.mx\/?p=43523#primaryimage"},"image":{"@id":"https:\/\/l21.mx\/?p=43523#primaryimage"},"thumbnailUrl":"https:\/\/l21.mx\/wp-content\/uploads\/2020\/03\/Alejandro-Rosel.jpg","datePublished":"2020-08-01T16:59:49+00:00","dateModified":"2020-08-01T16:59:59+00:00","description":"L21, Emprendedores y Negocios en el Caribe Mexicano, es la revista l\u00edder entre el Sector Empresarial y Tur\u00edstico del Caribe Mexicano.","breadcrumb":{"@id":"https:\/\/l21.mx\/?p=43523#breadcrumb"},"inLanguage":"es","potentialAction":[{"@type":"ReadAction","target":["https:\/\/l21.mx\/?p=43523"]}]},{"@type":"ImageObject","inLanguage":"es","@id":"https:\/\/l21.mx\/?p=43523#primaryimage","url":"https:\/\/l21.mx\/wp-content\/uploads\/2020\/03\/Alejandro-Rosel.jpg","contentUrl":"https:\/\/l21.mx\/wp-content\/uploads\/2020\/03\/Alejandro-Rosel.jpg","width":469,"height":497},{"@type":"BreadcrumbList","@id":"https:\/\/l21.mx\/?p=43523#breadcrumb","itemListElement":[{"@type":"ListItem","position":1,"name":"Portada","item":"https:\/\/l21.mx\/"},{"@type":"ListItem","position":2,"name":"Nom\u00e1s tantito"}]},{"@type":"WebSite","@id":"https:\/\/l21.mx\/#website","url":"https:\/\/l21.mx\/","name":"Revista Latitud 21","description":"Emprendedores  y negocios en el Caribe Mexicano","publisher":{"@id":"https:\/\/l21.mx\/#organization"},"potentialAction":[{"@type":"SearchAction","target":{"@type":"EntryPoint","urlTemplate":"https:\/\/l21.mx\/?s={search_term_string}"},"query-input":{"@type":"PropertyValueSpecification","valueRequired":true,"valueName":"search_term_string"}}],"inLanguage":"es"},{"@type":"Organization","@id":"https:\/\/l21.mx\/#organization","name":"Grupo Editorial Latitud 21 SA de CV","url":"https:\/\/l21.mx\/","logo":{"@type":"ImageObject","inLanguage":"es","@id":"https:\/\/l21.mx\/#\/schema\/logo\/image\/","url":"https:\/\/l21.mx\/wp-content\/uploads\/2020\/10\/logo-l21-baja.jpg","contentUrl":"https:\/\/l21.mx\/wp-content\/uploads\/2020\/10\/logo-l21-baja.jpg","width":250,"height":250,"caption":"Grupo Editorial Latitud 21 SA de CV"},"image":{"@id":"https:\/\/l21.mx\/#\/schema\/logo\/image\/"},"sameAs":["https:\/\/www.facebook.com\/RevistaLatitud21\/","https:\/\/x.com\/Latitud21mx"]},{"@type":"Person","@id":"https:\/\/l21.mx\/#\/schema\/person\/b3cb342bb947a88e1fc27e05770479da","name":"ahernandez@latitud21.com.mx","url":"https:\/\/l21.mx\/?author=95"}]}},"amp_enabled":true,"_links":{"self":[{"href":"https:\/\/l21.mx\/index.php?rest_route=\/wp\/v2\/posts\/43523","targetHints":{"allow":["GET"]}}],"collection":[{"href":"https:\/\/l21.mx\/index.php?rest_route=\/wp\/v2\/posts"}],"about":[{"href":"https:\/\/l21.mx\/index.php?rest_route=\/wp\/v2\/types\/post"}],"author":[{"embeddable":true,"href":"https:\/\/l21.mx\/index.php?rest_route=\/wp\/v2\/users\/95"}],"replies":[{"embeddable":true,"href":"https:\/\/l21.mx\/index.php?rest_route=%2Fwp%2Fv2%2Fcomments&post=43523"}],"version-history":[{"count":1,"href":"https:\/\/l21.mx\/index.php?rest_route=\/wp\/v2\/posts\/43523\/revisions"}],"predecessor-version":[{"id":43524,"href":"https:\/\/l21.mx\/index.php?rest_route=\/wp\/v2\/posts\/43523\/revisions\/43524"}],"wp:featuredmedia":[{"embeddable":true,"href":"https:\/\/l21.mx\/index.php?rest_route=\/wp\/v2\/media\/41987"}],"wp:attachment":[{"href":"https:\/\/l21.mx\/index.php?rest_route=%2Fwp%2Fv2%2Fmedia&parent=43523"}],"wp:term":[{"taxonomy":"category","embeddable":true,"href":"https:\/\/l21.mx\/index.php?rest_route=%2Fwp%2Fv2%2Fcategories&post=43523"},{"taxonomy":"post_tag","embeddable":true,"href":"https:\/\/l21.mx\/index.php?rest_route=%2Fwp%2Fv2%2Ftags&post=43523"}],"curies":[{"name":"wp","href":"https:\/\/api.w.org\/{rel}","templated":true}]}}