{"id":43531,"date":"2020-08-01T12:08:02","date_gmt":"2020-08-01T17:08:02","guid":{"rendered":"https:\/\/l21.mx\/?p=43531"},"modified":"2020-08-01T12:08:10","modified_gmt":"2020-08-01T17:08:10","slug":"tributo-a-un-viento-que-dejo-sombra","status":"publish","type":"post","link":"https:\/\/l21.mx\/?p=43531","title":{"rendered":"Tributo a un viento que dej\u00f3 sombra"},"content":{"rendered":"\n<blockquote class=\"wp-block-quote is-layout-flow wp-block-quote-is-layout-flow\"><p><strong>Inna German G\u00f3mez<\/strong><\/p><p>Empresaria<\/p><p>@Innagg<br><\/p><\/blockquote>\n\n\n\n<p><strong>H<\/strong>Hace algunos d\u00edas falleci\u00f3 el escritor espa\u00f1ol Carlos Ruiz Zaf\u00f3n; hoy, con la libertad que me dan en este espacio, me encantar\u00eda hacer un tributo a su obra y contarles un poco de mi experiencia lectora.\u00a0 En alg\u00fan momento de mi vida, y esto, recuerdo, fue muy peque\u00f1a, me gustaba leer. Me acuerdo v\u00edvidamente de libros con dibujos con los que aprend\u00ed a leer; es m\u00e1s, me acuerdo de un libro con una portada rosa en donde las frases eran: \u201cmi mam\u00e1 me mima\u201d; no recuerdo el nombre del libro; s\u00e9 que podr\u00eda buscarlo por internet, pero prefiero fomentar su memoria o curiosidad.\u00a0<\/p>\n\n\n\n<p>Ya como estudiante de segundo de primaria recuerdo v\u00edvidamente la cara de mi maestra cuando le comuniqu\u00e9 que ya hab\u00eda le\u00eddo todos los cuentos que ven\u00edan en el libro de texto para el segundo o tercer mes del curso.&nbsp; Me encanta leer, es como transportarte a otra \u00e9poca, vivir otras vidas y saborear espacios. &nbsp; \u00daltimamente me ha dado por leer libros m\u00e1s t\u00e9cnicos o relacionados con negocios; el tiempo limitado me ha mantenido un poco al margen de las lecturas recreativas. Pero siempre hay un libro pendiente en mi mesa de noche.&nbsp; Bueno, ya regreso a contarles de Carlos Ruiz Zaf\u00f3n y mi experiencia con \u00e9l;&nbsp; cuando entraba a la librer\u00eda o ped\u00eda los libros que llegaran por correo, casi nunca me fijaba en los t\u00edtulos, siempre le\u00eda la rese\u00f1a; si me \u201clat\u00eda\u201d, lo compraba. Ahora con los libros electr\u00f3nicos es mucho m\u00e1s f\u00e1cil, porque tienes comentarios en l\u00ednea de otros lectores y estrellitas que los eval\u00faan.&nbsp; Pero esa vez, entrando a una librer\u00eda vi sobre la mesa un libro cuyo t\u00edtulo era: \u201cLa sombra del viento\u201d. Me agarr\u00f3 desprevenida, y claro, me enamor\u00e9 a primera vista. \u00bfEl viento no tiene sombra? \u00bfLas nubes son viento? Esas s\u00ed generan sombra. \u00bfC\u00f3mo me imagino la sombra del viento?&nbsp;<\/p>\n\n\n\n<p>Tom\u00e9 el libro y lo compr\u00e9 de inmediato; me sent\u00e9 un momento para ojearlo y la primera frase: \u2018Cementerio de los libros olvidados\u2019, \u00a1ya, listo!, me ten\u00eda completamente atrapada en la primera hoja.&nbsp; Eso ya no me hab\u00eda pasado hace mucho, te vuelves c\u00ednica y medio esc\u00e9ptica cuando lees mucho; olvidas esa primera frase que te sale de corrido. Una historia de amor tr\u00e1gica y con una narrativa incre\u00edble.&nbsp; Luego, despu\u00e9s de ese, que sigue siendo mi favorito, vinieron todos los dem\u00e1s: \u201cMarina\u201d, \u201cEl prisionero del cielo\u201d, \u201cEl juego del \u00c1ngel\u201d, \u201cEl laberinto de los esp\u00edritus\u201d, entre otros. As\u00ed que les dejo con esa chispa de curiosidad por leer a uno de mis autores favoritos. Lamento su muerte, porque eso quiere decir historias que ya no estar\u00e1n. As\u00ed la vida y lo que se lleva con ella la muerte. &nbsp;<br><\/p>\n","protected":false},"excerpt":{"rendered":"<p>Inna German G\u00f3mez Empresaria @Innagg HHace algunos d\u00edas falleci\u00f3 el escritor espa\u00f1ol Carlos Ruiz Zaf\u00f3n; hoy,&hellip;<\/p>\n","protected":false},"author":95,"featured_media":0,"comment_status":"open","ping_status":"open","sticky":false,"template":"","format":"standard","meta":{"_acf_changed":false,"_lmt_disableupdate":"","_lmt_disable":"","_mbp_gutenberg_autopost":false,"footnotes":""},"categories":[486],"tags":[],"class_list":["post-43531","post","type-post","status-publish","format-standard","hentry","category-inna-german"],"acf":[],"yoast_head":"<!-- This site is optimized with the Yoast SEO plugin v27.5 - https:\/\/yoast.com\/product\/yoast-seo-wordpress\/ -->\n<title>Tributo a un viento que dej\u00f3 sombra | Revista Latitud 21<\/title>\n<meta name=\"description\" content=\"L21, Emprendedores y Negocios en el Caribe Mexicano, es la revista l\u00edder entre el Sector Empresarial y Tur\u00edstico del Caribe Mexicano.\" \/>\n<meta name=\"robots\" content=\"index, follow, max-snippet:-1, max-image-preview:large, max-video-preview:-1\" \/>\n<link rel=\"canonical\" href=\"https:\/\/l21.mx\/?p=43531\" \/>\n<meta name=\"twitter:card\" content=\"summary_large_image\" \/>\n<meta name=\"twitter:title\" content=\"Tributo a un viento que dej\u00f3 sombra | Revista Latitud 21\" \/>\n<meta name=\"twitter:description\" content=\"L21, Emprendedores y Negocios en el Caribe Mexicano, es la revista l\u00edder entre el Sector Empresarial y Tur\u00edstico del Caribe Mexicano.\" \/>\n<meta name=\"twitter:creator\" content=\"@Latitud21mx\" \/>\n<meta name=\"twitter:site\" content=\"@Latitud21mx\" \/>\n<meta name=\"twitter:label1\" content=\"Escrito por\" \/>\n\t<meta name=\"twitter:data1\" content=\"ahernandez@latitud21.com.mx\" \/>\n\t<meta name=\"twitter:label2\" content=\"Tiempo de lectura\" \/>\n\t<meta name=\"twitter:data2\" content=\"3 minutos\" \/>\n<script type=\"application\/ld+json\" class=\"yoast-schema-graph\">{\"@context\":\"https:\\\/\\\/schema.org\",\"@graph\":[{\"@type\":\"Article\",\"@id\":\"https:\\\/\\\/l21.mx\\\/?p=43531#article\",\"isPartOf\":{\"@id\":\"https:\\\/\\\/l21.mx\\\/?p=43531\"},\"author\":{\"name\":\"ahernandez@latitud21.com.mx\",\"@id\":\"https:\\\/\\\/l21.mx\\\/#\\\/schema\\\/person\\\/b3cb342bb947a88e1fc27e05770479da\"},\"headline\":\"Tributo a un viento que dej\u00f3 sombra\",\"datePublished\":\"2020-08-01T17:08:02+00:00\",\"dateModified\":\"2020-08-01T17:08:10+00:00\",\"mainEntityOfPage\":{\"@id\":\"https:\\\/\\\/l21.mx\\\/?p=43531\"},\"wordCount\":511,\"commentCount\":0,\"publisher\":{\"@id\":\"https:\\\/\\\/l21.mx\\\/#organization\"},\"articleSection\":[\"Inna German G\u00f3mez\"],\"inLanguage\":\"es\",\"potentialAction\":[{\"@type\":\"CommentAction\",\"name\":\"Comment\",\"target\":[\"https:\\\/\\\/l21.mx\\\/?p=43531#respond\"]}]},{\"@type\":\"WebPage\",\"@id\":\"https:\\\/\\\/l21.mx\\\/?p=43531\",\"url\":\"https:\\\/\\\/l21.mx\\\/?p=43531\",\"name\":\"Tributo a un viento que dej\u00f3 sombra | Revista Latitud 21\",\"isPartOf\":{\"@id\":\"https:\\\/\\\/l21.mx\\\/#website\"},\"datePublished\":\"2020-08-01T17:08:02+00:00\",\"dateModified\":\"2020-08-01T17:08:10+00:00\",\"description\":\"L21, Emprendedores y Negocios en el Caribe Mexicano, es la revista l\u00edder entre el Sector Empresarial y Tur\u00edstico del Caribe Mexicano.\",\"breadcrumb\":{\"@id\":\"https:\\\/\\\/l21.mx\\\/?p=43531#breadcrumb\"},\"inLanguage\":\"es\",\"potentialAction\":[{\"@type\":\"ReadAction\",\"target\":[\"https:\\\/\\\/l21.mx\\\/?p=43531\"]}]},{\"@type\":\"BreadcrumbList\",\"@id\":\"https:\\\/\\\/l21.mx\\\/?p=43531#breadcrumb\",\"itemListElement\":[{\"@type\":\"ListItem\",\"position\":1,\"name\":\"Portada\",\"item\":\"https:\\\/\\\/l21.mx\\\/\"},{\"@type\":\"ListItem\",\"position\":2,\"name\":\"Tributo a un viento que dej\u00f3 sombra\"}]},{\"@type\":\"WebSite\",\"@id\":\"https:\\\/\\\/l21.mx\\\/#website\",\"url\":\"https:\\\/\\\/l21.mx\\\/\",\"name\":\"Revista Latitud 21\",\"description\":\"Emprendedores  y negocios en el Caribe Mexicano\",\"publisher\":{\"@id\":\"https:\\\/\\\/l21.mx\\\/#organization\"},\"potentialAction\":[{\"@type\":\"SearchAction\",\"target\":{\"@type\":\"EntryPoint\",\"urlTemplate\":\"https:\\\/\\\/l21.mx\\\/?s={search_term_string}\"},\"query-input\":{\"@type\":\"PropertyValueSpecification\",\"valueRequired\":true,\"valueName\":\"search_term_string\"}}],\"inLanguage\":\"es\"},{\"@type\":\"Organization\",\"@id\":\"https:\\\/\\\/l21.mx\\\/#organization\",\"name\":\"Grupo Editorial Latitud 21 SA de CV\",\"url\":\"https:\\\/\\\/l21.mx\\\/\",\"logo\":{\"@type\":\"ImageObject\",\"inLanguage\":\"es\",\"@id\":\"https:\\\/\\\/l21.mx\\\/#\\\/schema\\\/logo\\\/image\\\/\",\"url\":\"https:\\\/\\\/l21.mx\\\/wp-content\\\/uploads\\\/2020\\\/10\\\/logo-l21-baja.jpg\",\"contentUrl\":\"https:\\\/\\\/l21.mx\\\/wp-content\\\/uploads\\\/2020\\\/10\\\/logo-l21-baja.jpg\",\"width\":250,\"height\":250,\"caption\":\"Grupo Editorial Latitud 21 SA de CV\"},\"image\":{\"@id\":\"https:\\\/\\\/l21.mx\\\/#\\\/schema\\\/logo\\\/image\\\/\"},\"sameAs\":[\"https:\\\/\\\/www.facebook.com\\\/RevistaLatitud21\\\/\",\"https:\\\/\\\/x.com\\\/Latitud21mx\"]},{\"@type\":\"Person\",\"@id\":\"https:\\\/\\\/l21.mx\\\/#\\\/schema\\\/person\\\/b3cb342bb947a88e1fc27e05770479da\",\"name\":\"ahernandez@latitud21.com.mx\",\"url\":\"https:\\\/\\\/l21.mx\\\/?author=95\"}]}<\/script>\n<!-- \/ Yoast SEO plugin. -->","yoast_head_json":{"title":"Tributo a un viento que dej\u00f3 sombra | Revista Latitud 21","description":"L21, Emprendedores y Negocios en el Caribe Mexicano, es la revista l\u00edder entre el Sector Empresarial y Tur\u00edstico del Caribe Mexicano.","robots":{"index":"index","follow":"follow","max-snippet":"max-snippet:-1","max-image-preview":"max-image-preview:large","max-video-preview":"max-video-preview:-1"},"canonical":"https:\/\/l21.mx\/?p=43531","twitter_card":"summary_large_image","twitter_title":"Tributo a un viento que dej\u00f3 sombra | Revista Latitud 21","twitter_description":"L21, Emprendedores y Negocios en el Caribe Mexicano, es la revista l\u00edder entre el Sector Empresarial y Tur\u00edstico del Caribe Mexicano.","twitter_creator":"@Latitud21mx","twitter_site":"@Latitud21mx","twitter_misc":{"Escrito por":"ahernandez@latitud21.com.mx","Tiempo de lectura":"3 minutos"},"schema":{"@context":"https:\/\/schema.org","@graph":[{"@type":"Article","@id":"https:\/\/l21.mx\/?p=43531#article","isPartOf":{"@id":"https:\/\/l21.mx\/?p=43531"},"author":{"name":"ahernandez@latitud21.com.mx","@id":"https:\/\/l21.mx\/#\/schema\/person\/b3cb342bb947a88e1fc27e05770479da"},"headline":"Tributo a un viento que dej\u00f3 sombra","datePublished":"2020-08-01T17:08:02+00:00","dateModified":"2020-08-01T17:08:10+00:00","mainEntityOfPage":{"@id":"https:\/\/l21.mx\/?p=43531"},"wordCount":511,"commentCount":0,"publisher":{"@id":"https:\/\/l21.mx\/#organization"},"articleSection":["Inna German G\u00f3mez"],"inLanguage":"es","potentialAction":[{"@type":"CommentAction","name":"Comment","target":["https:\/\/l21.mx\/?p=43531#respond"]}]},{"@type":"WebPage","@id":"https:\/\/l21.mx\/?p=43531","url":"https:\/\/l21.mx\/?p=43531","name":"Tributo a un viento que dej\u00f3 sombra | Revista Latitud 21","isPartOf":{"@id":"https:\/\/l21.mx\/#website"},"datePublished":"2020-08-01T17:08:02+00:00","dateModified":"2020-08-01T17:08:10+00:00","description":"L21, Emprendedores y Negocios en el Caribe Mexicano, es la revista l\u00edder entre el Sector Empresarial y Tur\u00edstico del Caribe Mexicano.","breadcrumb":{"@id":"https:\/\/l21.mx\/?p=43531#breadcrumb"},"inLanguage":"es","potentialAction":[{"@type":"ReadAction","target":["https:\/\/l21.mx\/?p=43531"]}]},{"@type":"BreadcrumbList","@id":"https:\/\/l21.mx\/?p=43531#breadcrumb","itemListElement":[{"@type":"ListItem","position":1,"name":"Portada","item":"https:\/\/l21.mx\/"},{"@type":"ListItem","position":2,"name":"Tributo a un viento que dej\u00f3 sombra"}]},{"@type":"WebSite","@id":"https:\/\/l21.mx\/#website","url":"https:\/\/l21.mx\/","name":"Revista Latitud 21","description":"Emprendedores  y negocios en el Caribe Mexicano","publisher":{"@id":"https:\/\/l21.mx\/#organization"},"potentialAction":[{"@type":"SearchAction","target":{"@type":"EntryPoint","urlTemplate":"https:\/\/l21.mx\/?s={search_term_string}"},"query-input":{"@type":"PropertyValueSpecification","valueRequired":true,"valueName":"search_term_string"}}],"inLanguage":"es"},{"@type":"Organization","@id":"https:\/\/l21.mx\/#organization","name":"Grupo Editorial Latitud 21 SA de CV","url":"https:\/\/l21.mx\/","logo":{"@type":"ImageObject","inLanguage":"es","@id":"https:\/\/l21.mx\/#\/schema\/logo\/image\/","url":"https:\/\/l21.mx\/wp-content\/uploads\/2020\/10\/logo-l21-baja.jpg","contentUrl":"https:\/\/l21.mx\/wp-content\/uploads\/2020\/10\/logo-l21-baja.jpg","width":250,"height":250,"caption":"Grupo Editorial Latitud 21 SA de CV"},"image":{"@id":"https:\/\/l21.mx\/#\/schema\/logo\/image\/"},"sameAs":["https:\/\/www.facebook.com\/RevistaLatitud21\/","https:\/\/x.com\/Latitud21mx"]},{"@type":"Person","@id":"https:\/\/l21.mx\/#\/schema\/person\/b3cb342bb947a88e1fc27e05770479da","name":"ahernandez@latitud21.com.mx","url":"https:\/\/l21.mx\/?author=95"}]}},"amp_enabled":true,"_links":{"self":[{"href":"https:\/\/l21.mx\/index.php?rest_route=\/wp\/v2\/posts\/43531","targetHints":{"allow":["GET"]}}],"collection":[{"href":"https:\/\/l21.mx\/index.php?rest_route=\/wp\/v2\/posts"}],"about":[{"href":"https:\/\/l21.mx\/index.php?rest_route=\/wp\/v2\/types\/post"}],"author":[{"embeddable":true,"href":"https:\/\/l21.mx\/index.php?rest_route=\/wp\/v2\/users\/95"}],"replies":[{"embeddable":true,"href":"https:\/\/l21.mx\/index.php?rest_route=%2Fwp%2Fv2%2Fcomments&post=43531"}],"version-history":[{"count":1,"href":"https:\/\/l21.mx\/index.php?rest_route=\/wp\/v2\/posts\/43531\/revisions"}],"predecessor-version":[{"id":43532,"href":"https:\/\/l21.mx\/index.php?rest_route=\/wp\/v2\/posts\/43531\/revisions\/43532"}],"wp:attachment":[{"href":"https:\/\/l21.mx\/index.php?rest_route=%2Fwp%2Fv2%2Fmedia&parent=43531"}],"wp:term":[{"taxonomy":"category","embeddable":true,"href":"https:\/\/l21.mx\/index.php?rest_route=%2Fwp%2Fv2%2Fcategories&post=43531"},{"taxonomy":"post_tag","embeddable":true,"href":"https:\/\/l21.mx\/index.php?rest_route=%2Fwp%2Fv2%2Ftags&post=43531"}],"curies":[{"name":"wp","href":"https:\/\/api.w.org\/{rel}","templated":true}]}}