{"id":4363,"date":"2013-08-30T10:27:18","date_gmt":"2013-08-30T15:27:18","guid":{"rendered":"http:\/\/innovatori.space\/lat21\/?p=4363"},"modified":"2013-08-30T10:27:18","modified_gmt":"2013-08-30T15:27:18","slug":"conferencia-sobre-gestion-publica-ambiental","status":"publish","type":"post","link":"https:\/\/l21.mx\/?p=4363","title":{"rendered":"Conferencia sobre Gesti\u00f3n P\u00fablica Ambiental"},"content":{"rendered":"<p><strong><a href=\"http:\/\/l21.mx\/wp-content\/uploads\/2013\/08\/CONFERENCIA-ANAHUAC.jpg\" data-rel=\"penci-gallery-image-content\" ><img fetchpriority=\"high\" decoding=\"async\" class=\"alignleft size-medium wp-image-4365\" title=\"CONFERENCIA ANAHUAC\" src=\"http:\/\/l21.mx\/wp-content\/uploads\/2013\/08\/CONFERENCIA-ANAHUAC-300x200.jpg\" alt=\"\" width=\"300\" height=\"200\" srcset=\"https:\/\/l21.mx\/wp-content\/uploads\/2013\/08\/CONFERENCIA-ANAHUAC-300x200.jpg 300w, https:\/\/l21.mx\/wp-content\/uploads\/2013\/08\/CONFERENCIA-ANAHUAC-1024x683.jpg 1024w, https:\/\/l21.mx\/wp-content\/uploads\/2013\/08\/CONFERENCIA-ANAHUAC-768x512.jpg 768w, https:\/\/l21.mx\/wp-content\/uploads\/2013\/08\/CONFERENCIA-ANAHUAC-1536x1024.jpg 1536w, https:\/\/l21.mx\/wp-content\/uploads\/2013\/08\/CONFERENCIA-ANAHUAC-2048x1365.jpg 2048w, https:\/\/l21.mx\/wp-content\/uploads\/2013\/08\/CONFERENCIA-ANAHUAC-1920x1280.jpg 1920w, https:\/\/l21.mx\/wp-content\/uploads\/2013\/08\/CONFERENCIA-ANAHUAC-1170x780.jpg 1170w, https:\/\/l21.mx\/wp-content\/uploads\/2013\/08\/CONFERENCIA-ANAHUAC-585x390.jpg 585w, https:\/\/l21.mx\/wp-content\/uploads\/2013\/08\/CONFERENCIA-ANAHUAC-263x175.jpg 263w\" sizes=\"(max-width: 300px) 100vw, 300px\" \/><\/a>Qu\u00e9: <span style=\"color: #993300;\">Conferencia sobre Gesti\u00f3n P\u00fablica Ambiental<\/span><\/strong><\/p>\n<p>&nbsp;<\/p>\n<p><strong>D\u00f3nde: <span style=\"color: #993300;\">Universidad An\u00e1huac Canc\u00fan\u00a0<\/span><\/strong><\/p>\n<p><strong>Cu\u00e1ndo: <span style=\"color: #993300;\">Agosto<\/span><\/strong><\/p>\n<div><\/div>\n<p>El avance logrado con las modificaciones hechas a la Ley General del Equilibrio Ecol\u00f3gico y la Protecci\u00f3n al Medio Ambiente (LGEEPA) fue el tema de la conferencia \u201cActualizaci\u00f3n del Marco Normativo Federal y los nuevos lineamientos en materia de gesti\u00f3n p\u00fablica ambiental\u201d, a cargo de la diputada federal Lourdes L\u00f3pez Moreno, presidenta de la Comisi\u00f3n de Medio Ambiente y Recursos Naturales de la C\u00e1mara de Diputados. El evento se realiz\u00f3 como parte de las actividades de promoci\u00f3n del Centro de Postgrados y Extensi\u00f3n Universitaria de la Universidad An\u00e1huac Canc\u00fan. En su ponencia, la legisladora destac\u00f3, entre otros aspectos, el que la nueva ley obligar\u00eda a las empresas causantes de alg\u00fan da\u00f1o ambiental\u00a0 no solo a pagar la correspondiente multa sino tambi\u00e9n a reparar el da\u00f1o. Y para ello, la Ley de Responsabilidad Social define por primera vez en la historia legislativa lo que es y no es da\u00f1o ambiental y lo que significa el concepto \u201creparar el da\u00f1o\u201d, con todas sus implicaciones. El coloquio, que tuvo una excelente convocatoria, reuni\u00f3 a consultores ambientales, gerentes de operaci\u00f3n de hoteles y representantes de dependencias como la Comisi\u00f3n Nacional de \u00c1reas Nacionales Protegidas (Conanp), al igual que a coordinadores de sustentabilidad y p\u00fablico en general, se\u00f1al\u00f3 Eugenia Sansores, coordinadora de Postgrados de la universidad.<\/p>\n<div>\n<p>[editor]bitacora[\/editor]<\/p>\n<div><\/div>\n<\/div>\n","protected":false},"excerpt":{"rendered":"<p>Qu\u00e9: Conferencia sobre Gesti\u00f3n P\u00fablica Ambiental &nbsp; D\u00f3nde: Universidad An\u00e1huac Canc\u00fan\u00a0 Cu\u00e1ndo: Agosto El avance logrado&hellip;<\/p>\n","protected":false},"author":2,"featured_media":4366,"comment_status":"open","ping_status":"open","sticky":false,"template":"","format":"standard","meta":{"_acf_changed":false,"_lmt_disableupdate":"","_lmt_disable":"","_mbp_gutenberg_autopost":false,"footnotes":""},"categories":[1],"tags":[],"class_list":["post-4363","post","type-post","status-publish","format-standard","has-post-thumbnail","hentry","category-sin-categoria"],"acf":[],"_links":{"self":[{"href":"https:\/\/l21.mx\/index.php?rest_route=\/wp\/v2\/posts\/4363","targetHints":{"allow":["GET"]}}],"collection":[{"href":"https:\/\/l21.mx\/index.php?rest_route=\/wp\/v2\/posts"}],"about":[{"href":"https:\/\/l21.mx\/index.php?rest_route=\/wp\/v2\/types\/post"}],"author":[{"embeddable":true,"href":"https:\/\/l21.mx\/index.php?rest_route=\/wp\/v2\/users\/2"}],"replies":[{"embeddable":true,"href":"https:\/\/l21.mx\/index.php?rest_route=%2Fwp%2Fv2%2Fcomments&post=4363"}],"version-history":[{"count":0,"href":"https:\/\/l21.mx\/index.php?rest_route=\/wp\/v2\/posts\/4363\/revisions"}],"wp:featuredmedia":[{"embeddable":true,"href":"https:\/\/l21.mx\/index.php?rest_route=\/wp\/v2\/media\/4366"}],"wp:attachment":[{"href":"https:\/\/l21.mx\/index.php?rest_route=%2Fwp%2Fv2%2Fmedia&parent=4363"}],"wp:term":[{"taxonomy":"category","embeddable":true,"href":"https:\/\/l21.mx\/index.php?rest_route=%2Fwp%2Fv2%2Fcategories&post=4363"},{"taxonomy":"post_tag","embeddable":true,"href":"https:\/\/l21.mx\/index.php?rest_route=%2Fwp%2Fv2%2Ftags&post=4363"}],"curies":[{"name":"wp","href":"https:\/\/api.w.org\/{rel}","templated":true}]}}