{"id":437,"date":"2012-11-15T23:45:35","date_gmt":"2012-11-15T23:45:35","guid":{"rendered":"http:\/\/innovatori.space\/lat21\/?p=437"},"modified":"2012-11-15T23:45:35","modified_gmt":"2012-11-15T23:45:35","slug":"oasis-recuperandose","status":"publish","type":"post","link":"https:\/\/l21.mx\/?p=437","title":{"rendered":"Oasis recuper\u00e1ndose"},"content":{"rendered":"<p><a href=\"http:\/\/l21.mx\/wp-content\/uploads\/2012\/11\/medium_Oasis_Cancun_6c909256e0b7ba3532f9c952fb5c4963.jpg\" data-rel=\"penci-gallery-image-content\" ><img fetchpriority=\"high\" decoding=\"async\" class=\"alignleft size-full wp-image-438\" title=\"medium_Oasis_Cancun_6c909256e0b7ba3532f9c952fb5c4963\" src=\"http:\/\/l21.mx\/wp-content\/uploads\/2012\/11\/medium_Oasis_Cancun_6c909256e0b7ba3532f9c952fb5c4963.jpg\" alt=\"\" width=\"1180\" height=\"750\" srcset=\"https:\/\/l21.mx\/wp-content\/uploads\/2012\/11\/medium_Oasis_Cancun_6c909256e0b7ba3532f9c952fb5c4963.jpg 1180w, https:\/\/l21.mx\/wp-content\/uploads\/2012\/11\/medium_Oasis_Cancun_6c909256e0b7ba3532f9c952fb5c4963-300x190.jpg 300w, https:\/\/l21.mx\/wp-content\/uploads\/2012\/11\/medium_Oasis_Cancun_6c909256e0b7ba3532f9c952fb5c4963-1024x650.jpg 1024w, https:\/\/l21.mx\/wp-content\/uploads\/2012\/11\/medium_Oasis_Cancun_6c909256e0b7ba3532f9c952fb5c4963-133x85.jpg 133w, https:\/\/l21.mx\/wp-content\/uploads\/2012\/11\/medium_Oasis_Cancun_6c909256e0b7ba3532f9c952fb5c4963-600x381.jpg 600w, https:\/\/l21.mx\/wp-content\/uploads\/2012\/11\/medium_Oasis_Cancun_6c909256e0b7ba3532f9c952fb5c4963-167x106.jpg 167w, https:\/\/l21.mx\/wp-content\/uploads\/2012\/11\/medium_Oasis_Cancun_6c909256e0b7ba3532f9c952fb5c4963-80x50.jpg 80w\" sizes=\"(max-width: 1180px) 100vw, 1180px\" \/><\/a><\/p>\n<p>La cadena espa\u00f1ola Oasis Hotels &amp; Resorts liderada por Pedro Pueyo, abri\u00f3 primera fase de su hotel Oasis Tulum, mientras que el \u00e1rea de lujo estar\u00e1 concluida entre el seis y siete de diciembre. Tras una fuerte inversi\u00f3n en marketing y promoci\u00f3n, Grupo Oasis se prepara para reposicionarse en el Caribe mexicano. El predio de Tulum es el \u00faltimo en este proceso tras la recuperaci\u00f3n de los inmuebles anteriormente en manos de Globalia, de Pepe Hidalgo. El hotel reingresar\u00e1 con 330 cuartos en tres espacios diferentes.<\/p>\n","protected":false},"excerpt":{"rendered":"<p>La cadena espa\u00f1ola Oasis Hotels &amp; Resorts liderada por Pedro Pueyo, abri\u00f3 primera fase de su&hellip;<\/p>\n","protected":false},"author":100,"featured_media":439,"comment_status":"open","ping_status":"open","sticky":false,"template":"","format":"standard","meta":{"_acf_changed":false,"_lmt_disableupdate":"","_lmt_disable":"","_mbp_gutenberg_autopost":false,"footnotes":""},"categories":[1],"tags":[],"class_list":["post-437","post","type-post","status-publish","format-standard","has-post-thumbnail","hentry","category-sin-categoria"],"acf":[],"_links":{"self":[{"href":"https:\/\/l21.mx\/index.php?rest_route=\/wp\/v2\/posts\/437","targetHints":{"allow":["GET"]}}],"collection":[{"href":"https:\/\/l21.mx\/index.php?rest_route=\/wp\/v2\/posts"}],"about":[{"href":"https:\/\/l21.mx\/index.php?rest_route=\/wp\/v2\/types\/post"}],"author":[{"embeddable":true,"href":"https:\/\/l21.mx\/index.php?rest_route=\/wp\/v2\/users\/100"}],"replies":[{"embeddable":true,"href":"https:\/\/l21.mx\/index.php?rest_route=%2Fwp%2Fv2%2Fcomments&post=437"}],"version-history":[{"count":0,"href":"https:\/\/l21.mx\/index.php?rest_route=\/wp\/v2\/posts\/437\/revisions"}],"wp:featuredmedia":[{"embeddable":true,"href":"https:\/\/l21.mx\/index.php?rest_route=\/wp\/v2\/media\/439"}],"wp:attachment":[{"href":"https:\/\/l21.mx\/index.php?rest_route=%2Fwp%2Fv2%2Fmedia&parent=437"}],"wp:term":[{"taxonomy":"category","embeddable":true,"href":"https:\/\/l21.mx\/index.php?rest_route=%2Fwp%2Fv2%2Fcategories&post=437"},{"taxonomy":"post_tag","embeddable":true,"href":"https:\/\/l21.mx\/index.php?rest_route=%2Fwp%2Fv2%2Ftags&post=437"}],"curies":[{"name":"wp","href":"https:\/\/api.w.org\/{rel}","templated":true}]}}