{"id":4377,"date":"2013-08-30T10:45:21","date_gmt":"2013-08-30T15:45:21","guid":{"rendered":"http:\/\/innovatori.space\/lat21\/?p=4377"},"modified":"2013-08-30T10:45:21","modified_gmt":"2013-08-30T15:45:21","slug":"%e2%86%91%e2%86%91-restaurante-bar-el-pabilo","status":"publish","type":"post","link":"https:\/\/l21.mx\/?p=4377","title":{"rendered":"\u2191\u2191  Restaurante-bar El Pabilo"},"content":{"rendered":"<p><strong><a href=\"http:\/\/l21.mx\/wp-content\/uploads\/2013\/08\/EL-PABILO-1.jpg\" data-rel=\"penci-gallery-image-content\" ><img fetchpriority=\"high\" decoding=\"async\" class=\"alignleft size-medium wp-image-4378\" title=\"EL PABILO (1)\" src=\"http:\/\/l21.mx\/wp-content\/uploads\/2013\/08\/EL-PABILO-1-300x199.jpg\" alt=\"\" width=\"300\" height=\"199\" srcset=\"https:\/\/l21.mx\/wp-content\/uploads\/2013\/08\/EL-PABILO-1-300x199.jpg 300w, https:\/\/l21.mx\/wp-content\/uploads\/2013\/08\/EL-PABILO-1-1024x680.jpg 1024w, https:\/\/l21.mx\/wp-content\/uploads\/2013\/08\/EL-PABILO-1-768x510.jpg 768w, https:\/\/l21.mx\/wp-content\/uploads\/2013\/08\/EL-PABILO-1-1536x1020.jpg 1536w, https:\/\/l21.mx\/wp-content\/uploads\/2013\/08\/EL-PABILO-1-2048x1360.jpg 2048w, https:\/\/l21.mx\/wp-content\/uploads\/2013\/08\/EL-PABILO-1-1920x1275.jpg 1920w, https:\/\/l21.mx\/wp-content\/uploads\/2013\/08\/EL-PABILO-1-1170x777.jpg 1170w, https:\/\/l21.mx\/wp-content\/uploads\/2013\/08\/EL-PABILO-1-780x516.jpg 780w, https:\/\/l21.mx\/wp-content\/uploads\/2013\/08\/EL-PABILO-1-585x389.jpg 585w, https:\/\/l21.mx\/wp-content\/uploads\/2013\/08\/EL-PABILO-1-263x175.jpg 263w\" sizes=\"(max-width: 300px) 100vw, 300px\" \/><\/a><br \/>\n<\/strong><\/p>\n<p>Con una nueva administraci\u00f3n integrada por Carla Cruz, Pablo Escutia, Mauricio Beltr\u00e1n y Ernesto Hern\u00e1ndez reabre sus puertas el restaurante-bar El Pabilo, en el hotel Xbalamqu\u00e9, como una plataforma abierta a la cultura. La \u00a0 m\u00fasica en vivo se mezcla con el arte a trav\u00e9s de exposiciones, pintura, fotograf\u00eda, lectura, escultura, cine club de arte y gastronom\u00eda. Superficie, 450 m2 incluyendo la terraza, cine y el sal\u00f3n para eventos privados. Capacidad, 85 pax. Genera nueve empleos directos y 30 indirectos. Av. Yaxchil\u00e1n No. 31, SM 22, Mza. 18. Tel. 884-49-49,\u00a0 elnuevopabilo@gmail.com. Facebook: el pabilo.<\/p>\n<div>\n<p>[editor]sube-y-baja[\/editor]<\/p>\n<div><\/div>\n<\/div>\n","protected":false},"excerpt":{"rendered":"<p>Con una nueva administraci\u00f3n integrada por Carla Cruz, Pablo Escutia, Mauricio Beltr\u00e1n y Ernesto Hern\u00e1ndez reabre&hellip;<\/p>\n","protected":false},"author":2,"featured_media":4379,"comment_status":"open","ping_status":"open","sticky":false,"template":"","format":"standard","meta":{"_acf_changed":false,"_lmt_disableupdate":"","_lmt_disable":"","_mbp_gutenberg_autopost":false,"footnotes":""},"categories":[10],"tags":[],"class_list":["post-4377","post","type-post","status-publish","format-standard","has-post-thumbnail","hentry","category-sube-y-baja"],"acf":[],"_links":{"self":[{"href":"https:\/\/l21.mx\/index.php?rest_route=\/wp\/v2\/posts\/4377","targetHints":{"allow":["GET"]}}],"collection":[{"href":"https:\/\/l21.mx\/index.php?rest_route=\/wp\/v2\/posts"}],"about":[{"href":"https:\/\/l21.mx\/index.php?rest_route=\/wp\/v2\/types\/post"}],"author":[{"embeddable":true,"href":"https:\/\/l21.mx\/index.php?rest_route=\/wp\/v2\/users\/2"}],"replies":[{"embeddable":true,"href":"https:\/\/l21.mx\/index.php?rest_route=%2Fwp%2Fv2%2Fcomments&post=4377"}],"version-history":[{"count":0,"href":"https:\/\/l21.mx\/index.php?rest_route=\/wp\/v2\/posts\/4377\/revisions"}],"wp:featuredmedia":[{"embeddable":true,"href":"https:\/\/l21.mx\/index.php?rest_route=\/wp\/v2\/media\/4379"}],"wp:attachment":[{"href":"https:\/\/l21.mx\/index.php?rest_route=%2Fwp%2Fv2%2Fmedia&parent=4377"}],"wp:term":[{"taxonomy":"category","embeddable":true,"href":"https:\/\/l21.mx\/index.php?rest_route=%2Fwp%2Fv2%2Fcategories&post=4377"},{"taxonomy":"post_tag","embeddable":true,"href":"https:\/\/l21.mx\/index.php?rest_route=%2Fwp%2Fv2%2Ftags&post=4377"}],"curies":[{"name":"wp","href":"https:\/\/api.w.org\/{rel}","templated":true}]}}