{"id":43868,"date":"2020-09-01T12:53:49","date_gmt":"2020-09-01T17:53:49","guid":{"rendered":"https:\/\/l21.mx\/?p=43868"},"modified":"2020-09-01T12:53:50","modified_gmt":"2020-09-01T17:53:50","slug":"optimismo-empresarial","status":"publish","type":"post","link":"https:\/\/l21.mx\/?p=43868","title":{"rendered":"Optimismo empresarial"},"content":{"rendered":"\n<p class=\"wp-block-paragraph\"><strong>Signos de recuperaci\u00f3n dan confianza a la iniciativa privada en Quintana Roo, pues la llegada de m\u00e1s paseantes favorecer\u00e1 la reapertura de negocios y aumento de consumo<\/strong><br><\/p>\n\n\n\n<div class=\"wp-block-image\"><figure class=\"alignleft size-large\"><img decoding=\"async\" width=\"167\" height=\"96\" src=\"https:\/\/l21.mx\/wp-content\/uploads\/2020\/09\/Captura-de-pantalla-2020-09-01-a-las-12.53.11.png\" alt=\"\" class=\"wp-image-43870\"\/><\/figure><\/div>\n\n\n\n<p class=\"wp-block-paragraph\">Que el Aeropuerto Internacional de Canc\u00fan se mantenga las \u00faltimas semanas con un promedio de 200 operaciones programadas cada d\u00eda y que la ocupaci\u00f3n hotelera sea sostenida en porcentajes por arriba de 25 por ciento, son respiros para el sector empresarial en Quintana Roo.<\/p>\n\n\n\n<p class=\"wp-block-paragraph\">El Consejo Coordinador Empresarial (CCE) del Caribe, representado por Iv\u00e1n Ferrat Mancera, ve con buenos ojos la probabilidad de que de un momento a otro el estado cambie a amarillo en el Sem\u00e1foro de Riesgo Epidemiol\u00f3gico, gracias a que, seg\u00fan las autoridades, se ha podido contener la propagaci\u00f3n de la pandemia a un ritmo que se garantiza la atenci\u00f3n hospitalaria.<\/p>\n\n\n\n<p class=\"wp-block-paragraph\">Adem\u00e1s, conf\u00eda que con el pr\u00f3ximo lanzamiento de una convocatoria para atraer inversi\u00f3n que promueva la diversificaci\u00f3n econ\u00f3mica de la entidad, el panorama se ampl\u00ede y el sector empresarial tenga m\u00e1s herramientas para la recuperaci\u00f3n.&nbsp;<\/p>\n\n\n\n<p class=\"wp-block-paragraph\">La convocatoria saldr\u00e1 este mes y con ella buscar\u00e1n atraer inversionistas para proyectos diferentes al turismo.<\/p>\n\n\n\n<p class=\"wp-block-paragraph\">El dirigente empresarial reconoci\u00f3 la estrategia paulatina y gradual de reapertura de actividades que plane\u00f3 el gobierno estatal, lo que ha permitido que desde el 8 de junio cuando reabrieron algunos sectores, se haya empezado a notar la recuperaci\u00f3n de empleos.<\/p>\n\n\n\n<p class=\"wp-block-paragraph\">Por otro lado, Ferrat Mancera considera que el hecho de que a nivel nacional e internacional haya muchos proyectos de vacunas contra el Covid-19 en etapas avanzadas, brinda optimismo de que las condiciones mejoren m\u00e1s pronto de lo que se especulaba al principio.&nbsp;<\/p>\n\n\n\n<p class=\"wp-block-paragraph\">Sin embargo, reiter\u00f3 que hay que continuar siguiendo las medidas sanitarias y cumpliendo con todos los protocolos, independientemente del giro del negocio.&nbsp;<\/p>\n\n\n\n<p class=\"wp-block-paragraph\">La labor de orientaci\u00f3n y recordatorio a todos los colaboradores debe continuar cada d\u00eda, subray\u00f3, para que no se olviden del lavado de manos continuo, el uso de gel antibacterial y cubrebocas, as\u00ed como mantener la \u201csana distancia\u201d. &nbsp;<\/p>\n\n\n\n<p class=\"wp-block-paragraph\"><strong>Presionan por un mejor&nbsp;<\/strong><\/p>\n\n\n\n<p class=\"wp-block-paragraph\"><strong>servicio de basura<\/strong><\/p>\n\n\n\n<p class=\"wp-block-paragraph\">Por otro lado, el CCE del Caribe, junto con el Comit\u00e9 de Participaci\u00f3n Ciudadana (Cpcqroo) y la Asociaci\u00f3n de Hoteles de Canc\u00fan, Puerto Morelos &amp; Isla Mujeres, pugnaron por emplazar al Ayuntamiento de Benito Ju\u00e1rez para que no ejerza los 99.5 millones de pesos que aprob\u00f3 el Cabildo a favor de Soluci\u00f3n Integral de Residuos S\u00f3lidos (Siresol) para solucionar el problema de la basura.<\/p>\n\n\n\n<p class=\"wp-block-paragraph\">Lo recomendable, se\u00f1alan, es que hasta que la ciudadan\u00eda tenga una \u201crespuesta clara, total, entendible y transparente\u201d, estos recursos no sean aplicados.<\/p>\n\n\n\n<p class=\"wp-block-paragraph\">Piden adem\u00e1s que se publique la documentaci\u00f3n respecto a la actual contrataci\u00f3n del servicio p\u00fablico de limpia y disposici\u00f3n final de residuos s\u00f3lidos.<br><\/p>\n","protected":false},"excerpt":{"rendered":"<p>Signos de recuperaci\u00f3n dan confianza a la iniciativa privada en Quintana Roo, pues la llegada de&hellip;<\/p>\n","protected":false},"author":95,"featured_media":43869,"comment_status":"open","ping_status":"open","sticky":false,"template":"","format":"standard","meta":{"_acf_changed":false,"_lmt_disableupdate":"","_lmt_disable":"","_mbp_gutenberg_autopost":false,"footnotes":""},"categories":[4],"tags":[],"class_list":["post-43868","post","type-post","status-publish","format-standard","has-post-thumbnail","hentry","category-empresas-y-negocios"],"acf":[],"_links":{"self":[{"href":"https:\/\/l21.mx\/index.php?rest_route=\/wp\/v2\/posts\/43868","targetHints":{"allow":["GET"]}}],"collection":[{"href":"https:\/\/l21.mx\/index.php?rest_route=\/wp\/v2\/posts"}],"about":[{"href":"https:\/\/l21.mx\/index.php?rest_route=\/wp\/v2\/types\/post"}],"author":[{"embeddable":true,"href":"https:\/\/l21.mx\/index.php?rest_route=\/wp\/v2\/users\/95"}],"replies":[{"embeddable":true,"href":"https:\/\/l21.mx\/index.php?rest_route=%2Fwp%2Fv2%2Fcomments&post=43868"}],"version-history":[{"count":0,"href":"https:\/\/l21.mx\/index.php?rest_route=\/wp\/v2\/posts\/43868\/revisions"}],"wp:featuredmedia":[{"embeddable":true,"href":"https:\/\/l21.mx\/index.php?rest_route=\/wp\/v2\/media\/43869"}],"wp:attachment":[{"href":"https:\/\/l21.mx\/index.php?rest_route=%2Fwp%2Fv2%2Fmedia&parent=43868"}],"wp:term":[{"taxonomy":"category","embeddable":true,"href":"https:\/\/l21.mx\/index.php?rest_route=%2Fwp%2Fv2%2Fcategories&post=43868"},{"taxonomy":"post_tag","embeddable":true,"href":"https:\/\/l21.mx\/index.php?rest_route=%2Fwp%2Fv2%2Ftags&post=43868"}],"curies":[{"name":"wp","href":"https:\/\/api.w.org\/{rel}","templated":true}]}}