{"id":44034,"date":"2020-10-16T10:05:00","date_gmt":"2020-10-16T15:05:00","guid":{"rendered":"https:\/\/l21.mx\/?p=44034"},"modified":"2020-10-01T10:08:24","modified_gmt":"2020-10-01T15:08:24","slug":"5-expos-en-uno","status":"publish","type":"post","link":"https:\/\/l21.mx\/?p=44034","title":{"rendered":"5 expos en uno"},"content":{"rendered":"\n<p class=\"wp-block-paragraph\"><\/p>\n\n\n\n<p class=\"wp-block-paragraph\">\u2022 22 de Octubre \u2022 Debido al confinamiento y la Sana Distancia, cinco eventos tendr\u00e1n como sede el World Trade Center de la Ciudad de M\u00e9xico: Expo Caf\u00e9, Sal\u00f3n Chocolate, Gourmet Show, Pescamar y Expo Restaurantes. Durante tres d\u00edas se llevar\u00e1n a cabo estos importantes foros para la industria de alimentos y bebidas.\u00a0<\/p>\n\n\n\n<p class=\"wp-block-paragraph\">El programa incluye talleres y conferencias, con el fin de hacer un espacio id\u00f3neo para reactivar la din\u00e1mica del sector, pues est\u00e1 dirigido a cafeter\u00edas, tiendas gourmet, restaurantes, bistr\u00f3s, tiendas especializadas, hoteles, comida r\u00e1pida, banqueteros y chefs, comedores industriales, clubes deportivos,<em> brokers,<\/em> productores, distribuidores, mayoristas, importadores y exportadores, entre otros.<\/p>\n\n\n\n<figure class=\"wp-block-embed\"><div class=\"wp-block-embed__wrapper\">\n<blockquote class=\"wp-embedded-content\" data-secret=\"FjsY4pvgAX\"><a href=\"https:\/\/www.expocafe.mx\/\" target=\"_blank\" rel=\"noopener\">Inicio<\/a><\/blockquote><iframe class=\"wp-embedded-content\" sandbox=\"allow-scripts\" security=\"restricted\" style=\"position: absolute; clip: rect(1px, 1px, 1px, 1px);\" title=\"&#8220;Inicio&#8221; &#8212; Expo Caf\u00e9 - El evento m\u00e1s importante de caf\u00e9 en M\u00e9xico\" src=\"https:\/\/www.expocafe.mx\/embed\/#?secret=FjsY4pvgAX\" data-secret=\"FjsY4pvgAX\" width=\"600\" height=\"338\" frameborder=\"0\" marginwidth=\"0\" marginheight=\"0\" scrolling=\"no\"><\/iframe>\n<\/div><\/figure>\n","protected":false},"excerpt":{"rendered":"<p>\u2022 22 de Octubre \u2022 Debido al confinamiento y la Sana Distancia, cinco eventos tendr\u00e1n como&hellip;<\/p>\n","protected":false},"author":95,"featured_media":44035,"comment_status":"open","ping_status":"open","sticky":false,"template":"","format":"standard","meta":{"_acf_changed":false,"_lmt_disableupdate":"","_lmt_disable":"","_mbp_gutenberg_autopost":false,"footnotes":""},"categories":[476],"tags":[],"class_list":["post-44034","post","type-post","status-publish","format-standard","has-post-thumbnail","hentry","category-agenda"],"acf":[],"_links":{"self":[{"href":"https:\/\/l21.mx\/index.php?rest_route=\/wp\/v2\/posts\/44034","targetHints":{"allow":["GET"]}}],"collection":[{"href":"https:\/\/l21.mx\/index.php?rest_route=\/wp\/v2\/posts"}],"about":[{"href":"https:\/\/l21.mx\/index.php?rest_route=\/wp\/v2\/types\/post"}],"author":[{"embeddable":true,"href":"https:\/\/l21.mx\/index.php?rest_route=\/wp\/v2\/users\/95"}],"replies":[{"embeddable":true,"href":"https:\/\/l21.mx\/index.php?rest_route=%2Fwp%2Fv2%2Fcomments&post=44034"}],"version-history":[{"count":0,"href":"https:\/\/l21.mx\/index.php?rest_route=\/wp\/v2\/posts\/44034\/revisions"}],"wp:featuredmedia":[{"embeddable":true,"href":"https:\/\/l21.mx\/index.php?rest_route=\/wp\/v2\/media\/44035"}],"wp:attachment":[{"href":"https:\/\/l21.mx\/index.php?rest_route=%2Fwp%2Fv2%2Fmedia&parent=44034"}],"wp:term":[{"taxonomy":"category","embeddable":true,"href":"https:\/\/l21.mx\/index.php?rest_route=%2Fwp%2Fv2%2Fcategories&post=44034"},{"taxonomy":"post_tag","embeddable":true,"href":"https:\/\/l21.mx\/index.php?rest_route=%2Fwp%2Fv2%2Ftags&post=44034"}],"curies":[{"name":"wp","href":"https:\/\/api.w.org\/{rel}","templated":true}]}}