{"id":4408,"date":"2013-08-30T11:13:01","date_gmt":"2013-08-30T16:13:01","guid":{"rendered":"http:\/\/innovatori.space\/lat21\/?p=4408"},"modified":"2013-08-30T11:13:01","modified_gmt":"2013-08-30T16:13:01","slug":"%e2%86%91%e2%86%91-centro-de-atencion-a-clientes-telcel","status":"publish","type":"post","link":"https:\/\/l21.mx\/?p=4408","title":{"rendered":"\u2191\u2191  Centro de Atenci\u00f3n a Clientes Telcel"},"content":{"rendered":"<p><a href=\"http:\/\/l21.mx\/wp-content\/uploads\/2013\/08\/TELCEL2.jpg\" data-rel=\"penci-gallery-image-content\" ><img fetchpriority=\"high\" decoding=\"async\" class=\"alignleft size-large wp-image-4410\" title=\"TELCEL\" src=\"http:\/\/l21.mx\/wp-content\/uploads\/2013\/08\/TELCEL2-1024x680.jpg\" alt=\"\" width=\"1024\" height=\"680\" srcset=\"https:\/\/l21.mx\/wp-content\/uploads\/2013\/08\/TELCEL2-1024x680.jpg 1024w, https:\/\/l21.mx\/wp-content\/uploads\/2013\/08\/TELCEL2-300x199.jpg 300w, https:\/\/l21.mx\/wp-content\/uploads\/2013\/08\/TELCEL2-768x510.jpg 768w, https:\/\/l21.mx\/wp-content\/uploads\/2013\/08\/TELCEL2-1536x1020.jpg 1536w, https:\/\/l21.mx\/wp-content\/uploads\/2013\/08\/TELCEL2-2048x1360.jpg 2048w, https:\/\/l21.mx\/wp-content\/uploads\/2013\/08\/TELCEL2-1920x1275.jpg 1920w, https:\/\/l21.mx\/wp-content\/uploads\/2013\/08\/TELCEL2-1170x777.jpg 1170w, https:\/\/l21.mx\/wp-content\/uploads\/2013\/08\/TELCEL2-585x389.jpg 585w, https:\/\/l21.mx\/wp-content\/uploads\/2013\/08\/TELCEL2-263x175.jpg 263w\" sizes=\"(max-width: 1024px) 100vw, 1024px\" \/><\/a><\/p>\n<p>Con una inversi\u00f3n estimada en nueve millones de pesos, el consorcio Telcel abri\u00f3 en Canc\u00fan el quinto centro de atenci\u00f3n a clientes, ahora con un nuevo concepto que incluye mesa de experiencia para conocer el equipo antes de la compra o reposici\u00f3n, y en el que representantes de las marcas dan atenci\u00f3n directa al usuario. Superficie, mil 180 m2. Capacidad para atender hasta 400 pax al d\u00eda. Genera m\u00e1s de 50 empleos directos e indirectos. SM 6, Mza. 1, Lte. 1, Unidad Priv. 1, Avenida Bonampak, Plaza Malec\u00f3n Am\u00e9ricas.<\/p>\n<div>\n<p>[editor]sube-y-baja[\/editor]<\/p>\n<\/div>\n","protected":false},"excerpt":{"rendered":"<p>Con una inversi\u00f3n estimada en nueve millones de pesos, el consorcio Telcel abri\u00f3 en Canc\u00fan el&hellip;<\/p>\n","protected":false},"author":2,"featured_media":4410,"comment_status":"open","ping_status":"open","sticky":false,"template":"","format":"standard","meta":{"_acf_changed":false,"_lmt_disableupdate":"","_lmt_disable":"","_mbp_gutenberg_autopost":false,"footnotes":""},"categories":[10],"tags":[],"class_list":["post-4408","post","type-post","status-publish","format-standard","has-post-thumbnail","hentry","category-sube-y-baja"],"acf":[],"_links":{"self":[{"href":"https:\/\/l21.mx\/index.php?rest_route=\/wp\/v2\/posts\/4408","targetHints":{"allow":["GET"]}}],"collection":[{"href":"https:\/\/l21.mx\/index.php?rest_route=\/wp\/v2\/posts"}],"about":[{"href":"https:\/\/l21.mx\/index.php?rest_route=\/wp\/v2\/types\/post"}],"author":[{"embeddable":true,"href":"https:\/\/l21.mx\/index.php?rest_route=\/wp\/v2\/users\/2"}],"replies":[{"embeddable":true,"href":"https:\/\/l21.mx\/index.php?rest_route=%2Fwp%2Fv2%2Fcomments&post=4408"}],"version-history":[{"count":0,"href":"https:\/\/l21.mx\/index.php?rest_route=\/wp\/v2\/posts\/4408\/revisions"}],"wp:featuredmedia":[{"embeddable":true,"href":"https:\/\/l21.mx\/index.php?rest_route=\/wp\/v2\/media\/4410"}],"wp:attachment":[{"href":"https:\/\/l21.mx\/index.php?rest_route=%2Fwp%2Fv2%2Fmedia&parent=4408"}],"wp:term":[{"taxonomy":"category","embeddable":true,"href":"https:\/\/l21.mx\/index.php?rest_route=%2Fwp%2Fv2%2Fcategories&post=4408"},{"taxonomy":"post_tag","embeddable":true,"href":"https:\/\/l21.mx\/index.php?rest_route=%2Fwp%2Fv2%2Ftags&post=4408"}],"curies":[{"name":"wp","href":"https:\/\/api.w.org\/{rel}","templated":true}]}}