{"id":44704,"date":"2021-03-01T11:06:23","date_gmt":"2021-03-01T16:06:23","guid":{"rendered":"https:\/\/l21.mx\/?p=44704"},"modified":"2021-03-01T11:06:23","modified_gmt":"2021-03-01T16:06:23","slug":"tiempo-al-tiempo","status":"publish","type":"post","link":"https:\/\/l21.mx\/?p=44704","title":{"rendered":"Tiempo al tiempo"},"content":{"rendered":"<p>Cumplimos justo un a\u00f1o de que lleg\u00f3 la pandemia al Caribe Mexicano y el vaiv\u00e9n de condiciones al que nos tiene sujetos el SARS-CoV-2 ha provocado reacciones tan diversas, como \u201cnormales\u201d. S\u00ed, la vacunaci\u00f3n va avanzando (no tan r\u00e1pido como quisi\u00e9ramos, pero ah\u00ed va), el Sem\u00e1foro Epidemiol\u00f3gico ha vuelvo a amarillo en Quintana Roo, lo que significa que los contagios si bien no paran, al menos no comprometen la ocupaci\u00f3n hospitalaria; y con ello, la econom\u00eda va reactiv\u00e1ndose poco a poco, para la alegr\u00eda del bolsillo de muchas familias. Es decir, la \u201cnueva normalidad\u201d est\u00e1 caminando, al tiempo que todos nos acostumbramos, nos adaptamos.<span class=\"Apple-converted-space\">\u00a0<\/span><\/p>\n<p>Con un car\u00e1cter cada vez m\u00e1s resiliente, a fuerza del impacto de las crisis, cada quien desde su trinchera y va superando los retos, \u201chaciendo callo\u201d pues. Con esa fortaleza y af\u00e1n de lucha, <b>Pedro Joaqu\u00edn Delbouis<\/b>, protagonista de la portada de esta edici\u00f3n, nos habla de los desaf\u00edos de miles de cozumele\u00f1os ante los embates tanto de la pandemia, como de los huracanes que el a\u00f1o pasado azotaron el destino. Con empuje han sabido sortear, todos juntos, autoridades, ciudadanos e iniciativa privada, las piedras que 2020 y 2021 han presentado en el camino. Por eso, con justa raz\u00f3n, abanderan una nueva lucha, pidiendo al gobierno federal una Ley de Islas para palear un poco los efectos de la emergencia econ\u00f3mica que ha dejado a miles de hogares en situaci\u00f3n cr\u00edtica. Al frente de la alcald\u00eda, Pedro Joaqu\u00edn considera que puede hacer todav\u00eda mucho m\u00e1s por un mejor Cozumel.<span class=\"Apple-converted-space\">\u00a0<\/span><\/p>\n<p>Y de este lado del Caribe Mexicano, en tierra, en el coraz\u00f3n de Canc\u00fan, presentamos una charla con<b> Francisco Medina<\/b>, CEO de Grupo Hotelero Santa Fe, quien nos habl\u00f3 de la nueva apuesta con SLS Canc\u00fan, un exclusivo hotel en la zona de mayor plusval\u00eda en este destino, con el que buscan llevar a otro nivel la atenci\u00f3n en el segmento <i>lifestyle<\/i>.<span class=\"Apple-converted-space\">\u00a0<\/span><\/p>\n<p>Para continuar con las estrategias de reactivaci\u00f3n emprendidas en 2020, c\u00e1maras empresariales ratificaron liderazgos, como <b>Roberto Cintr\u00f3n<\/b>, al frente de la Asociaci\u00f3n de Hoteles de Canc\u00fan, Puerto Morelos e Isla Mujeres; el chef <b>Marcy Bezaleel<\/b> en Canirac y <b>Ari Adler <\/b>en Canadevi. Enhorabuena por ellos y a seguir redoblando esfuerzos por este Quintana Roo que todos queremos ver nuevamente pujante y en los primeros lugares de afluencia tur\u00edstica.<\/p>\n<p>Aplausos para empresas de hospedaje, gastronom\u00eda y los dem\u00e1s giros que con nuevas aperturas siguen apostando su capital a la entidad. Demos tiempo al tiempo mientras continuamos dando nuestro mejor esfuerzo, con responsabilidad, privilegiando la salud individual, que es, a la vez, el bienestar de todos. <span class=\"Apple-converted-space\">\u00a0<\/span><\/p>\n","protected":false},"excerpt":{"rendered":"<p>Cumplimos justo un a\u00f1o de que lleg\u00f3 la pandemia al Caribe Mexicano y el vaiv\u00e9n de&hellip;<\/p>\n","protected":false},"author":95,"featured_media":44545,"comment_status":"closed","ping_status":"closed","sticky":false,"template":"","format":"standard","meta":{"_acf_changed":false,"_lmt_disableupdate":"","_lmt_disable":"","_mbp_gutenberg_autopost":false,"footnotes":""},"categories":[923],"tags":[],"class_list":["post-44704","post","type-post","status-publish","format-standard","has-post-thumbnail","hentry","category-nelly-garcia"],"acf":[],"yoast_head":"<!-- This site is optimized with the Yoast SEO plugin v27.3 - https:\/\/yoast.com\/product\/yoast-seo-wordpress\/ -->\n<title>Tiempo al tiempo | Revista Latitud 21<\/title>\n<meta name=\"description\" content=\"L21, Emprendedores y Negocios en el Caribe Mexicano, es la revista l\u00edder entre el Sector Empresarial y Tur\u00edstico del Caribe Mexicano.\" \/>\n<meta name=\"robots\" content=\"index, follow, max-snippet:-1, max-image-preview:large, max-video-preview:-1\" \/>\n<link rel=\"canonical\" href=\"https:\/\/l21.mx\/?p=44704\" \/>\n<meta name=\"twitter:card\" content=\"summary_large_image\" \/>\n<meta name=\"twitter:title\" content=\"Tiempo al tiempo | Revista Latitud 21\" \/>\n<meta name=\"twitter:description\" content=\"L21, Emprendedores y Negocios en el Caribe Mexicano, es la revista l\u00edder entre el Sector Empresarial y Tur\u00edstico del Caribe Mexicano.\" \/>\n<meta name=\"twitter:image\" content=\"https:\/\/l21.mx\/wp-content\/uploads\/2021\/02\/Nelly-3.jpg\" \/>\n<meta name=\"twitter:creator\" content=\"@Latitud21mx\" \/>\n<meta name=\"twitter:site\" content=\"@Latitud21mx\" \/>\n<meta name=\"twitter:label1\" content=\"Escrito por\" \/>\n\t<meta name=\"twitter:data1\" content=\"ahernandez@latitud21.com.mx\" \/>\n\t<meta name=\"twitter:label2\" content=\"Tiempo de lectura\" \/>\n\t<meta name=\"twitter:data2\" content=\"2 minutos\" \/>\n<script type=\"application\/ld+json\" class=\"yoast-schema-graph\">{\"@context\":\"https:\\\/\\\/schema.org\",\"@graph\":[{\"@type\":\"Article\",\"@id\":\"https:\\\/\\\/l21.mx\\\/?p=44704#article\",\"isPartOf\":{\"@id\":\"https:\\\/\\\/l21.mx\\\/?p=44704\"},\"author\":{\"name\":\"ahernandez@latitud21.com.mx\",\"@id\":\"https:\\\/\\\/l21.mx\\\/#\\\/schema\\\/person\\\/b3cb342bb947a88e1fc27e05770479da\"},\"headline\":\"Tiempo al tiempo\",\"datePublished\":\"2021-03-01T16:06:23+00:00\",\"mainEntityOfPage\":{\"@id\":\"https:\\\/\\\/l21.mx\\\/?p=44704\"},\"wordCount\":469,\"publisher\":{\"@id\":\"https:\\\/\\\/l21.mx\\\/#organization\"},\"image\":{\"@id\":\"https:\\\/\\\/l21.mx\\\/?p=44704#primaryimage\"},\"thumbnailUrl\":\"https:\\\/\\\/l21.mx\\\/wp-content\\\/uploads\\\/2021\\\/02\\\/Nelly-3.jpg\",\"articleSection\":[\"Nelly Garc\u00eda\"],\"inLanguage\":\"es\"},{\"@type\":\"WebPage\",\"@id\":\"https:\\\/\\\/l21.mx\\\/?p=44704\",\"url\":\"https:\\\/\\\/l21.mx\\\/?p=44704\",\"name\":\"Tiempo al tiempo | Revista Latitud 21\",\"isPartOf\":{\"@id\":\"https:\\\/\\\/l21.mx\\\/#website\"},\"primaryImageOfPage\":{\"@id\":\"https:\\\/\\\/l21.mx\\\/?p=44704#primaryimage\"},\"image\":{\"@id\":\"https:\\\/\\\/l21.mx\\\/?p=44704#primaryimage\"},\"thumbnailUrl\":\"https:\\\/\\\/l21.mx\\\/wp-content\\\/uploads\\\/2021\\\/02\\\/Nelly-3.jpg\",\"datePublished\":\"2021-03-01T16:06:23+00:00\",\"description\":\"L21, Emprendedores y Negocios en el Caribe Mexicano, es la revista l\u00edder entre el Sector Empresarial y Tur\u00edstico del Caribe Mexicano.\",\"breadcrumb\":{\"@id\":\"https:\\\/\\\/l21.mx\\\/?p=44704#breadcrumb\"},\"inLanguage\":\"es\",\"potentialAction\":[{\"@type\":\"ReadAction\",\"target\":[\"https:\\\/\\\/l21.mx\\\/?p=44704\"]}]},{\"@type\":\"ImageObject\",\"inLanguage\":\"es\",\"@id\":\"https:\\\/\\\/l21.mx\\\/?p=44704#primaryimage\",\"url\":\"https:\\\/\\\/l21.mx\\\/wp-content\\\/uploads\\\/2021\\\/02\\\/Nelly-3.jpg\",\"contentUrl\":\"https:\\\/\\\/l21.mx\\\/wp-content\\\/uploads\\\/2021\\\/02\\\/Nelly-3.jpg\",\"width\":300,\"height\":326},{\"@type\":\"BreadcrumbList\",\"@id\":\"https:\\\/\\\/l21.mx\\\/?p=44704#breadcrumb\",\"itemListElement\":[{\"@type\":\"ListItem\",\"position\":1,\"name\":\"Portada\",\"item\":\"https:\\\/\\\/l21.mx\\\/\"},{\"@type\":\"ListItem\",\"position\":2,\"name\":\"Tiempo al tiempo\"}]},{\"@type\":\"WebSite\",\"@id\":\"https:\\\/\\\/l21.mx\\\/#website\",\"url\":\"https:\\\/\\\/l21.mx\\\/\",\"name\":\"Revista Latitud 21\",\"description\":\"Emprendedores  y negocios en el Caribe Mexicano\",\"publisher\":{\"@id\":\"https:\\\/\\\/l21.mx\\\/#organization\"},\"potentialAction\":[{\"@type\":\"SearchAction\",\"target\":{\"@type\":\"EntryPoint\",\"urlTemplate\":\"https:\\\/\\\/l21.mx\\\/?s={search_term_string}\"},\"query-input\":{\"@type\":\"PropertyValueSpecification\",\"valueRequired\":true,\"valueName\":\"search_term_string\"}}],\"inLanguage\":\"es\"},{\"@type\":\"Organization\",\"@id\":\"https:\\\/\\\/l21.mx\\\/#organization\",\"name\":\"Grupo Editorial Latitud 21 SA de CV\",\"url\":\"https:\\\/\\\/l21.mx\\\/\",\"logo\":{\"@type\":\"ImageObject\",\"inLanguage\":\"es\",\"@id\":\"https:\\\/\\\/l21.mx\\\/#\\\/schema\\\/logo\\\/image\\\/\",\"url\":\"https:\\\/\\\/l21.mx\\\/wp-content\\\/uploads\\\/2020\\\/10\\\/logo-l21-baja.jpg\",\"contentUrl\":\"https:\\\/\\\/l21.mx\\\/wp-content\\\/uploads\\\/2020\\\/10\\\/logo-l21-baja.jpg\",\"width\":250,\"height\":250,\"caption\":\"Grupo Editorial Latitud 21 SA de CV\"},\"image\":{\"@id\":\"https:\\\/\\\/l21.mx\\\/#\\\/schema\\\/logo\\\/image\\\/\"},\"sameAs\":[\"https:\\\/\\\/www.facebook.com\\\/RevistaLatitud21\\\/\",\"https:\\\/\\\/x.com\\\/Latitud21mx\"]},{\"@type\":\"Person\",\"@id\":\"https:\\\/\\\/l21.mx\\\/#\\\/schema\\\/person\\\/b3cb342bb947a88e1fc27e05770479da\",\"name\":\"ahernandez@latitud21.com.mx\",\"url\":\"https:\\\/\\\/l21.mx\\\/?author=95\"}]}<\/script>\n<!-- \/ Yoast SEO plugin. -->","yoast_head_json":{"title":"Tiempo al tiempo | Revista Latitud 21","description":"L21, Emprendedores y Negocios en el Caribe Mexicano, es la revista l\u00edder entre el Sector Empresarial y Tur\u00edstico del Caribe Mexicano.","robots":{"index":"index","follow":"follow","max-snippet":"max-snippet:-1","max-image-preview":"max-image-preview:large","max-video-preview":"max-video-preview:-1"},"canonical":"https:\/\/l21.mx\/?p=44704","twitter_card":"summary_large_image","twitter_title":"Tiempo al tiempo | Revista Latitud 21","twitter_description":"L21, Emprendedores y Negocios en el Caribe Mexicano, es la revista l\u00edder entre el Sector Empresarial y Tur\u00edstico del Caribe Mexicano.","twitter_image":"https:\/\/l21.mx\/wp-content\/uploads\/2021\/02\/Nelly-3.jpg","twitter_creator":"@Latitud21mx","twitter_site":"@Latitud21mx","twitter_misc":{"Escrito por":"ahernandez@latitud21.com.mx","Tiempo de lectura":"2 minutos"},"schema":{"@context":"https:\/\/schema.org","@graph":[{"@type":"Article","@id":"https:\/\/l21.mx\/?p=44704#article","isPartOf":{"@id":"https:\/\/l21.mx\/?p=44704"},"author":{"name":"ahernandez@latitud21.com.mx","@id":"https:\/\/l21.mx\/#\/schema\/person\/b3cb342bb947a88e1fc27e05770479da"},"headline":"Tiempo al tiempo","datePublished":"2021-03-01T16:06:23+00:00","mainEntityOfPage":{"@id":"https:\/\/l21.mx\/?p=44704"},"wordCount":469,"publisher":{"@id":"https:\/\/l21.mx\/#organization"},"image":{"@id":"https:\/\/l21.mx\/?p=44704#primaryimage"},"thumbnailUrl":"https:\/\/l21.mx\/wp-content\/uploads\/2021\/02\/Nelly-3.jpg","articleSection":["Nelly Garc\u00eda"],"inLanguage":"es"},{"@type":"WebPage","@id":"https:\/\/l21.mx\/?p=44704","url":"https:\/\/l21.mx\/?p=44704","name":"Tiempo al tiempo | Revista Latitud 21","isPartOf":{"@id":"https:\/\/l21.mx\/#website"},"primaryImageOfPage":{"@id":"https:\/\/l21.mx\/?p=44704#primaryimage"},"image":{"@id":"https:\/\/l21.mx\/?p=44704#primaryimage"},"thumbnailUrl":"https:\/\/l21.mx\/wp-content\/uploads\/2021\/02\/Nelly-3.jpg","datePublished":"2021-03-01T16:06:23+00:00","description":"L21, Emprendedores y Negocios en el Caribe Mexicano, es la revista l\u00edder entre el Sector Empresarial y Tur\u00edstico del Caribe Mexicano.","breadcrumb":{"@id":"https:\/\/l21.mx\/?p=44704#breadcrumb"},"inLanguage":"es","potentialAction":[{"@type":"ReadAction","target":["https:\/\/l21.mx\/?p=44704"]}]},{"@type":"ImageObject","inLanguage":"es","@id":"https:\/\/l21.mx\/?p=44704#primaryimage","url":"https:\/\/l21.mx\/wp-content\/uploads\/2021\/02\/Nelly-3.jpg","contentUrl":"https:\/\/l21.mx\/wp-content\/uploads\/2021\/02\/Nelly-3.jpg","width":300,"height":326},{"@type":"BreadcrumbList","@id":"https:\/\/l21.mx\/?p=44704#breadcrumb","itemListElement":[{"@type":"ListItem","position":1,"name":"Portada","item":"https:\/\/l21.mx\/"},{"@type":"ListItem","position":2,"name":"Tiempo al tiempo"}]},{"@type":"WebSite","@id":"https:\/\/l21.mx\/#website","url":"https:\/\/l21.mx\/","name":"Revista Latitud 21","description":"Emprendedores  y negocios en el Caribe Mexicano","publisher":{"@id":"https:\/\/l21.mx\/#organization"},"potentialAction":[{"@type":"SearchAction","target":{"@type":"EntryPoint","urlTemplate":"https:\/\/l21.mx\/?s={search_term_string}"},"query-input":{"@type":"PropertyValueSpecification","valueRequired":true,"valueName":"search_term_string"}}],"inLanguage":"es"},{"@type":"Organization","@id":"https:\/\/l21.mx\/#organization","name":"Grupo Editorial Latitud 21 SA de CV","url":"https:\/\/l21.mx\/","logo":{"@type":"ImageObject","inLanguage":"es","@id":"https:\/\/l21.mx\/#\/schema\/logo\/image\/","url":"https:\/\/l21.mx\/wp-content\/uploads\/2020\/10\/logo-l21-baja.jpg","contentUrl":"https:\/\/l21.mx\/wp-content\/uploads\/2020\/10\/logo-l21-baja.jpg","width":250,"height":250,"caption":"Grupo Editorial Latitud 21 SA de CV"},"image":{"@id":"https:\/\/l21.mx\/#\/schema\/logo\/image\/"},"sameAs":["https:\/\/www.facebook.com\/RevistaLatitud21\/","https:\/\/x.com\/Latitud21mx"]},{"@type":"Person","@id":"https:\/\/l21.mx\/#\/schema\/person\/b3cb342bb947a88e1fc27e05770479da","name":"ahernandez@latitud21.com.mx","url":"https:\/\/l21.mx\/?author=95"}]}},"amp_enabled":true,"_links":{"self":[{"href":"https:\/\/l21.mx\/index.php?rest_route=\/wp\/v2\/posts\/44704","targetHints":{"allow":["GET"]}}],"collection":[{"href":"https:\/\/l21.mx\/index.php?rest_route=\/wp\/v2\/posts"}],"about":[{"href":"https:\/\/l21.mx\/index.php?rest_route=\/wp\/v2\/types\/post"}],"author":[{"embeddable":true,"href":"https:\/\/l21.mx\/index.php?rest_route=\/wp\/v2\/users\/95"}],"replies":[{"embeddable":true,"href":"https:\/\/l21.mx\/index.php?rest_route=%2Fwp%2Fv2%2Fcomments&post=44704"}],"version-history":[{"count":1,"href":"https:\/\/l21.mx\/index.php?rest_route=\/wp\/v2\/posts\/44704\/revisions"}],"predecessor-version":[{"id":44705,"href":"https:\/\/l21.mx\/index.php?rest_route=\/wp\/v2\/posts\/44704\/revisions\/44705"}],"wp:featuredmedia":[{"embeddable":true,"href":"https:\/\/l21.mx\/index.php?rest_route=\/wp\/v2\/media\/44545"}],"wp:attachment":[{"href":"https:\/\/l21.mx\/index.php?rest_route=%2Fwp%2Fv2%2Fmedia&parent=44704"}],"wp:term":[{"taxonomy":"category","embeddable":true,"href":"https:\/\/l21.mx\/index.php?rest_route=%2Fwp%2Fv2%2Fcategories&post=44704"},{"taxonomy":"post_tag","embeddable":true,"href":"https:\/\/l21.mx\/index.php?rest_route=%2Fwp%2Fv2%2Ftags&post=44704"}],"curies":[{"name":"wp","href":"https:\/\/api.w.org\/{rel}","templated":true}]}}