{"id":449,"date":"2012-11-16T00:11:14","date_gmt":"2012-11-16T00:11:14","guid":{"rendered":"http:\/\/innovatori.space\/lat21\/?p=449"},"modified":"2012-11-16T00:17:13","modified_gmt":"2012-11-16T00:17:13","slug":"pirata-fm","status":"publish","type":"post","link":"https:\/\/l21.mx\/?p=449","title":{"rendered":"Pirata FM \u2191\u2191"},"content":{"rendered":"<p><a href=\"http:\/\/l21.mx\/wp-content\/uploads\/2012\/11\/1.1.png\" data-rel=\"penci-gallery-image-content\" ><img fetchpriority=\"high\" decoding=\"async\" class=\"alignleft size-full wp-image-450\" title=\"1.1\" src=\"http:\/\/l21.mx\/wp-content\/uploads\/2012\/11\/1.1.png\" alt=\"\" width=\"985\" height=\"682\" srcset=\"https:\/\/l21.mx\/wp-content\/uploads\/2012\/11\/1.1.png 985w, https:\/\/l21.mx\/wp-content\/uploads\/2012\/11\/1.1-300x207.png 300w, https:\/\/l21.mx\/wp-content\/uploads\/2012\/11\/1.1-122x85.png 122w, https:\/\/l21.mx\/wp-content\/uploads\/2012\/11\/1.1-600x415.png 600w, https:\/\/l21.mx\/wp-content\/uploads\/2012\/11\/1.1-167x115.png 167w, https:\/\/l21.mx\/wp-content\/uploads\/2012\/11\/1.1-80x55.png 80w\" sizes=\"(max-width: 985px) 100vw, 985px\" \/><\/a><\/p>\n<p>Jos\u00e9 Antonio \u00c1lvarez Rasc\u00f3n y Luis Roberto M\u00e1rquez ingresan dos estaciones en Frecuencia Modulada en el dial 99.3 para Canc\u00fan y 106.3 para Playa del Carmen. M\u00fasica en ingl\u00e9s y espa\u00f1ol. Transmite desde un \u00e1rea de 162 m2. Provee empleo directo a 10 personas e indirecto a 35.<\/p>\n<p>Av. Holbox con Av. Kabah, SM<br \/>\n13, Km1, lote 22, local 23. Tel. 802-28-63.<\/p>\n","protected":false},"excerpt":{"rendered":"<p>Jos\u00e9 Antonio \u00c1lvarez Rasc\u00f3n y Luis Roberto M\u00e1rquez ingresan dos estaciones en Frecuencia Modulada en el&hellip;<\/p>\n","protected":false},"author":100,"featured_media":451,"comment_status":"open","ping_status":"open","sticky":false,"template":"","format":"standard","meta":{"_acf_changed":false,"_lmt_disableupdate":"","_lmt_disable":"","_mbp_gutenberg_autopost":false,"footnotes":""},"categories":[10],"tags":[],"class_list":["post-449","post","type-post","status-publish","format-standard","has-post-thumbnail","hentry","category-sube-y-baja"],"acf":[],"_links":{"self":[{"href":"https:\/\/l21.mx\/index.php?rest_route=\/wp\/v2\/posts\/449","targetHints":{"allow":["GET"]}}],"collection":[{"href":"https:\/\/l21.mx\/index.php?rest_route=\/wp\/v2\/posts"}],"about":[{"href":"https:\/\/l21.mx\/index.php?rest_route=\/wp\/v2\/types\/post"}],"author":[{"embeddable":true,"href":"https:\/\/l21.mx\/index.php?rest_route=\/wp\/v2\/users\/100"}],"replies":[{"embeddable":true,"href":"https:\/\/l21.mx\/index.php?rest_route=%2Fwp%2Fv2%2Fcomments&post=449"}],"version-history":[{"count":0,"href":"https:\/\/l21.mx\/index.php?rest_route=\/wp\/v2\/posts\/449\/revisions"}],"wp:featuredmedia":[{"embeddable":true,"href":"https:\/\/l21.mx\/index.php?rest_route=\/wp\/v2\/media\/451"}],"wp:attachment":[{"href":"https:\/\/l21.mx\/index.php?rest_route=%2Fwp%2Fv2%2Fmedia&parent=449"}],"wp:term":[{"taxonomy":"category","embeddable":true,"href":"https:\/\/l21.mx\/index.php?rest_route=%2Fwp%2Fv2%2Fcategories&post=449"},{"taxonomy":"post_tag","embeddable":true,"href":"https:\/\/l21.mx\/index.php?rest_route=%2Fwp%2Fv2%2Ftags&post=449"}],"curies":[{"name":"wp","href":"https:\/\/api.w.org\/{rel}","templated":true}]}}