{"id":4542,"date":"2013-10-01T11:38:06","date_gmt":"2013-10-01T16:38:06","guid":{"rendered":"http:\/\/innovatori.space\/lat21\/?p=4542"},"modified":"2013-10-01T11:38:06","modified_gmt":"2013-10-01T16:38:06","slug":"%e2%86%91%e2%86%91-frouquet-arreglos-frutales-restaurante-natural","status":"publish","type":"post","link":"https:\/\/l21.mx\/?p=4542","title":{"rendered":"\u2191\u2191 Frouquet Arreglos Frutales &#038; Restaurante Natural"},"content":{"rendered":"<p><a href=\"http:\/\/l21.mx\/wp-content\/uploads\/2013\/10\/FROUQUET-2.jpg\" data-rel=\"penci-gallery-image-content\" ><img fetchpriority=\"high\" decoding=\"async\" class=\"aligncenter size-large wp-image-4544\" title=\"FROUQUET (2)\" src=\"http:\/\/l21.mx\/wp-content\/uploads\/2013\/10\/FROUQUET-2-1024x680.jpg\" alt=\"\" width=\"1024\" height=\"680\" srcset=\"https:\/\/l21.mx\/wp-content\/uploads\/2013\/10\/FROUQUET-2-1024x680.jpg 1024w, https:\/\/l21.mx\/wp-content\/uploads\/2013\/10\/FROUQUET-2-300x199.jpg 300w, https:\/\/l21.mx\/wp-content\/uploads\/2013\/10\/FROUQUET-2-768x510.jpg 768w, https:\/\/l21.mx\/wp-content\/uploads\/2013\/10\/FROUQUET-2-1170x777.jpg 1170w, https:\/\/l21.mx\/wp-content\/uploads\/2013\/10\/FROUQUET-2-585x388.jpg 585w, https:\/\/l21.mx\/wp-content\/uploads\/2013\/10\/FROUQUET-2-263x175.jpg 263w, https:\/\/l21.mx\/wp-content\/uploads\/2013\/10\/FROUQUET-2.jpg 1286w\" sizes=\"(max-width: 1024px) 100vw, 1024px\" \/><\/a><\/p>\n<p>Con una original oferta, Frouquet Arreglos Frutales &amp; Restaurante Natural llega a Canc\u00fan para ofrecer una combinaci\u00f3n de sabor e imaginaci\u00f3n con un men\u00fa natural de desayunos y comidas que incluyen jugos, licuados, barra de caf\u00e9, ensaladas, paninis, sopas y smoothies, todo elaborado con insumos frescos y de alta calidad. Cuenta con una superficie de 65 m2 y capacidad para 50 pax. Gener\u00f3 20 empleos directos e indirectos. Avenida\u00a0 Xcaret, SM 36 Mza. 2, Lte. 2-07, Plaza las Palmas local A8, planta baja. Tel. (998) 884-55-01,\u00a0 www.frouquet.com.mx (en construcci\u00f3n). Facebook: frouquet@outlook.com<\/p>\n<div>\n<p>[editor]sube-y-baja[\/editor]<\/p>\n<div><\/div>\n<\/div>\n","protected":false},"excerpt":{"rendered":"<p>Con una original oferta, Frouquet Arreglos Frutales &amp; Restaurante Natural llega a Canc\u00fan para ofrecer una&hellip;<\/p>\n","protected":false},"author":2,"featured_media":4544,"comment_status":"open","ping_status":"open","sticky":false,"template":"","format":"standard","meta":{"_acf_changed":false,"_lmt_disableupdate":"","_lmt_disable":"","_mbp_gutenberg_autopost":false,"footnotes":""},"categories":[10],"tags":[],"class_list":["post-4542","post","type-post","status-publish","format-standard","has-post-thumbnail","hentry","category-sube-y-baja"],"acf":[],"_links":{"self":[{"href":"https:\/\/l21.mx\/index.php?rest_route=\/wp\/v2\/posts\/4542","targetHints":{"allow":["GET"]}}],"collection":[{"href":"https:\/\/l21.mx\/index.php?rest_route=\/wp\/v2\/posts"}],"about":[{"href":"https:\/\/l21.mx\/index.php?rest_route=\/wp\/v2\/types\/post"}],"author":[{"embeddable":true,"href":"https:\/\/l21.mx\/index.php?rest_route=\/wp\/v2\/users\/2"}],"replies":[{"embeddable":true,"href":"https:\/\/l21.mx\/index.php?rest_route=%2Fwp%2Fv2%2Fcomments&post=4542"}],"version-history":[{"count":0,"href":"https:\/\/l21.mx\/index.php?rest_route=\/wp\/v2\/posts\/4542\/revisions"}],"wp:featuredmedia":[{"embeddable":true,"href":"https:\/\/l21.mx\/index.php?rest_route=\/wp\/v2\/media\/4544"}],"wp:attachment":[{"href":"https:\/\/l21.mx\/index.php?rest_route=%2Fwp%2Fv2%2Fmedia&parent=4542"}],"wp:term":[{"taxonomy":"category","embeddable":true,"href":"https:\/\/l21.mx\/index.php?rest_route=%2Fwp%2Fv2%2Fcategories&post=4542"},{"taxonomy":"post_tag","embeddable":true,"href":"https:\/\/l21.mx\/index.php?rest_route=%2Fwp%2Fv2%2Ftags&post=4542"}],"curies":[{"name":"wp","href":"https:\/\/api.w.org\/{rel}","templated":true}]}}