{"id":45427,"date":"2021-03-30T17:12:03","date_gmt":"2021-03-30T22:12:03","guid":{"rendered":"https:\/\/l21.mx\/?p=45427"},"modified":"2021-04-28T11:37:20","modified_gmt":"2021-04-28T16:37:20","slug":"desplome-de-avioneta-en-laguna-de-cancun-deja-un-muerto-y-un-herido","status":"publish","type":"post","link":"https:\/\/l21.mx\/?p=45427","title":{"rendered":"Desplome de avioneta en laguna de #Cancun deja dos muertos"},"content":{"rendered":"<p><span style=\"font-weight: 400;\">Ante el desplome de una avioneta ocurrido esta tarde en la laguna Nichupt\u00e9, Asociados N\u00e1uticos de Quintana Roo (ANQR) activ\u00f3 una sincronizaci\u00f3n de emergencia para auxiliar en las labores de rescate de personas.<\/span><\/p>\n<p>Los hechos ocurrieron a la altura del kil\u00f3metro 13 en la zona hotelera, por Isla Dorada.<\/p>\n<p><a href=\"https:\/\/l21.mx\/wp-content\/uploads\/2021\/03\/IMG-20210330-WA0012.jpg\" data-rel=\"penci-gallery-image-content\" ><img fetchpriority=\"high\" decoding=\"async\" class=\"alignnone wp-image-45431 size-full\" src=\"https:\/\/l21.mx\/wp-content\/uploads\/2021\/03\/IMG-20210330-WA0012.jpg\" alt=\"\" width=\"958\" height=\"1280\" srcset=\"https:\/\/l21.mx\/wp-content\/uploads\/2021\/03\/IMG-20210330-WA0012.jpg 958w, https:\/\/l21.mx\/wp-content\/uploads\/2021\/03\/IMG-20210330-WA0012-225x300.jpg 225w, https:\/\/l21.mx\/wp-content\/uploads\/2021\/03\/IMG-20210330-WA0012-766x1024.jpg 766w, https:\/\/l21.mx\/wp-content\/uploads\/2021\/03\/IMG-20210330-WA0012-768x1026.jpg 768w, https:\/\/l21.mx\/wp-content\/uploads\/2021\/03\/IMG-20210330-WA0012-585x782.jpg 585w\" sizes=\"(max-width: 958px) 100vw, 958px\" \/><\/a><\/p>\n<p><span style=\"font-weight: 400;\">El presidente de ANQR, Francisco Fern\u00e1ndez Mill\u00e1n, inform\u00f3 que al momento del percance personal de todas las marinas sali\u00f3 al rescate de los tripulantes, aunque desafortunadamente se registr\u00f3 el deceso de uno de ellos. M\u00e1s tarde, confirmaron que las dos personas que iban a bordo murieron.<\/span><\/p>\n<p><a href=\"https:\/\/l21.mx\/wp-content\/uploads\/2021\/03\/IMG-20210330-WA0013.jpg\" data-rel=\"penci-gallery-image-content\" ><img decoding=\"async\" class=\"alignnone wp-image-45430 size-full\" src=\"https:\/\/l21.mx\/wp-content\/uploads\/2021\/03\/IMG-20210330-WA0013.jpg\" alt=\"\" width=\"958\" height=\"1280\" srcset=\"https:\/\/l21.mx\/wp-content\/uploads\/2021\/03\/IMG-20210330-WA0013.jpg 958w, https:\/\/l21.mx\/wp-content\/uploads\/2021\/03\/IMG-20210330-WA0013-225x300.jpg 225w, https:\/\/l21.mx\/wp-content\/uploads\/2021\/03\/IMG-20210330-WA0013-766x1024.jpg 766w, https:\/\/l21.mx\/wp-content\/uploads\/2021\/03\/IMG-20210330-WA0013-768x1026.jpg 768w, https:\/\/l21.mx\/wp-content\/uploads\/2021\/03\/IMG-20210330-WA0013-585x782.jpg 585w\" sizes=\"(max-width: 958px) 100vw, 958px\" \/><\/a><\/p>\n<p>Trascendi\u00f3 que la avioneta era de una empresa particular, que hab\u00eda sido contratada por una familia para hacer maniobras para revelar el sexo de un beb\u00e9.<\/p>\n<p>\u00abEs ni\u00f1a\u00bb se escucha decir a unas personas en un video, aludiendo a humo rosa que habr\u00eda salido de la avioneta justo antes de desplomarse.<\/p>\n<p><a href=\"https:\/\/l21.mx\/wp-content\/uploads\/2021\/03\/IMG-20210330-WA0011.jpg\" data-rel=\"penci-gallery-image-content\" ><img decoding=\"async\" class=\"alignnone wp-image-45429 size-full\" src=\"https:\/\/l21.mx\/wp-content\/uploads\/2021\/03\/IMG-20210330-WA0011.jpg\" alt=\"\" width=\"720\" height=\"1280\" srcset=\"https:\/\/l21.mx\/wp-content\/uploads\/2021\/03\/IMG-20210330-WA0011.jpg 720w, https:\/\/l21.mx\/wp-content\/uploads\/2021\/03\/IMG-20210330-WA0011-169x300.jpg 169w, https:\/\/l21.mx\/wp-content\/uploads\/2021\/03\/IMG-20210330-WA0011-576x1024.jpg 576w, https:\/\/l21.mx\/wp-content\/uploads\/2021\/03\/IMG-20210330-WA0011-585x1040.jpg 585w\" sizes=\"(max-width: 720px) 100vw, 720px\" \/><\/a><\/p>\n","protected":false},"excerpt":{"rendered":"<p>Ante el desplome de una avioneta ocurrido esta tarde en la laguna Nichupt\u00e9, Asociados N\u00e1uticos de&hellip;<\/p>\n","protected":false},"author":100,"featured_media":45428,"comment_status":"closed","ping_status":"closed","sticky":false,"template":"","format":"standard","meta":{"_acf_changed":false,"_lmt_disableupdate":"","_lmt_disable":"","_mbp_gutenberg_autopost":false,"footnotes":""},"categories":[23],"tags":[1236,48,1235],"class_list":["post-45427","post","type-post","status-publish","format-standard","has-post-thumbnail","hentry","category-noticias","tag-avioneta","tag-cancun","tag-laguna"],"acf":[],"_links":{"self":[{"href":"https:\/\/l21.mx\/index.php?rest_route=\/wp\/v2\/posts\/45427","targetHints":{"allow":["GET"]}}],"collection":[{"href":"https:\/\/l21.mx\/index.php?rest_route=\/wp\/v2\/posts"}],"about":[{"href":"https:\/\/l21.mx\/index.php?rest_route=\/wp\/v2\/types\/post"}],"author":[{"embeddable":true,"href":"https:\/\/l21.mx\/index.php?rest_route=\/wp\/v2\/users\/100"}],"replies":[{"embeddable":true,"href":"https:\/\/l21.mx\/index.php?rest_route=%2Fwp%2Fv2%2Fcomments&post=45427"}],"version-history":[{"count":0,"href":"https:\/\/l21.mx\/index.php?rest_route=\/wp\/v2\/posts\/45427\/revisions"}],"wp:featuredmedia":[{"embeddable":true,"href":"https:\/\/l21.mx\/index.php?rest_route=\/wp\/v2\/media\/45428"}],"wp:attachment":[{"href":"https:\/\/l21.mx\/index.php?rest_route=%2Fwp%2Fv2%2Fmedia&parent=45427"}],"wp:term":[{"taxonomy":"category","embeddable":true,"href":"https:\/\/l21.mx\/index.php?rest_route=%2Fwp%2Fv2%2Fcategories&post=45427"},{"taxonomy":"post_tag","embeddable":true,"href":"https:\/\/l21.mx\/index.php?rest_route=%2Fwp%2Fv2%2Ftags&post=45427"}],"curies":[{"name":"wp","href":"https:\/\/api.w.org\/{rel}","templated":true}]}}