{"id":4546,"date":"2013-10-01T11:40:03","date_gmt":"2013-10-01T16:40:03","guid":{"rendered":"http:\/\/innovatori.space\/lat21\/?p=4546"},"modified":"2013-10-01T11:40:03","modified_gmt":"2013-10-01T16:40:03","slug":"%e2%86%91%e2%86%91-arte-10","status":"publish","type":"post","link":"https:\/\/l21.mx\/?p=4546","title":{"rendered":"\u2191\u2191 Arte 10"},"content":{"rendered":"<p><a href=\"http:\/\/l21.mx\/wp-content\/uploads\/2013\/10\/ARTE-10.jpg\" data-rel=\"penci-gallery-image-content\" ><img fetchpriority=\"high\" decoding=\"async\" class=\"aligncenter size-large wp-image-4548\" title=\"ARTE 10\" src=\"http:\/\/l21.mx\/wp-content\/uploads\/2013\/10\/ARTE-10-1024x680.jpg\" alt=\"\" width=\"1024\" height=\"680\" srcset=\"https:\/\/l21.mx\/wp-content\/uploads\/2013\/10\/ARTE-10-1024x680.jpg 1024w, https:\/\/l21.mx\/wp-content\/uploads\/2013\/10\/ARTE-10-300x199.jpg 300w, https:\/\/l21.mx\/wp-content\/uploads\/2013\/10\/ARTE-10-768x510.jpg 768w, https:\/\/l21.mx\/wp-content\/uploads\/2013\/10\/ARTE-10-1170x777.jpg 1170w, https:\/\/l21.mx\/wp-content\/uploads\/2013\/10\/ARTE-10-585x388.jpg 585w, https:\/\/l21.mx\/wp-content\/uploads\/2013\/10\/ARTE-10-263x175.jpg 263w, https:\/\/l21.mx\/wp-content\/uploads\/2013\/10\/ARTE-10.jpg 1286w\" sizes=\"(max-width: 1024px) 100vw, 1024px\" \/><\/a><\/p>\n<p>Con el respaldo de a\u00f1os de experiencia del arquitecto Juan Mu\u00f1oz y la dise\u00f1adora de interiores Aracely P\u00e9rez Ram\u00edrez se instala en Canc\u00fan Arte 10, empresa de reciente fundaci\u00f3n especializada en asesor\u00eda, ambientaci\u00f3n y decoraci\u00f3n de interiores, as\u00ed como organizaci\u00f3n y producci\u00f3n de eventos sociales y de gobierno. Cuenta con \u00e1rea de galer\u00eda y antig\u00fcedades. Superficie, 140 m2. Gener\u00f3 nueve empleos indirectos. Plaza Pabell\u00f3n Caribe, Av. Nichupt\u00e9 local 10, PB, Mza. 2, Lte. 22, SM 19. Tel. 884-06-54.<\/p>\n<div>\n<p>[editor]sube-y-baja[\/editor]<\/p>\n<div><\/div>\n<\/div>\n","protected":false},"excerpt":{"rendered":"<p>Con el respaldo de a\u00f1os de experiencia del arquitecto Juan Mu\u00f1oz y la dise\u00f1adora de interiores&hellip;<\/p>\n","protected":false},"author":2,"featured_media":4548,"comment_status":"open","ping_status":"open","sticky":false,"template":"","format":"standard","meta":{"_acf_changed":false,"_lmt_disableupdate":"","_lmt_disable":"","_mbp_gutenberg_autopost":false,"footnotes":""},"categories":[10],"tags":[],"class_list":["post-4546","post","type-post","status-publish","format-standard","has-post-thumbnail","hentry","category-sube-y-baja"],"acf":[],"_links":{"self":[{"href":"https:\/\/l21.mx\/index.php?rest_route=\/wp\/v2\/posts\/4546","targetHints":{"allow":["GET"]}}],"collection":[{"href":"https:\/\/l21.mx\/index.php?rest_route=\/wp\/v2\/posts"}],"about":[{"href":"https:\/\/l21.mx\/index.php?rest_route=\/wp\/v2\/types\/post"}],"author":[{"embeddable":true,"href":"https:\/\/l21.mx\/index.php?rest_route=\/wp\/v2\/users\/2"}],"replies":[{"embeddable":true,"href":"https:\/\/l21.mx\/index.php?rest_route=%2Fwp%2Fv2%2Fcomments&post=4546"}],"version-history":[{"count":0,"href":"https:\/\/l21.mx\/index.php?rest_route=\/wp\/v2\/posts\/4546\/revisions"}],"wp:featuredmedia":[{"embeddable":true,"href":"https:\/\/l21.mx\/index.php?rest_route=\/wp\/v2\/media\/4548"}],"wp:attachment":[{"href":"https:\/\/l21.mx\/index.php?rest_route=%2Fwp%2Fv2%2Fmedia&parent=4546"}],"wp:term":[{"taxonomy":"category","embeddable":true,"href":"https:\/\/l21.mx\/index.php?rest_route=%2Fwp%2Fv2%2Fcategories&post=4546"},{"taxonomy":"post_tag","embeddable":true,"href":"https:\/\/l21.mx\/index.php?rest_route=%2Fwp%2Fv2%2Ftags&post=4546"}],"curies":[{"name":"wp","href":"https:\/\/api.w.org\/{rel}","templated":true}]}}