{"id":45526,"date":"2021-04-01T09:56:06","date_gmt":"2021-04-01T14:56:06","guid":{"rendered":"https:\/\/l21.mx\/?p=45526"},"modified":"2021-04-29T10:33:18","modified_gmt":"2021-04-29T15:33:18","slug":"la-union-y-comunicacion","status":"publish","type":"post","link":"https:\/\/l21.mx\/?p=45526","title":{"rendered":"La uni\u00f3n y  comunicaci\u00f3n"},"content":{"rendered":"<ul>\n<li><b>Sergio Le\u00f3n<\/b><\/li>\n<li>Presidente de Coparmex Q. Roo<\/li>\n<li>CEO de Impoexporta<\/li>\n<li>Twitter: @oigres14<\/li>\n<\/ul>\n<p><b>N<\/b>uestra agenda hoy d\u00eda est\u00e1 compuesta de muchos temas de suma importancia que no distinguen ciudadanos, empresarios o servidores p\u00fablicos, pero es nuestro deber como ciudadanos y empresarios trabajar en dos ejes principales: la uni\u00f3n y la comunicaci\u00f3n; no s\u00f3lo por un tema de salud, tambi\u00e9n por gobernanza, seguridad, transparencia, entre otros.<\/p>\n<p>Hoy estamos por vivir uno de los periodos electorales m\u00e1s importantes debido al n\u00famero tan grande de gubernaturas, diputaciones y presidencias municipales por las cuales debemos salir a votar el 6 de junio. Es el momento de trabajar de la mano con los sectores empresariales y ciudadanos para conjuntar las necesidades generales e individuales, \u00a1qu\u00e9 cambio tan grande podr\u00eda provocar unirnos! y que los especialistas de las \u00e1reas de arquitectura e ingenier\u00eda trabajen con especialistas de organizaciones medioambientales y ciudadanos para proponer la agenda de un plan de desarrollo municipal en el cual tambi\u00e9n se tomen en cuenta las necesidades de movilidad y educaci\u00f3n de los universitarios, donde pudi\u00e9ramos trabajar en una agenda con necesidades inmediatas, de mediano y largo plazo a la cual pudi\u00e9ramos darle continuidad; pareciera algo dif\u00edcil de lograr, pero es ah\u00ed donde interviene la comunicaci\u00f3n, el expresar nuestras ideas, necesidades, as\u00ed como no dar por hecho sin dialogar las ideas de los dem\u00e1s.<\/p>\n<p><span class=\"Apple-converted-space\">&nbsp;<\/span>No podemos esperar a ma\u00f1ana, nuestro momento es ahora: Con participaci\u00f3n, trabajo en equipo y di\u00e1logo podemos lograr no s\u00f3lo en estas pr\u00f3ximas elecciones un voto libre, razonado y mayor participaci\u00f3n; tambi\u00e9n un cambio, un precedente del cual muchas veces ponemos ejemplo que sucede en otros pa\u00edses, estados o municipios, pero con voluntad, con la pasi\u00f3n que nos distingue, no es so\u00f1ador proponerlo y trabajar en ello; al contrario, es arriesgado no hacerlo y pensar que no es posible. Los grandes cambios inician precisamente s\u00f3lo con voluntad.<\/p>\n<p>Hoy en particular en nuestro municipio y estado hay un gran liderazgo, participaci\u00f3n, conocimiento de grupos empresariales y ciudadanos, se puede observar el trabajo en diferentes temas y el avance que logra esta uni\u00f3n y comunicaci\u00f3n. Siempre existe la oportunidad de avanzar y lograr m\u00e1s y mejores resultados; las pr\u00f3ximas elecciones podr\u00edan permitir que elevemos este trabajo y conjuntarlo con las autoridades. Una sociedad unida, informada y trabajando en equipo logra mayor fortaleza y avance en bienestar de todo.<\/p>\n<p>Hoy yo me sumo y s\u00e9 que muchos lo har\u00e1n.<\/p>\n","protected":false},"excerpt":{"rendered":"<p>Sergio Le\u00f3n Presidente de Coparmex Q. Roo CEO de Impoexporta Twitter: @oigres14 Nuestra agenda hoy d\u00eda&hellip;<\/p>\n","protected":false},"author":95,"featured_media":46187,"comment_status":"closed","ping_status":"closed","sticky":false,"template":"","format":"standard","meta":{"_acf_changed":false,"_lmt_disableupdate":"","_lmt_disable":"","_mbp_gutenberg_autopost":false,"footnotes":""},"categories":[1092],"tags":[],"class_list":["post-45526","post","type-post","status-publish","format-standard","has-post-thumbnail","hentry","category-sergio-leon"],"acf":[],"_links":{"self":[{"href":"https:\/\/l21.mx\/index.php?rest_route=\/wp\/v2\/posts\/45526","targetHints":{"allow":["GET"]}}],"collection":[{"href":"https:\/\/l21.mx\/index.php?rest_route=\/wp\/v2\/posts"}],"about":[{"href":"https:\/\/l21.mx\/index.php?rest_route=\/wp\/v2\/types\/post"}],"author":[{"embeddable":true,"href":"https:\/\/l21.mx\/index.php?rest_route=\/wp\/v2\/users\/95"}],"replies":[{"embeddable":true,"href":"https:\/\/l21.mx\/index.php?rest_route=%2Fwp%2Fv2%2Fcomments&post=45526"}],"version-history":[{"count":0,"href":"https:\/\/l21.mx\/index.php?rest_route=\/wp\/v2\/posts\/45526\/revisions"}],"wp:featuredmedia":[{"embeddable":true,"href":"https:\/\/l21.mx\/index.php?rest_route=\/wp\/v2\/media\/46187"}],"wp:attachment":[{"href":"https:\/\/l21.mx\/index.php?rest_route=%2Fwp%2Fv2%2Fmedia&parent=45526"}],"wp:term":[{"taxonomy":"category","embeddable":true,"href":"https:\/\/l21.mx\/index.php?rest_route=%2Fwp%2Fv2%2Fcategories&post=45526"},{"taxonomy":"post_tag","embeddable":true,"href":"https:\/\/l21.mx\/index.php?rest_route=%2Fwp%2Fv2%2Ftags&post=45526"}],"curies":[{"name":"wp","href":"https:\/\/api.w.org\/{rel}","templated":true}]}}