{"id":4554,"date":"2013-10-01T11:43:49","date_gmt":"2013-10-01T16:43:49","guid":{"rendered":"http:\/\/innovatori.space\/lat21\/?p=4554"},"modified":"2013-10-01T11:43:49","modified_gmt":"2013-10-01T16:43:49","slug":"%e2%86%91%e2%86%91-forever","status":"publish","type":"post","link":"https:\/\/l21.mx\/?p=4554","title":{"rendered":"\u2191\u2191  Forever"},"content":{"rendered":"<p><a href=\"http:\/\/l21.mx\/wp-content\/uploads\/2013\/10\/forever.jpg\" data-rel=\"penci-gallery-image-content\" ><img fetchpriority=\"high\" decoding=\"async\" class=\"aligncenter size-large wp-image-4556\" title=\"forever\" src=\"http:\/\/l21.mx\/wp-content\/uploads\/2013\/10\/forever-1024x682.jpg\" alt=\"\" width=\"1024\" height=\"682\" srcset=\"https:\/\/l21.mx\/wp-content\/uploads\/2013\/10\/forever-1024x682.jpg 1024w, https:\/\/l21.mx\/wp-content\/uploads\/2013\/10\/forever-300x200.jpg 300w, https:\/\/l21.mx\/wp-content\/uploads\/2013\/10\/forever-768x512.jpg 768w, https:\/\/l21.mx\/wp-content\/uploads\/2013\/10\/forever-1536x1024.jpg 1536w, https:\/\/l21.mx\/wp-content\/uploads\/2013\/10\/forever-1170x780.jpg 1170w, https:\/\/l21.mx\/wp-content\/uploads\/2013\/10\/forever-585x390.jpg 585w, https:\/\/l21.mx\/wp-content\/uploads\/2013\/10\/forever-263x175.jpg 263w, https:\/\/l21.mx\/wp-content\/uploads\/2013\/10\/forever.jpg 1685w\" sizes=\"(max-width: 1024px) 100vw, 1024px\" \/><\/a><\/p>\n<p>El empresario Sandro M\u00fcller, en sociedad con Francis Lapp, inician un nuevo servicio de traves\u00edas tur\u00edsticas dirigidas al mercado de alto poder adquisitivo. A trav\u00e9s de la embarcaci\u00f3n Forever han dise\u00f1ado tours desde cuatro noches cinco d\u00edas a bordo hasta 14 noches 15 d\u00edas, con recorridos por el Mar Caribe e incluyendo el cayo belice\u00f1o Ambergris. Dependiendo de la ruta a elegir, las traves\u00edas tocar\u00e1n destinos como Isla Mujeres, Punta Allen, Punta Maroma, Cozumel, Puerto Aventuras y Chinchorro, entre otros. Punto de partida Muelle de Playa Linda. Reservaciones al Tel.: (998) 884-84-46. rolandi@rolandi.com.<\/p>\n<div>\n<p>[editor]sube-y-baja[\/editor]<\/p>\n<div><\/div>\n<\/div>\n","protected":false},"excerpt":{"rendered":"<p>El empresario Sandro M\u00fcller, en sociedad con Francis Lapp, inician un nuevo servicio de traves\u00edas tur\u00edsticas&hellip;<\/p>\n","protected":false},"author":2,"featured_media":4556,"comment_status":"open","ping_status":"open","sticky":false,"template":"","format":"standard","meta":{"_acf_changed":false,"_lmt_disableupdate":"","_lmt_disable":"","_mbp_gutenberg_autopost":false,"footnotes":""},"categories":[10],"tags":[],"class_list":["post-4554","post","type-post","status-publish","format-standard","has-post-thumbnail","hentry","category-sube-y-baja"],"acf":[],"_links":{"self":[{"href":"https:\/\/l21.mx\/index.php?rest_route=\/wp\/v2\/posts\/4554","targetHints":{"allow":["GET"]}}],"collection":[{"href":"https:\/\/l21.mx\/index.php?rest_route=\/wp\/v2\/posts"}],"about":[{"href":"https:\/\/l21.mx\/index.php?rest_route=\/wp\/v2\/types\/post"}],"author":[{"embeddable":true,"href":"https:\/\/l21.mx\/index.php?rest_route=\/wp\/v2\/users\/2"}],"replies":[{"embeddable":true,"href":"https:\/\/l21.mx\/index.php?rest_route=%2Fwp%2Fv2%2Fcomments&post=4554"}],"version-history":[{"count":0,"href":"https:\/\/l21.mx\/index.php?rest_route=\/wp\/v2\/posts\/4554\/revisions"}],"wp:featuredmedia":[{"embeddable":true,"href":"https:\/\/l21.mx\/index.php?rest_route=\/wp\/v2\/media\/4556"}],"wp:attachment":[{"href":"https:\/\/l21.mx\/index.php?rest_route=%2Fwp%2Fv2%2Fmedia&parent=4554"}],"wp:term":[{"taxonomy":"category","embeddable":true,"href":"https:\/\/l21.mx\/index.php?rest_route=%2Fwp%2Fv2%2Fcategories&post=4554"},{"taxonomy":"post_tag","embeddable":true,"href":"https:\/\/l21.mx\/index.php?rest_route=%2Fwp%2Fv2%2Ftags&post=4554"}],"curies":[{"name":"wp","href":"https:\/\/api.w.org\/{rel}","templated":true}]}}