{"id":45552,"date":"2021-03-31T10:47:08","date_gmt":"2021-03-31T15:47:08","guid":{"rendered":"https:\/\/l21.mx\/?p=45552"},"modified":"2021-04-29T17:00:30","modified_gmt":"2021-04-29T22:00:30","slug":"volkswagen-cambia-de-nombre-a-voltswagen-por-autos-electricos","status":"publish","type":"post","link":"https:\/\/l21.mx\/?p=45552","title":{"rendered":"Volkswagen cambia de nombre a Voltswagen, para promover autos el\u00e9ctricos"},"content":{"rendered":"<p><strong>\u00a0<\/strong>Aunque a muchos les parezca raro, exagerado o absurdo, la realidad es que Volkswagen va un paso adelante en el compromiso por la movilidad urbana.<\/p>\n<p>Tanto as\u00ed, que decidi\u00f3 modificar su nombre y logotipo, por ahora s\u00f3lo en Estados Unidos, para enfatizar su enfoque en autos el\u00e9ctricos.<\/p>\n<p>Tal como lo lees, la firma alemana Volkswagen AG en Estados Unidos confirm\u00f3 que cambiar\u00e1 su nombre a \u00abVoltswagen of America\u00bb, para centrarse en los veh\u00edculos el\u00e9ctricos.<\/p>\n<p><a href=\"https:\/\/l21.mx\/wp-content\/uploads\/2021\/03\/nombre-voltswagen.jpg\" data-rel=\"penci-gallery-image-content\" ><img decoding=\"async\" class=\"alignnone size-medium wp-image-45554\" src=\"https:\/\/l21.mx\/wp-content\/uploads\/2021\/03\/nombre-voltswagen-300x155.jpg\" alt=\"\" width=\"300\" height=\"155\" srcset=\"https:\/\/l21.mx\/wp-content\/uploads\/2021\/03\/nombre-voltswagen-300x155.jpg 300w, https:\/\/l21.mx\/wp-content\/uploads\/2021\/03\/nombre-voltswagen-585x302.jpg 585w, https:\/\/l21.mx\/wp-content\/uploads\/2021\/03\/nombre-voltswagen.jpg 680w\" sizes=\"(max-width: 300px) 100vw, 300px\" \/><\/a><\/p>\n<h2>Logotipo m\u00e1s claro<\/h2>\n<p>Esto aplica desde mayo y ya dieron un adelanto de c\u00f3mo ser\u00e1 el nuevo logotipo.<\/p>\n<p>El tradicional logotipo azul oscuro de VW se mantendr\u00e1 para los veh\u00edculos a gasolina y se utilizar\u00e1 un nuevo logo azul claro para los el\u00e9ctricos.<\/p>\n<p>As\u00ed que usar\u00e1 \u00abVoltswagen\u00bb como distintivo exterior en todos los modelos el\u00e9ctricos y los veh\u00edculos de gas s\u00f3lo tendr\u00e1n el emblema de VW.<\/p>\n<p><a href=\"https:\/\/l21.mx\/wp-content\/uploads\/2021\/03\/logo-voltswagen.jpg\" data-rel=\"penci-gallery-image-content\" ><img fetchpriority=\"high\" decoding=\"async\" class=\"alignnone size-medium wp-image-45553\" src=\"https:\/\/l21.mx\/wp-content\/uploads\/2021\/03\/logo-voltswagen-300x169.jpg\" alt=\"\" width=\"300\" height=\"169\" srcset=\"https:\/\/l21.mx\/wp-content\/uploads\/2021\/03\/logo-voltswagen-300x169.jpg 300w, https:\/\/l21.mx\/wp-content\/uploads\/2021\/03\/logo-voltswagen-585x329.jpg 585w, https:\/\/l21.mx\/wp-content\/uploads\/2021\/03\/logo-voltswagen.jpg 680w\" sizes=\"(max-width: 300px) 100vw, 300px\" \/><\/a><\/p>\n<p>Adem\u00e1s, invertir\u00e1n 19,000 millones de d\u00f3lares en electrificaci\u00f3n y digitalizaci\u00f3n para 2025.<\/p>\n<p>&nbsp;<\/p>\n<blockquote><p><em>\u201cPuede ser que cambiemos nuestra K por una T, pero lo que no va a cambiar es el compromiso de esta marca de fabricar los mejores veh\u00edculos de su clase para las personas de todo el mundo\u00bb, <\/em>dijo Scott Keogh, presidente y CEO de Voltswagen of America<em>.<\/em><\/p><\/blockquote>\n<p>El compromiso es tambi\u00e9n vender un mill\u00f3n de\u00a0<strong>veh\u00edculos el\u00e9ctricos<\/strong>\u00a0en todo el mundo para 2025.<\/p>\n<p>\u00bfQu\u00e9 tal? Muy innovador, \u00bfcierto?<\/p>\n<p>&nbsp;<\/p>\n<div><\/div>\n","protected":false},"excerpt":{"rendered":"<p>\u00a0Aunque a muchos les parezca raro, exagerado o absurdo, la realidad es que Volkswagen va un&hellip;<\/p>\n","protected":false},"author":100,"featured_media":45555,"comment_status":"closed","ping_status":"closed","sticky":false,"template":"","format":"standard","meta":{"_acf_changed":false,"_lmt_disableupdate":"","_lmt_disable":"","_mbp_gutenberg_autopost":false,"footnotes":""},"categories":[4,23],"tags":[1238,1239,1237],"class_list":["post-45552","post","type-post","status-publish","format-standard","has-post-thumbnail","hentry","category-empresas-y-negocios","category-noticias","tag-volkswagen","tag-voltswagen","tag-vw"],"acf":[],"_links":{"self":[{"href":"https:\/\/l21.mx\/index.php?rest_route=\/wp\/v2\/posts\/45552","targetHints":{"allow":["GET"]}}],"collection":[{"href":"https:\/\/l21.mx\/index.php?rest_route=\/wp\/v2\/posts"}],"about":[{"href":"https:\/\/l21.mx\/index.php?rest_route=\/wp\/v2\/types\/post"}],"author":[{"embeddable":true,"href":"https:\/\/l21.mx\/index.php?rest_route=\/wp\/v2\/users\/100"}],"replies":[{"embeddable":true,"href":"https:\/\/l21.mx\/index.php?rest_route=%2Fwp%2Fv2%2Fcomments&post=45552"}],"version-history":[{"count":0,"href":"https:\/\/l21.mx\/index.php?rest_route=\/wp\/v2\/posts\/45552\/revisions"}],"wp:featuredmedia":[{"embeddable":true,"href":"https:\/\/l21.mx\/index.php?rest_route=\/wp\/v2\/media\/45555"}],"wp:attachment":[{"href":"https:\/\/l21.mx\/index.php?rest_route=%2Fwp%2Fv2%2Fmedia&parent=45552"}],"wp:term":[{"taxonomy":"category","embeddable":true,"href":"https:\/\/l21.mx\/index.php?rest_route=%2Fwp%2Fv2%2Fcategories&post=45552"},{"taxonomy":"post_tag","embeddable":true,"href":"https:\/\/l21.mx\/index.php?rest_route=%2Fwp%2Fv2%2Ftags&post=45552"}],"curies":[{"name":"wp","href":"https:\/\/api.w.org\/{rel}","templated":true}]}}