{"id":45577,"date":"2021-04-01T07:14:47","date_gmt":"2021-04-01T12:14:47","guid":{"rendered":"https:\/\/l21.mx\/?p=45577"},"modified":"2021-04-29T11:43:29","modified_gmt":"2021-04-29T16:43:29","slug":"rio-revuelto-ganancia-de-pescadores","status":"publish","type":"post","link":"https:\/\/l21.mx\/?p=45577","title":{"rendered":"R\u00edo revuelto, ganancia de pescadores"},"content":{"rendered":"<p>&nbsp;<\/p>\n<p>M\u00e9xico, un pa\u00eds con tanta riqueza cultural, hoy est\u00e1 inmerso en una guerra civil rid\u00edcula; aunque no son como las guerras de anta\u00f1o, la violencia y la falta de empat\u00eda se multiplican. Nuestro pa\u00eds desgraciadamente ha tenido muchos l\u00edderes que han confrontado fracciones para crear esquemas de control. Mientras sigamos comprando espejos y creyendo que los de enfrente son los causantes de todo, nunca asumiremos nuestra responsabilidad.<\/p>\n<p>Fif\u00eds vs Chairos y Mujeres vs Hombres\u2026. La primera divisi\u00f3n tristemente es orquestada por la demagogia de la clase gobernante, para confundir los objetivos reales que nos debemos plantear como naci\u00f3n. Uno de ellos es principalmente trabajar para reducir esa brecha social, econ\u00f3mica y cultural.&nbsp; &nbsp;&nbsp;&nbsp;Y la segunda divisi\u00f3n es generada por un sentimiento de opresi\u00f3n.<\/p>\n<p>Hablemos un poco sobre el tema, lo que expreso en estas l\u00edneas es simplemente mi opini\u00f3n como mujer trabajadora que ha crecido rompiendo paradigmas y creando espacios para que la mujer se desarrolle. Los hombres no son nuestros enemigos, son un complemento. Mujeres y hombres conformamos la humanidad. Es cierto que hemos visto a lo largo de la historia el papel preponderante del hombre en muchas situaciones, pero eso se dio por una situaci\u00f3n normal de roles de crianza y fuerza f\u00edsica. Ahora esos roles en este mundo \u2018moderno\u2019 se van desdibujando y las mujeres empezamos a destacar en actividades que se consideraban masculinas.<\/p>\n<p>Nuestra naturaleza humana a pesar de ser sumamente adaptable a los cambios del entorno, tambi\u00e9n es resistente a los mismos. Lo observamos en muchas situaciones y parte de esa resistencia se debe a nuestra necesidad de control y poder. Como mujeres debemos capitalizar lo bueno que hemos logrado y trabajar lo que aun falta, pero tomando actitudes agresivas solo nos estamos convirtiendo en aquello que combatimos. Leer los comentarios de redes sociales posteados por mujeres con odio, me entristece enormemente. Nuestra gran fortaleza como g\u00e9nero es la empat\u00eda que siempre hemos mostrado.<\/p>\n<p>No podemos entrar nosotras a un mundo de odio y violencia, por favor no lo permitamos. Si lo hacemos, entonces estamos dando la raz\u00f3n a aquellos que dijeron que las mujeres no pensamos, no servimos para grandes cosas, no creamos\u2026.<\/p>\n<p>Demostremos lo contrario, lo que hemos demostrado desde la antig\u00fcedad, nuestra participaci\u00f3n y nuestra influencia moderada pero firme, nuestro apoyo a aquellas en desgracia, nuestros brazos a los que lloran y dejemos de lado la pol\u00edtica, los controles creados por sociedades patriarcales a lo largo del tiempo.<\/p>\n<p>\u00bfNo creen que podemos crear un sistema diferente? Yo s\u00ed lo creo, he trabajado para tal fin; perder el objetivo de eso, es perder el orgullo de llamarnos mujeres.<\/p>\n","protected":false},"excerpt":{"rendered":"<p>&nbsp; M\u00e9xico, un pa\u00eds con tanta riqueza cultural, hoy est\u00e1 inmerso en una guerra civil rid\u00edcula;&hellip;<\/p>\n","protected":false},"author":100,"featured_media":46199,"comment_status":"closed","ping_status":"closed","sticky":false,"template":"","format":"standard","meta":{"_acf_changed":false,"_lmt_disableupdate":"","_lmt_disable":"","_mbp_gutenberg_autopost":false,"footnotes":""},"categories":[486],"tags":[857],"class_list":["post-45577","post","type-post","status-publish","format-standard","has-post-thumbnail","hentry","category-inna-german","tag-inna-german"],"acf":[],"yoast_head":"<!-- This site is optimized with the Yoast SEO plugin v27.3 - https:\/\/yoast.com\/product\/yoast-seo-wordpress\/ -->\n<title>R\u00edo revuelto, ganancia de pescadores | Revista Latitud 21<\/title>\n<meta name=\"description\" content=\"L21, Emprendedores y Negocios en el Caribe Mexicano, es la revista l\u00edder entre el Sector Empresarial y Tur\u00edstico del Caribe Mexicano.\" \/>\n<meta name=\"robots\" content=\"index, follow, max-snippet:-1, max-image-preview:large, max-video-preview:-1\" \/>\n<link rel=\"canonical\" href=\"https:\/\/l21.mx\/?p=45577\" \/>\n<meta name=\"twitter:card\" content=\"summary_large_image\" \/>\n<meta name=\"twitter:title\" content=\"R\u00edo revuelto, ganancia de pescadores | Revista Latitud 21\" \/>\n<meta name=\"twitter:description\" content=\"L21, Emprendedores y Negocios en el Caribe Mexicano, es la revista l\u00edder entre el Sector Empresarial y Tur\u00edstico del Caribe Mexicano.\" \/>\n<meta name=\"twitter:image\" content=\"https:\/\/l21.mx\/wp-content\/uploads\/2021\/04\/inna-german-mirada-empresarial.jpg\" \/>\n<meta name=\"twitter:creator\" content=\"@Latitud21mx\" \/>\n<meta name=\"twitter:site\" content=\"@Latitud21mx\" \/>\n<meta name=\"twitter:label1\" content=\"Escrito por\" \/>\n\t<meta name=\"twitter:data1\" content=\"NellyG\" \/>\n\t<meta name=\"twitter:label2\" content=\"Tiempo de lectura\" \/>\n\t<meta name=\"twitter:data2\" content=\"2 minutos\" \/>\n<script type=\"application\/ld+json\" class=\"yoast-schema-graph\">{\"@context\":\"https:\\\/\\\/schema.org\",\"@graph\":[{\"@type\":\"Article\",\"@id\":\"https:\\\/\\\/l21.mx\\\/?p=45577#article\",\"isPartOf\":{\"@id\":\"https:\\\/\\\/l21.mx\\\/?p=45577\"},\"author\":{\"name\":\"NellyG\",\"@id\":\"https:\\\/\\\/l21.mx\\\/#\\\/schema\\\/person\\\/cca68595b80b2f6c4c55a8b254bfbb2a\"},\"headline\":\"R\u00edo revuelto, ganancia de pescadores\",\"datePublished\":\"2021-04-01T12:14:47+00:00\",\"dateModified\":\"2021-04-29T16:43:29+00:00\",\"mainEntityOfPage\":{\"@id\":\"https:\\\/\\\/l21.mx\\\/?p=45577\"},\"wordCount\":470,\"publisher\":{\"@id\":\"https:\\\/\\\/l21.mx\\\/#organization\"},\"image\":{\"@id\":\"https:\\\/\\\/l21.mx\\\/?p=45577#primaryimage\"},\"thumbnailUrl\":\"https:\\\/\\\/l21.mx\\\/wp-content\\\/uploads\\\/2021\\\/04\\\/inna-german-mirada-empresarial.jpg\",\"keywords\":[\"Inna German\"],\"articleSection\":[\"Inna German G\u00f3mez\"],\"inLanguage\":\"es\"},{\"@type\":\"WebPage\",\"@id\":\"https:\\\/\\\/l21.mx\\\/?p=45577\",\"url\":\"https:\\\/\\\/l21.mx\\\/?p=45577\",\"name\":\"R\u00edo revuelto, ganancia de pescadores | Revista Latitud 21\",\"isPartOf\":{\"@id\":\"https:\\\/\\\/l21.mx\\\/#website\"},\"primaryImageOfPage\":{\"@id\":\"https:\\\/\\\/l21.mx\\\/?p=45577#primaryimage\"},\"image\":{\"@id\":\"https:\\\/\\\/l21.mx\\\/?p=45577#primaryimage\"},\"thumbnailUrl\":\"https:\\\/\\\/l21.mx\\\/wp-content\\\/uploads\\\/2021\\\/04\\\/inna-german-mirada-empresarial.jpg\",\"datePublished\":\"2021-04-01T12:14:47+00:00\",\"dateModified\":\"2021-04-29T16:43:29+00:00\",\"description\":\"L21, Emprendedores y Negocios en el Caribe Mexicano, es la revista l\u00edder entre el Sector Empresarial y Tur\u00edstico del Caribe Mexicano.\",\"breadcrumb\":{\"@id\":\"https:\\\/\\\/l21.mx\\\/?p=45577#breadcrumb\"},\"inLanguage\":\"es\",\"potentialAction\":[{\"@type\":\"ReadAction\",\"target\":[\"https:\\\/\\\/l21.mx\\\/?p=45577\"]}]},{\"@type\":\"ImageObject\",\"inLanguage\":\"es\",\"@id\":\"https:\\\/\\\/l21.mx\\\/?p=45577#primaryimage\",\"url\":\"https:\\\/\\\/l21.mx\\\/wp-content\\\/uploads\\\/2021\\\/04\\\/inna-german-mirada-empresarial.jpg\",\"contentUrl\":\"https:\\\/\\\/l21.mx\\\/wp-content\\\/uploads\\\/2021\\\/04\\\/inna-german-mirada-empresarial.jpg\",\"width\":900,\"height\":599},{\"@type\":\"BreadcrumbList\",\"@id\":\"https:\\\/\\\/l21.mx\\\/?p=45577#breadcrumb\",\"itemListElement\":[{\"@type\":\"ListItem\",\"position\":1,\"name\":\"Portada\",\"item\":\"https:\\\/\\\/l21.mx\\\/\"},{\"@type\":\"ListItem\",\"position\":2,\"name\":\"R\u00edo revuelto, ganancia de pescadores\"}]},{\"@type\":\"WebSite\",\"@id\":\"https:\\\/\\\/l21.mx\\\/#website\",\"url\":\"https:\\\/\\\/l21.mx\\\/\",\"name\":\"Revista Latitud 21\",\"description\":\"Emprendedores  y negocios en el Caribe Mexicano\",\"publisher\":{\"@id\":\"https:\\\/\\\/l21.mx\\\/#organization\"},\"potentialAction\":[{\"@type\":\"SearchAction\",\"target\":{\"@type\":\"EntryPoint\",\"urlTemplate\":\"https:\\\/\\\/l21.mx\\\/?s={search_term_string}\"},\"query-input\":{\"@type\":\"PropertyValueSpecification\",\"valueRequired\":true,\"valueName\":\"search_term_string\"}}],\"inLanguage\":\"es\"},{\"@type\":\"Organization\",\"@id\":\"https:\\\/\\\/l21.mx\\\/#organization\",\"name\":\"Grupo Editorial Latitud 21 SA de CV\",\"url\":\"https:\\\/\\\/l21.mx\\\/\",\"logo\":{\"@type\":\"ImageObject\",\"inLanguage\":\"es\",\"@id\":\"https:\\\/\\\/l21.mx\\\/#\\\/schema\\\/logo\\\/image\\\/\",\"url\":\"https:\\\/\\\/l21.mx\\\/wp-content\\\/uploads\\\/2020\\\/10\\\/logo-l21-baja.jpg\",\"contentUrl\":\"https:\\\/\\\/l21.mx\\\/wp-content\\\/uploads\\\/2020\\\/10\\\/logo-l21-baja.jpg\",\"width\":250,\"height\":250,\"caption\":\"Grupo Editorial Latitud 21 SA de CV\"},\"image\":{\"@id\":\"https:\\\/\\\/l21.mx\\\/#\\\/schema\\\/logo\\\/image\\\/\"},\"sameAs\":[\"https:\\\/\\\/www.facebook.com\\\/RevistaLatitud21\\\/\",\"https:\\\/\\\/x.com\\\/Latitud21mx\"]},{\"@type\":\"Person\",\"@id\":\"https:\\\/\\\/l21.mx\\\/#\\\/schema\\\/person\\\/cca68595b80b2f6c4c55a8b254bfbb2a\",\"name\":\"NellyG\",\"url\":\"https:\\\/\\\/l21.mx\\\/?author=100\"}]}<\/script>\n<!-- \/ Yoast SEO plugin. -->","yoast_head_json":{"title":"R\u00edo revuelto, ganancia de pescadores | Revista Latitud 21","description":"L21, Emprendedores y Negocios en el Caribe Mexicano, es la revista l\u00edder entre el Sector Empresarial y Tur\u00edstico del Caribe Mexicano.","robots":{"index":"index","follow":"follow","max-snippet":"max-snippet:-1","max-image-preview":"max-image-preview:large","max-video-preview":"max-video-preview:-1"},"canonical":"https:\/\/l21.mx\/?p=45577","twitter_card":"summary_large_image","twitter_title":"R\u00edo revuelto, ganancia de pescadores | Revista Latitud 21","twitter_description":"L21, Emprendedores y Negocios en el Caribe Mexicano, es la revista l\u00edder entre el Sector Empresarial y Tur\u00edstico del Caribe Mexicano.","twitter_image":"https:\/\/l21.mx\/wp-content\/uploads\/2021\/04\/inna-german-mirada-empresarial.jpg","twitter_creator":"@Latitud21mx","twitter_site":"@Latitud21mx","twitter_misc":{"Escrito por":"NellyG","Tiempo de lectura":"2 minutos"},"schema":{"@context":"https:\/\/schema.org","@graph":[{"@type":"Article","@id":"https:\/\/l21.mx\/?p=45577#article","isPartOf":{"@id":"https:\/\/l21.mx\/?p=45577"},"author":{"name":"NellyG","@id":"https:\/\/l21.mx\/#\/schema\/person\/cca68595b80b2f6c4c55a8b254bfbb2a"},"headline":"R\u00edo revuelto, ganancia de pescadores","datePublished":"2021-04-01T12:14:47+00:00","dateModified":"2021-04-29T16:43:29+00:00","mainEntityOfPage":{"@id":"https:\/\/l21.mx\/?p=45577"},"wordCount":470,"publisher":{"@id":"https:\/\/l21.mx\/#organization"},"image":{"@id":"https:\/\/l21.mx\/?p=45577#primaryimage"},"thumbnailUrl":"https:\/\/l21.mx\/wp-content\/uploads\/2021\/04\/inna-german-mirada-empresarial.jpg","keywords":["Inna German"],"articleSection":["Inna German G\u00f3mez"],"inLanguage":"es"},{"@type":"WebPage","@id":"https:\/\/l21.mx\/?p=45577","url":"https:\/\/l21.mx\/?p=45577","name":"R\u00edo revuelto, ganancia de pescadores | Revista Latitud 21","isPartOf":{"@id":"https:\/\/l21.mx\/#website"},"primaryImageOfPage":{"@id":"https:\/\/l21.mx\/?p=45577#primaryimage"},"image":{"@id":"https:\/\/l21.mx\/?p=45577#primaryimage"},"thumbnailUrl":"https:\/\/l21.mx\/wp-content\/uploads\/2021\/04\/inna-german-mirada-empresarial.jpg","datePublished":"2021-04-01T12:14:47+00:00","dateModified":"2021-04-29T16:43:29+00:00","description":"L21, Emprendedores y Negocios en el Caribe Mexicano, es la revista l\u00edder entre el Sector Empresarial y Tur\u00edstico del Caribe Mexicano.","breadcrumb":{"@id":"https:\/\/l21.mx\/?p=45577#breadcrumb"},"inLanguage":"es","potentialAction":[{"@type":"ReadAction","target":["https:\/\/l21.mx\/?p=45577"]}]},{"@type":"ImageObject","inLanguage":"es","@id":"https:\/\/l21.mx\/?p=45577#primaryimage","url":"https:\/\/l21.mx\/wp-content\/uploads\/2021\/04\/inna-german-mirada-empresarial.jpg","contentUrl":"https:\/\/l21.mx\/wp-content\/uploads\/2021\/04\/inna-german-mirada-empresarial.jpg","width":900,"height":599},{"@type":"BreadcrumbList","@id":"https:\/\/l21.mx\/?p=45577#breadcrumb","itemListElement":[{"@type":"ListItem","position":1,"name":"Portada","item":"https:\/\/l21.mx\/"},{"@type":"ListItem","position":2,"name":"R\u00edo revuelto, ganancia de pescadores"}]},{"@type":"WebSite","@id":"https:\/\/l21.mx\/#website","url":"https:\/\/l21.mx\/","name":"Revista Latitud 21","description":"Emprendedores  y negocios en el Caribe Mexicano","publisher":{"@id":"https:\/\/l21.mx\/#organization"},"potentialAction":[{"@type":"SearchAction","target":{"@type":"EntryPoint","urlTemplate":"https:\/\/l21.mx\/?s={search_term_string}"},"query-input":{"@type":"PropertyValueSpecification","valueRequired":true,"valueName":"search_term_string"}}],"inLanguage":"es"},{"@type":"Organization","@id":"https:\/\/l21.mx\/#organization","name":"Grupo Editorial Latitud 21 SA de CV","url":"https:\/\/l21.mx\/","logo":{"@type":"ImageObject","inLanguage":"es","@id":"https:\/\/l21.mx\/#\/schema\/logo\/image\/","url":"https:\/\/l21.mx\/wp-content\/uploads\/2020\/10\/logo-l21-baja.jpg","contentUrl":"https:\/\/l21.mx\/wp-content\/uploads\/2020\/10\/logo-l21-baja.jpg","width":250,"height":250,"caption":"Grupo Editorial Latitud 21 SA de CV"},"image":{"@id":"https:\/\/l21.mx\/#\/schema\/logo\/image\/"},"sameAs":["https:\/\/www.facebook.com\/RevistaLatitud21\/","https:\/\/x.com\/Latitud21mx"]},{"@type":"Person","@id":"https:\/\/l21.mx\/#\/schema\/person\/cca68595b80b2f6c4c55a8b254bfbb2a","name":"NellyG","url":"https:\/\/l21.mx\/?author=100"}]}},"amp_enabled":true,"_links":{"self":[{"href":"https:\/\/l21.mx\/index.php?rest_route=\/wp\/v2\/posts\/45577","targetHints":{"allow":["GET"]}}],"collection":[{"href":"https:\/\/l21.mx\/index.php?rest_route=\/wp\/v2\/posts"}],"about":[{"href":"https:\/\/l21.mx\/index.php?rest_route=\/wp\/v2\/types\/post"}],"author":[{"embeddable":true,"href":"https:\/\/l21.mx\/index.php?rest_route=\/wp\/v2\/users\/100"}],"replies":[{"embeddable":true,"href":"https:\/\/l21.mx\/index.php?rest_route=%2Fwp%2Fv2%2Fcomments&post=45577"}],"version-history":[{"count":2,"href":"https:\/\/l21.mx\/index.php?rest_route=\/wp\/v2\/posts\/45577\/revisions"}],"predecessor-version":[{"id":46200,"href":"https:\/\/l21.mx\/index.php?rest_route=\/wp\/v2\/posts\/45577\/revisions\/46200"}],"wp:featuredmedia":[{"embeddable":true,"href":"https:\/\/l21.mx\/index.php?rest_route=\/wp\/v2\/media\/46199"}],"wp:attachment":[{"href":"https:\/\/l21.mx\/index.php?rest_route=%2Fwp%2Fv2%2Fmedia&parent=45577"}],"wp:term":[{"taxonomy":"category","embeddable":true,"href":"https:\/\/l21.mx\/index.php?rest_route=%2Fwp%2Fv2%2Fcategories&post=45577"},{"taxonomy":"post_tag","embeddable":true,"href":"https:\/\/l21.mx\/index.php?rest_route=%2Fwp%2Fv2%2Ftags&post=45577"}],"curies":[{"name":"wp","href":"https:\/\/api.w.org\/{rel}","templated":true}]}}