{"id":45731,"date":"2021-04-07T13:30:44","date_gmt":"2021-04-07T18:30:44","guid":{"rendered":"https:\/\/l21.mx\/?p=45731"},"modified":"2021-04-28T11:33:13","modified_gmt":"2021-04-28T16:33:13","slug":"belice-inicia-vacunacion-contra-covid-a-trabajadores-del-sector-turistico","status":"publish","type":"post","link":"https:\/\/l21.mx\/?p=45731","title":{"rendered":"Belice inicia vacunaci\u00f3n contra Covid a trabajadores del sector tur\u00edstico"},"content":{"rendered":"<div><\/div>\n<ul>\n<li><em>Se pusieron a disposici\u00f3n del sector tur\u00edstico 8,000 dosis de la vacuna AstraZeneca.<\/em><\/li>\n<li><em>Trabajadores de primera l\u00ednea en turismo ser\u00e1n de los principales grupos en recibir la vacuna.<\/em><\/li>\n<\/ul>\n<p>La Junta de Turismo de Belize, (BTB), anunci\u00f3 la Segunda Fase de la Campa\u00f1a Nacional de Inmunizaci\u00f3n Covid-19, la cual incluye al sector tur\u00edstico, as\u00ed como a los miembros de la Asamblea Nacional y del Poder Judicial, maestros, polic\u00edas y personal de los departamentos de Aduanas e Inmigraci\u00f3n.<\/p>\n<p>Recientemente, el Ministerio de Turismo y Relaciones con la Di\u00e1spora y la BTB, llevaron a cabo una encuesta entre las partes interesadas de la industria para determinar el n\u00famero de personas dispuestas a aceptar la vacuna. El 87% de los encuestados declararon estar interesados \u200b\u200ben vacunarse.<\/p>\n<p><a href=\"https:\/\/l21.mx\/wp-content\/uploads\/2021\/04\/vacuna.jpg\" data-rel=\"penci-gallery-image-content\" ><img fetchpriority=\"high\" decoding=\"async\" class=\"alignnone size-full wp-image-45733\" src=\"https:\/\/l21.mx\/wp-content\/uploads\/2021\/04\/vacuna.jpg\" alt=\"\" width=\"680\" height=\"340\" srcset=\"https:\/\/l21.mx\/wp-content\/uploads\/2021\/04\/vacuna.jpg 680w, https:\/\/l21.mx\/wp-content\/uploads\/2021\/04\/vacuna-300x150.jpg 300w, https:\/\/l21.mx\/wp-content\/uploads\/2021\/04\/vacuna-585x293.jpg 585w\" sizes=\"(max-width: 680px) 100vw, 680px\" \/><\/a><\/p>\n<p>La Dra. Natalia Largaespada Beer, Asesora T\u00e9cnica del Ministerio de Salud y Bienestar, inform\u00f3 a la BTB que se est\u00e1n poniendo a disposici\u00f3n del sector tur\u00edstico 8,000 dosis de la vacuna AstraZeneca, y que inicialmente, la campa\u00f1a se dirigir\u00e1 a los trabajadores de primera l\u00ednea considerados de alto riesgo. Por esta raz\u00f3n, aquellos que tengan 40 a\u00f1os o m\u00e1s recibir\u00e1n la primera dosis de la vacuna. Est\u00e1 previsto que la segunda dosis se administre dentro de 12 semanas.<\/p>\n<p>\u00abLa disponibilidad de la vacuna COVID-19 para quienes trabajan en el sector tur\u00edstico es una buena noticia. La vacunaci\u00f3n de los trabajadores del turismo de primera l\u00ednea; la reducci\u00f3n de casos activos de COVID-19; el recibo del sello Safe Travels del Consejo Mundial de Viajes y Turismo (WTTC); y la implementaci\u00f3n continua del programa de Certificaci\u00f3n Gold Standard transmitir\u00e1 al mundo que Belize es un destino seguro. Esto nos ayudar\u00e1 en nuestros esfuerzos por aumentar la confianza de los viajeros y atraer visitantes a Belize\u00bb, dijo el Excmo. Anthony Mahler, ministro de Turismo y Relaciones con la Di\u00e1spora.<\/p>\n<p>Seg\u00fan la Dra. Beer, hasta ahora 21,000 belice\u00f1os han recibido la primera dosis de la vacuna. Dijo que el Ministerio de Salud y Bienestar recibir\u00e1 33,600 nuevas dosis de la vacuna como parte del programa COVAX, una iniciativa global orientada al acceso equitativo a las vacunas COVID-19 liderada por UNICEF, Gavi, la Alianza de Vacunas, la Salud Mundial. Organizaci\u00f3n, la Coalici\u00f3n para las Innovaciones en la Preparaci\u00f3n para Epidemias y otros. Se recibir\u00e1n dosis adicionales de la vacuna en las pr\u00f3ximas semanas.<\/p>\n","protected":false},"excerpt":{"rendered":"<p>Se pusieron a disposici\u00f3n del sector tur\u00edstico 8,000 dosis de la vacuna AstraZeneca. Trabajadores de primera&hellip;<\/p>\n","protected":false},"author":100,"featured_media":45732,"comment_status":"closed","ping_status":"closed","sticky":false,"template":"","format":"standard","meta":{"_acf_changed":false,"_lmt_disableupdate":"","_lmt_disable":"","_mbp_gutenberg_autopost":false,"footnotes":""},"categories":[23],"tags":[1287,1288,810,350,1111],"class_list":["post-45731","post","type-post","status-publish","format-standard","has-post-thumbnail","hentry","category-noticias","tag-belice","tag-belize","tag-covid","tag-turismo","tag-vacunas"],"acf":[],"_links":{"self":[{"href":"https:\/\/l21.mx\/index.php?rest_route=\/wp\/v2\/posts\/45731","targetHints":{"allow":["GET"]}}],"collection":[{"href":"https:\/\/l21.mx\/index.php?rest_route=\/wp\/v2\/posts"}],"about":[{"href":"https:\/\/l21.mx\/index.php?rest_route=\/wp\/v2\/types\/post"}],"author":[{"embeddable":true,"href":"https:\/\/l21.mx\/index.php?rest_route=\/wp\/v2\/users\/100"}],"replies":[{"embeddable":true,"href":"https:\/\/l21.mx\/index.php?rest_route=%2Fwp%2Fv2%2Fcomments&post=45731"}],"version-history":[{"count":0,"href":"https:\/\/l21.mx\/index.php?rest_route=\/wp\/v2\/posts\/45731\/revisions"}],"wp:featuredmedia":[{"embeddable":true,"href":"https:\/\/l21.mx\/index.php?rest_route=\/wp\/v2\/media\/45732"}],"wp:attachment":[{"href":"https:\/\/l21.mx\/index.php?rest_route=%2Fwp%2Fv2%2Fmedia&parent=45731"}],"wp:term":[{"taxonomy":"category","embeddable":true,"href":"https:\/\/l21.mx\/index.php?rest_route=%2Fwp%2Fv2%2Fcategories&post=45731"},{"taxonomy":"post_tag","embeddable":true,"href":"https:\/\/l21.mx\/index.php?rest_route=%2Fwp%2Fv2%2Ftags&post=45731"}],"curies":[{"name":"wp","href":"https:\/\/api.w.org\/{rel}","templated":true}]}}