{"id":45743,"date":"2021-04-07T17:55:58","date_gmt":"2021-04-07T22:55:58","guid":{"rendered":"https:\/\/l21.mx\/?p=45743"},"modified":"2021-04-28T11:32:44","modified_gmt":"2021-04-28T16:32:44","slug":"reporta-asur-incremento-de-pasajeros-en-marzo-debido-a-semana-santa","status":"publish","type":"post","link":"https:\/\/l21.mx\/?p=45743","title":{"rendered":"Reporta Asur incremento de pasajeros en marzo debido a Semana Santa"},"content":{"rendered":"<h4>\n<em>Tr\u00e1fico total de pasajeros, incrementos del 0.2% en M\u00e9xico, de 42.9% en<\/em>\u00a0Puerto<em>\u00a0Rico y en Colombia 22.0% reflejando el impacto del Covid-19.<\/em><\/h4>\n<p>Grupo Aeroportuario del Sureste (ASUR) Grupo l\u00edder internacional de<br \/>\naeropuertos con operaciones en M\u00e9xico, Estados Unidos y Colombia,\u00a0 anunci\u00f3<br \/>\nque el total de pasajeros por el periodo de marzo de 2021 increment\u00f3 en<br \/>\n11.3% comparado con marzo de 2020.<\/p>\n<p>Reporta incrementos de 0.2% en M\u00e9xico,<br \/>\nde 42.9% en Puerto Rico y en Colombia 22.0%.<\/p>\n<p>Esto refleja una recuperaci\u00f3n,<br \/>\nprincipalmente en Puerto Rico y Colombia, en comparaci\u00f3n con el per\u00edodo del a\u00f1o anterior, que se vio significativamente afectado por graves ca\u00eddas en los viajes de negocios\u00a0y de placer derivadas de la pandemia de COVID-19.<\/p>\n<p>No obstante, la pandemia\u00a0contin\u00faa afectando los viajes en general, con el tr\u00e1fico en M\u00e9xico relativamente\u00a0sin cambios a\u00f1o contra a\u00f1o.<\/p>\n<p>El tr\u00e1fico en marzo de 2021 tambi\u00e9n se<br \/>\nbenefici\u00f3 de 4 d\u00edas de Semana Santa.<br \/>\nTodas las cifras en este comunicado reflejan comparaciones entre el periodo del 1 al\u00a031 de marzo de 2021 y del 1 al 31 de marzo de 2020.<\/p>\n<p><a href=\"https:\/\/l21.mx\/wp-content\/uploads\/2021\/04\/EoWWml-XUAA-KFi.jpeg\" data-rel=\"penci-gallery-image-content\" ><img fetchpriority=\"high\" decoding=\"async\" class=\"alignnone size-full wp-image-45744\" src=\"https:\/\/l21.mx\/wp-content\/uploads\/2021\/04\/EoWWml-XUAA-KFi.jpeg\" alt=\"\" width=\"680\" height=\"383\" srcset=\"https:\/\/l21.mx\/wp-content\/uploads\/2021\/04\/EoWWml-XUAA-KFi.jpeg 680w, https:\/\/l21.mx\/wp-content\/uploads\/2021\/04\/EoWWml-XUAA-KFi-300x169.jpeg 300w, https:\/\/l21.mx\/wp-content\/uploads\/2021\/04\/EoWWml-XUAA-KFi-585x329.jpeg 585w\" sizes=\"(max-width: 680px) 100vw, 680px\" \/><\/a> <a href=\"https:\/\/l21.mx\/wp-content\/uploads\/2021\/04\/Screenshot_20210407-1748282.png\" data-rel=\"penci-gallery-image-content\" ><img decoding=\"async\" class=\"alignnone size-large wp-image-45745\" src=\"https:\/\/l21.mx\/wp-content\/uploads\/2021\/04\/Screenshot_20210407-1748282.png\" alt=\"\" width=\"640\" height=\"454\" srcset=\"https:\/\/l21.mx\/wp-content\/uploads\/2021\/04\/Screenshot_20210407-1748282.png 720w, https:\/\/l21.mx\/wp-content\/uploads\/2021\/04\/Screenshot_20210407-1748282-300x213.png 300w, https:\/\/l21.mx\/wp-content\/uploads\/2021\/04\/Screenshot_20210407-1748282-100x70.png 100w, https:\/\/l21.mx\/wp-content\/uploads\/2021\/04\/Screenshot_20210407-1748282-585x415.png 585w\" sizes=\"(max-width: 640px) 100vw, 640px\" \/><\/a><\/p>\n<p>Hay que tener en cuenta que\u00a0la Semana Santa de 2020 se llev\u00f3 a cabo entre el 5 y el 12 de abril, mientras que\u00a0para el a\u00f1o 2021 se llev\u00f3 a cabo del 28 de marzo al 4 de abril.<\/p>\n<p>Se excluyen pasajeros\u00a0en tr\u00e1nsito y de aviaci\u00f3n general solo para M\u00e9xico y Colombia.<\/p>\n<p><a href=\"https:\/\/l21.mx\/wp-content\/uploads\/2021\/04\/Screenshot_20210407-1749122.png\" data-rel=\"penci-gallery-image-content\" ><img decoding=\"async\" class=\"alignnone size-full wp-image-45746\" src=\"https:\/\/l21.mx\/wp-content\/uploads\/2021\/04\/Screenshot_20210407-1749122.png\" alt=\"\" width=\"627\" height=\"874\" srcset=\"https:\/\/l21.mx\/wp-content\/uploads\/2021\/04\/Screenshot_20210407-1749122.png 627w, https:\/\/l21.mx\/wp-content\/uploads\/2021\/04\/Screenshot_20210407-1749122-215x300.png 215w, https:\/\/l21.mx\/wp-content\/uploads\/2021\/04\/Screenshot_20210407-1749122-585x815.png 585w\" sizes=\"(max-width: 627px) 100vw, 627px\" \/><\/a><\/p>\n","protected":false},"excerpt":{"rendered":"<p>Tr\u00e1fico total de pasajeros, incrementos del 0.2% en M\u00e9xico, de 42.9% en\u00a0Puerto\u00a0Rico y en Colombia 22.0%&hellip;<\/p>\n","protected":false},"author":100,"featured_media":45744,"comment_status":"closed","ping_status":"closed","sticky":false,"template":"","format":"standard","meta":{"_acf_changed":false,"_lmt_disableupdate":"","_lmt_disable":"","_mbp_gutenberg_autopost":false,"footnotes":""},"categories":[23],"tags":[565,388,48,1213],"class_list":["post-45743","post","type-post","status-publish","format-standard","has-post-thumbnail","hentry","category-noticias","tag-aeropuerto","tag-asur","tag-cancun","tag-semana-santa"],"acf":[],"_links":{"self":[{"href":"https:\/\/l21.mx\/index.php?rest_route=\/wp\/v2\/posts\/45743","targetHints":{"allow":["GET"]}}],"collection":[{"href":"https:\/\/l21.mx\/index.php?rest_route=\/wp\/v2\/posts"}],"about":[{"href":"https:\/\/l21.mx\/index.php?rest_route=\/wp\/v2\/types\/post"}],"author":[{"embeddable":true,"href":"https:\/\/l21.mx\/index.php?rest_route=\/wp\/v2\/users\/100"}],"replies":[{"embeddable":true,"href":"https:\/\/l21.mx\/index.php?rest_route=%2Fwp%2Fv2%2Fcomments&post=45743"}],"version-history":[{"count":0,"href":"https:\/\/l21.mx\/index.php?rest_route=\/wp\/v2\/posts\/45743\/revisions"}],"wp:featuredmedia":[{"embeddable":true,"href":"https:\/\/l21.mx\/index.php?rest_route=\/wp\/v2\/media\/45744"}],"wp:attachment":[{"href":"https:\/\/l21.mx\/index.php?rest_route=%2Fwp%2Fv2%2Fmedia&parent=45743"}],"wp:term":[{"taxonomy":"category","embeddable":true,"href":"https:\/\/l21.mx\/index.php?rest_route=%2Fwp%2Fv2%2Fcategories&post=45743"},{"taxonomy":"post_tag","embeddable":true,"href":"https:\/\/l21.mx\/index.php?rest_route=%2Fwp%2Fv2%2Ftags&post=45743"}],"curies":[{"name":"wp","href":"https:\/\/api.w.org\/{rel}","templated":true}]}}