{"id":46234,"date":"2021-04-30T11:05:32","date_gmt":"2021-04-30T16:05:32","guid":{"rendered":"https:\/\/l21.mx\/?p=46234"},"modified":"2021-04-30T11:13:17","modified_gmt":"2021-04-30T16:13:17","slug":"carlos-joaquin-en-top-ten-de-gobernadores-mejores-evaluados-en-el-indice-de-confianza","status":"publish","type":"post","link":"https:\/\/l21.mx\/?p=46234","title":{"rendered":"Carlos Joaqu\u00edn, en Top Ten de gobernadores mejores evaluados en el \u00edndice de confianza"},"content":{"rendered":"\n<pre class=\"wp-block-preformatted\">*Ocupa el sexto lugar nacional en la \u00faltima encuesta de Massive Caller<\/pre>\n\n\n\n<p class=\"wp-block-paragraph\">Chetumal. \u2013 El gobernador de Quintana Roo, Carlos Joaqu\u00edn, se encuentra en el Top 10 de gobernadores mejor evaluados, ocupando el sexto lugar en el \u00edndice de confianza, de acuerdo con la \u00faltima encuesta de Massive Caller.<\/p>\n\n\n\n<p class=\"wp-block-paragraph\">Esta calificaci\u00f3n es resultado de las pol\u00edticas p\u00fablicas implementadas en favor de las y los quintanarroenses desde el inicio de su gobierno. La encuesta fue elaborada el 22 de abril pasado.<\/p>\n\n\n\n<p class=\"wp-block-paragraph\">Las encuestas fueron levantadas mediante la t\u00e9cnica de \u201crobot\u201d en grabaciones enviadas a los hogares que son contestadas por el propio entrevistado, realizando las llamadas en forma aleatoria a fin de que sean representativas.<\/p>\n\n\n\n<p class=\"wp-block-paragraph\">Se realiz\u00f3 a poblaci\u00f3n objetivo hombre y mujer de m\u00e1s de 18 a\u00f1os de edad.<\/p>\n\n\n\n<figure class=\"wp-block-image size-large\"><a href=\"https:\/\/l21.mx\/wp-content\/uploads\/2021\/04\/top-ten-carlos-joaquin.jpg.jpeg\" data-rel=\"penci-gallery-image-content\" ><img fetchpriority=\"high\" decoding=\"async\" width=\"1024\" height=\"780\" src=\"https:\/\/l21.mx\/wp-content\/uploads\/2021\/04\/top-ten-carlos-joaquin.jpg-1024x780.jpeg\" alt=\"\" class=\"wp-image-46235\" srcset=\"https:\/\/l21.mx\/wp-content\/uploads\/2021\/04\/top-ten-carlos-joaquin.jpg-1024x780.jpeg 1024w, https:\/\/l21.mx\/wp-content\/uploads\/2021\/04\/top-ten-carlos-joaquin.jpg-300x229.jpeg 300w, https:\/\/l21.mx\/wp-content\/uploads\/2021\/04\/top-ten-carlos-joaquin.jpg-768x585.jpeg 768w, https:\/\/l21.mx\/wp-content\/uploads\/2021\/04\/top-ten-carlos-joaquin.jpg-1170x891.jpeg 1170w, https:\/\/l21.mx\/wp-content\/uploads\/2021\/04\/top-ten-carlos-joaquin.jpg-585x446.jpeg 585w, https:\/\/l21.mx\/wp-content\/uploads\/2021\/04\/top-ten-carlos-joaquin.jpg.jpeg 1242w\" sizes=\"(max-width: 1024px) 100vw, 1024px\" \/><\/a><\/figure>\n\n\n\n<p class=\"wp-block-paragraph\"><\/p>\n\n\n\n<p class=\"wp-block-paragraph\">Massive Caller tambi\u00e9n situ\u00f3 al gobernador de Quintana Roo entre los gobernadores del pa\u00eds con mayor aprobaci\u00f3n por parte de la ciudadan\u00eda.<\/p>\n","protected":false},"excerpt":{"rendered":"<p>*Ocupa el sexto lugar nacional en la \u00faltima encuesta de Massive Caller Chetumal. \u2013 El gobernador&hellip;<\/p>\n","protected":false},"author":100,"featured_media":46144,"comment_status":"closed","ping_status":"closed","sticky":false,"template":"","format":"standard","meta":{"_acf_changed":false,"_lmt_disableupdate":"","_lmt_disable":"","_mbp_gutenberg_autopost":false,"footnotes":""},"categories":[23],"tags":[],"class_list":["post-46234","post","type-post","status-publish","format-standard","has-post-thumbnail","hentry","category-noticias"],"acf":[],"_links":{"self":[{"href":"https:\/\/l21.mx\/index.php?rest_route=\/wp\/v2\/posts\/46234","targetHints":{"allow":["GET"]}}],"collection":[{"href":"https:\/\/l21.mx\/index.php?rest_route=\/wp\/v2\/posts"}],"about":[{"href":"https:\/\/l21.mx\/index.php?rest_route=\/wp\/v2\/types\/post"}],"author":[{"embeddable":true,"href":"https:\/\/l21.mx\/index.php?rest_route=\/wp\/v2\/users\/100"}],"replies":[{"embeddable":true,"href":"https:\/\/l21.mx\/index.php?rest_route=%2Fwp%2Fv2%2Fcomments&post=46234"}],"version-history":[{"count":0,"href":"https:\/\/l21.mx\/index.php?rest_route=\/wp\/v2\/posts\/46234\/revisions"}],"wp:featuredmedia":[{"embeddable":true,"href":"https:\/\/l21.mx\/index.php?rest_route=\/wp\/v2\/media\/46144"}],"wp:attachment":[{"href":"https:\/\/l21.mx\/index.php?rest_route=%2Fwp%2Fv2%2Fmedia&parent=46234"}],"wp:term":[{"taxonomy":"category","embeddable":true,"href":"https:\/\/l21.mx\/index.php?rest_route=%2Fwp%2Fv2%2Fcategories&post=46234"},{"taxonomy":"post_tag","embeddable":true,"href":"https:\/\/l21.mx\/index.php?rest_route=%2Fwp%2Fv2%2Ftags&post=46234"}],"curies":[{"name":"wp","href":"https:\/\/api.w.org\/{rel}","templated":true}]}}