{"id":46264,"date":"2021-04-30T19:40:47","date_gmt":"2021-05-01T00:40:47","guid":{"rendered":"https:\/\/l21.mx\/?p=46264"},"modified":"2021-04-30T19:44:16","modified_gmt":"2021-05-01T00:44:16","slug":"triatlon-challenge-cancun","status":"publish","type":"post","link":"https:\/\/l21.mx\/?p=46264","title":{"rendered":"Triatl\u00f3n Challenge Canc\u00fan \u2022 2 de mayo"},"content":{"rendered":"\n<p class=\"wp-block-paragraph\"><\/p>\n\n\n\n<p class=\"wp-block-paragraph\"><strong>Nuevamente, Canc\u00fan ser\u00e1 sede de uno de los eventos multideporte m\u00e1s importantes en M\u00e9xico: el <a href=\"https:\/\/challenge-cancun.com\" target=\"_blank\" rel=\"noreferrer noopener\">Triatl\u00f3n Challenge 2021<\/a>, que servir\u00e1 para que luzcan los impactantes escenarios del Caribe Mexicano, as\u00ed como se muestren los protocolos sanitarios, antes, durante y despu\u00e9s de la carrera. La competencia iniciar\u00e1 en Playa Langosta, donde los atletas nadar\u00e1n 1.9 km, para continuar con una espectacular ruta de ciclismo que recorrer\u00e1 la Av. Bonampak y Blvd. Kukulc\u00e1n, un circuito que demanda repetidas vueltas hasta completar 90 Km. La transici\u00f3n 2 se ubicar\u00e1 en el centro de Canc\u00fan, aprovechando la belleza natural de Tajamar, donde iniciar\u00e1 el recorrido de 21 Km sobre la Av. Bonampak, completando 3 vueltas, para llegar a la meta ubicada frente a la Laguna Nichupt\u00e9.<\/strong><\/p>\n","protected":false},"excerpt":{"rendered":"<p>Nuevamente, Canc\u00fan ser\u00e1 sede de uno de los eventos multideporte m\u00e1s importantes en M\u00e9xico: el Triatl\u00f3n&hellip;<\/p>\n","protected":false},"author":95,"featured_media":46265,"comment_status":"closed","ping_status":"closed","sticky":false,"template":"","format":"standard","meta":{"_acf_changed":false,"_lmt_disableupdate":"","_lmt_disable":"","_mbp_gutenberg_autopost":false,"footnotes":""},"categories":[476,23],"tags":[],"class_list":["post-46264","post","type-post","status-publish","format-standard","has-post-thumbnail","hentry","category-agenda","category-noticias"],"acf":[],"_links":{"self":[{"href":"https:\/\/l21.mx\/index.php?rest_route=\/wp\/v2\/posts\/46264","targetHints":{"allow":["GET"]}}],"collection":[{"href":"https:\/\/l21.mx\/index.php?rest_route=\/wp\/v2\/posts"}],"about":[{"href":"https:\/\/l21.mx\/index.php?rest_route=\/wp\/v2\/types\/post"}],"author":[{"embeddable":true,"href":"https:\/\/l21.mx\/index.php?rest_route=\/wp\/v2\/users\/95"}],"replies":[{"embeddable":true,"href":"https:\/\/l21.mx\/index.php?rest_route=%2Fwp%2Fv2%2Fcomments&post=46264"}],"version-history":[{"count":0,"href":"https:\/\/l21.mx\/index.php?rest_route=\/wp\/v2\/posts\/46264\/revisions"}],"wp:featuredmedia":[{"embeddable":true,"href":"https:\/\/l21.mx\/index.php?rest_route=\/wp\/v2\/media\/46265"}],"wp:attachment":[{"href":"https:\/\/l21.mx\/index.php?rest_route=%2Fwp%2Fv2%2Fmedia&parent=46264"}],"wp:term":[{"taxonomy":"category","embeddable":true,"href":"https:\/\/l21.mx\/index.php?rest_route=%2Fwp%2Fv2%2Fcategories&post=46264"},{"taxonomy":"post_tag","embeddable":true,"href":"https:\/\/l21.mx\/index.php?rest_route=%2Fwp%2Fv2%2Ftags&post=46264"}],"curies":[{"name":"wp","href":"https:\/\/api.w.org\/{rel}","templated":true}]}}