{"id":466,"date":"2012-11-16T00:29:33","date_gmt":"2012-11-16T00:29:33","guid":{"rendered":"http:\/\/innovatori.space\/lat21\/?p=466"},"modified":"2012-11-16T00:29:34","modified_gmt":"2012-11-16T00:29:34","slug":"el-dorado-generations-maroma-en-riviera-maya-%e2%86%91%e2%86%91","status":"publish","type":"post","link":"https:\/\/l21.mx\/?p=466","title":{"rendered":"El Dorado Generations Maroma en Riviera Maya \u2191\u2191"},"content":{"rendered":"<p><a href=\"http:\/\/l21.mx\/wp-content\/uploads\/2012\/11\/eldoradogeneration.png\" data-rel=\"penci-gallery-image-content\" ><img fetchpriority=\"high\" decoding=\"async\" class=\"size-full wp-image-467 alignleft\" title=\"eldoradogeneration\" src=\"http:\/\/l21.mx\/wp-content\/uploads\/2012\/11\/eldoradogeneration.png\" alt=\"\" width=\"489\" height=\"366\" srcset=\"https:\/\/l21.mx\/wp-content\/uploads\/2012\/11\/eldoradogeneration.png 489w, https:\/\/l21.mx\/wp-content\/uploads\/2012\/11\/eldoradogeneration-300x224.png 300w, https:\/\/l21.mx\/wp-content\/uploads\/2012\/11\/eldoradogeneration-113x85.png 113w, https:\/\/l21.mx\/wp-content\/uploads\/2012\/11\/eldoradogeneration-167x124.png 167w, https:\/\/l21.mx\/wp-content\/uploads\/2012\/11\/eldoradogeneration-80x59.png 80w\" sizes=\"(max-width: 489px) 100vw, 489px\" \/><\/a><\/p>\n<p>&nbsp;<\/p>\n<p>&nbsp;<\/p>\n<p>&nbsp;<\/p>\n<p>&nbsp;<\/p>\n<p>&nbsp;<\/p>\n<p>&nbsp;<\/p>\n<p>&nbsp;<\/p>\n<p>&nbsp;<\/p>\n<p>&nbsp;<\/p>\n<p>El hotel n\u00famero cuatro del Grupo Lomas Travel que comanda Jos\u00e9 Luis Mart\u00ednez, agreg\u00f3 a su oferta hotelera, este predio de 18 habitaciones, bar, centro de acondicionamiento f\u00edsico, club para ni\u00f1os, restaurante y los servicios de la Marina Maroma. Tiene una extensi\u00f3n de mil m2. Dio empleo directo a una veintena de personas e indirecto a 30.<br \/>\nKm 55 de la carretera Canc\u00fan \u2013 Chetumal. Tel\u00e9fono (984)20-63-40.<\/p>\n","protected":false},"excerpt":{"rendered":"<p>&nbsp; &nbsp; &nbsp; &nbsp; &nbsp; &nbsp; &nbsp; &nbsp; &nbsp; El hotel n\u00famero cuatro del Grupo Lomas&hellip;<\/p>\n","protected":false},"author":100,"featured_media":468,"comment_status":"open","ping_status":"open","sticky":false,"template":"","format":"standard","meta":{"_acf_changed":false,"_lmt_disableupdate":"","_lmt_disable":"","_mbp_gutenberg_autopost":false,"footnotes":""},"categories":[10],"tags":[],"class_list":["post-466","post","type-post","status-publish","format-standard","has-post-thumbnail","hentry","category-sube-y-baja"],"acf":[],"yoast_head":"<!-- This site is optimized with the Yoast SEO plugin v27.5 - https:\/\/yoast.com\/product\/yoast-seo-wordpress\/ -->\n<title>El Dorado Generations Maroma en Riviera Maya \u2191\u2191 | Revista Latitud 21<\/title>\n<meta name=\"description\" content=\"L21, Emprendedores y Negocios en el Caribe Mexicano, es la revista l\u00edder entre el Sector Empresarial y Tur\u00edstico del Caribe Mexicano.\" \/>\n<meta name=\"robots\" content=\"index, follow, max-snippet:-1, max-image-preview:large, max-video-preview:-1\" \/>\n<link rel=\"canonical\" href=\"https:\/\/l21.mx\/?p=466\" \/>\n<meta name=\"twitter:card\" content=\"summary_large_image\" \/>\n<meta name=\"twitter:title\" content=\"El Dorado Generations Maroma en Riviera Maya \u2191\u2191 | Revista Latitud 21\" \/>\n<meta name=\"twitter:description\" content=\"L21, Emprendedores y Negocios en el Caribe Mexicano, es la revista l\u00edder entre el Sector Empresarial y Tur\u00edstico del Caribe Mexicano.\" \/>\n<meta name=\"twitter:image\" content=\"https:\/\/l21.mx\/wp-content\/uploads\/2012\/11\/eldoradogenerationmed.jpg\" \/>\n<meta name=\"twitter:creator\" content=\"@Latitud21mx\" \/>\n<meta name=\"twitter:site\" content=\"@Latitud21mx\" \/>\n<meta name=\"twitter:label1\" content=\"Escrito por\" \/>\n\t<meta name=\"twitter:data1\" content=\"NellyG\" \/>\n<script type=\"application\/ld+json\" class=\"yoast-schema-graph\">{\"@context\":\"https:\\\/\\\/schema.org\",\"@graph\":[{\"@type\":\"Article\",\"@id\":\"https:\\\/\\\/l21.mx\\\/?p=466#article\",\"isPartOf\":{\"@id\":\"https:\\\/\\\/l21.mx\\\/?p=466\"},\"author\":{\"name\":\"NellyG\",\"@id\":\"https:\\\/\\\/l21.mx\\\/#\\\/schema\\\/person\\\/cca68595b80b2f6c4c55a8b254bfbb2a\"},\"headline\":\"El Dorado Generations Maroma en Riviera Maya \u2191\u2191\",\"datePublished\":\"2012-11-16T00:29:33+00:00\",\"dateModified\":\"2012-11-16T00:29:34+00:00\",\"mainEntityOfPage\":{\"@id\":\"https:\\\/\\\/l21.mx\\\/?p=466\"},\"wordCount\":87,\"commentCount\":0,\"publisher\":{\"@id\":\"https:\\\/\\\/l21.mx\\\/#organization\"},\"image\":{\"@id\":\"https:\\\/\\\/l21.mx\\\/?p=466#primaryimage\"},\"thumbnailUrl\":\"https:\\\/\\\/l21.mx\\\/wp-content\\\/uploads\\\/2012\\\/11\\\/eldoradogenerationmed.jpg\",\"articleSection\":[\"Sube y Baja\"],\"inLanguage\":\"es\",\"potentialAction\":[{\"@type\":\"CommentAction\",\"name\":\"Comment\",\"target\":[\"https:\\\/\\\/l21.mx\\\/?p=466#respond\"]}]},{\"@type\":\"WebPage\",\"@id\":\"https:\\\/\\\/l21.mx\\\/?p=466\",\"url\":\"https:\\\/\\\/l21.mx\\\/?p=466\",\"name\":\"El Dorado Generations Maroma en Riviera Maya \u2191\u2191 | Revista Latitud 21\",\"isPartOf\":{\"@id\":\"https:\\\/\\\/l21.mx\\\/#website\"},\"primaryImageOfPage\":{\"@id\":\"https:\\\/\\\/l21.mx\\\/?p=466#primaryimage\"},\"image\":{\"@id\":\"https:\\\/\\\/l21.mx\\\/?p=466#primaryimage\"},\"thumbnailUrl\":\"https:\\\/\\\/l21.mx\\\/wp-content\\\/uploads\\\/2012\\\/11\\\/eldoradogenerationmed.jpg\",\"datePublished\":\"2012-11-16T00:29:33+00:00\",\"dateModified\":\"2012-11-16T00:29:34+00:00\",\"description\":\"L21, Emprendedores y Negocios en el Caribe Mexicano, es la revista l\u00edder entre el Sector Empresarial y Tur\u00edstico del Caribe Mexicano.\",\"breadcrumb\":{\"@id\":\"https:\\\/\\\/l21.mx\\\/?p=466#breadcrumb\"},\"inLanguage\":\"es\",\"potentialAction\":[{\"@type\":\"ReadAction\",\"target\":[\"https:\\\/\\\/l21.mx\\\/?p=466\"]}]},{\"@type\":\"ImageObject\",\"inLanguage\":\"es\",\"@id\":\"https:\\\/\\\/l21.mx\\\/?p=466#primaryimage\",\"url\":\"https:\\\/\\\/l21.mx\\\/wp-content\\\/uploads\\\/2012\\\/11\\\/eldoradogenerationmed.jpg\",\"contentUrl\":\"https:\\\/\\\/l21.mx\\\/wp-content\\\/uploads\\\/2012\\\/11\\\/eldoradogenerationmed.jpg\",\"width\":\"167\",\"height\":\"108\"},{\"@type\":\"BreadcrumbList\",\"@id\":\"https:\\\/\\\/l21.mx\\\/?p=466#breadcrumb\",\"itemListElement\":[{\"@type\":\"ListItem\",\"position\":1,\"name\":\"Portada\",\"item\":\"https:\\\/\\\/l21.mx\\\/\"},{\"@type\":\"ListItem\",\"position\":2,\"name\":\"El Dorado Generations Maroma en Riviera Maya \u2191\u2191\"}]},{\"@type\":\"WebSite\",\"@id\":\"https:\\\/\\\/l21.mx\\\/#website\",\"url\":\"https:\\\/\\\/l21.mx\\\/\",\"name\":\"Revista Latitud 21\",\"description\":\"Emprendedores  y negocios en el Caribe Mexicano\",\"publisher\":{\"@id\":\"https:\\\/\\\/l21.mx\\\/#organization\"},\"potentialAction\":[{\"@type\":\"SearchAction\",\"target\":{\"@type\":\"EntryPoint\",\"urlTemplate\":\"https:\\\/\\\/l21.mx\\\/?s={search_term_string}\"},\"query-input\":{\"@type\":\"PropertyValueSpecification\",\"valueRequired\":true,\"valueName\":\"search_term_string\"}}],\"inLanguage\":\"es\"},{\"@type\":\"Organization\",\"@id\":\"https:\\\/\\\/l21.mx\\\/#organization\",\"name\":\"Grupo Editorial Latitud 21 SA de CV\",\"url\":\"https:\\\/\\\/l21.mx\\\/\",\"logo\":{\"@type\":\"ImageObject\",\"inLanguage\":\"es\",\"@id\":\"https:\\\/\\\/l21.mx\\\/#\\\/schema\\\/logo\\\/image\\\/\",\"url\":\"https:\\\/\\\/l21.mx\\\/wp-content\\\/uploads\\\/2020\\\/10\\\/logo-l21-baja.jpg\",\"contentUrl\":\"https:\\\/\\\/l21.mx\\\/wp-content\\\/uploads\\\/2020\\\/10\\\/logo-l21-baja.jpg\",\"width\":250,\"height\":250,\"caption\":\"Grupo Editorial Latitud 21 SA de CV\"},\"image\":{\"@id\":\"https:\\\/\\\/l21.mx\\\/#\\\/schema\\\/logo\\\/image\\\/\"},\"sameAs\":[\"https:\\\/\\\/www.facebook.com\\\/RevistaLatitud21\\\/\",\"https:\\\/\\\/x.com\\\/Latitud21mx\"]},{\"@type\":\"Person\",\"@id\":\"https:\\\/\\\/l21.mx\\\/#\\\/schema\\\/person\\\/cca68595b80b2f6c4c55a8b254bfbb2a\",\"name\":\"NellyG\",\"url\":\"https:\\\/\\\/l21.mx\\\/?author=100\"}]}<\/script>\n<!-- \/ Yoast SEO plugin. -->","yoast_head_json":{"title":"El Dorado Generations Maroma en Riviera Maya \u2191\u2191 | Revista Latitud 21","description":"L21, Emprendedores y Negocios en el Caribe Mexicano, es la revista l\u00edder entre el Sector Empresarial y Tur\u00edstico del Caribe Mexicano.","robots":{"index":"index","follow":"follow","max-snippet":"max-snippet:-1","max-image-preview":"max-image-preview:large","max-video-preview":"max-video-preview:-1"},"canonical":"https:\/\/l21.mx\/?p=466","twitter_card":"summary_large_image","twitter_title":"El Dorado Generations Maroma en Riviera Maya \u2191\u2191 | Revista Latitud 21","twitter_description":"L21, Emprendedores y Negocios en el Caribe Mexicano, es la revista l\u00edder entre el Sector Empresarial y Tur\u00edstico del Caribe Mexicano.","twitter_image":"https:\/\/l21.mx\/wp-content\/uploads\/2012\/11\/eldoradogenerationmed.jpg","twitter_creator":"@Latitud21mx","twitter_site":"@Latitud21mx","twitter_misc":{"Escrito por":"NellyG"},"schema":{"@context":"https:\/\/schema.org","@graph":[{"@type":"Article","@id":"https:\/\/l21.mx\/?p=466#article","isPartOf":{"@id":"https:\/\/l21.mx\/?p=466"},"author":{"name":"NellyG","@id":"https:\/\/l21.mx\/#\/schema\/person\/cca68595b80b2f6c4c55a8b254bfbb2a"},"headline":"El Dorado Generations Maroma en Riviera Maya \u2191\u2191","datePublished":"2012-11-16T00:29:33+00:00","dateModified":"2012-11-16T00:29:34+00:00","mainEntityOfPage":{"@id":"https:\/\/l21.mx\/?p=466"},"wordCount":87,"commentCount":0,"publisher":{"@id":"https:\/\/l21.mx\/#organization"},"image":{"@id":"https:\/\/l21.mx\/?p=466#primaryimage"},"thumbnailUrl":"https:\/\/l21.mx\/wp-content\/uploads\/2012\/11\/eldoradogenerationmed.jpg","articleSection":["Sube y Baja"],"inLanguage":"es","potentialAction":[{"@type":"CommentAction","name":"Comment","target":["https:\/\/l21.mx\/?p=466#respond"]}]},{"@type":"WebPage","@id":"https:\/\/l21.mx\/?p=466","url":"https:\/\/l21.mx\/?p=466","name":"El Dorado Generations Maroma en Riviera Maya \u2191\u2191 | Revista Latitud 21","isPartOf":{"@id":"https:\/\/l21.mx\/#website"},"primaryImageOfPage":{"@id":"https:\/\/l21.mx\/?p=466#primaryimage"},"image":{"@id":"https:\/\/l21.mx\/?p=466#primaryimage"},"thumbnailUrl":"https:\/\/l21.mx\/wp-content\/uploads\/2012\/11\/eldoradogenerationmed.jpg","datePublished":"2012-11-16T00:29:33+00:00","dateModified":"2012-11-16T00:29:34+00:00","description":"L21, Emprendedores y Negocios en el Caribe Mexicano, es la revista l\u00edder entre el Sector Empresarial y Tur\u00edstico del Caribe Mexicano.","breadcrumb":{"@id":"https:\/\/l21.mx\/?p=466#breadcrumb"},"inLanguage":"es","potentialAction":[{"@type":"ReadAction","target":["https:\/\/l21.mx\/?p=466"]}]},{"@type":"ImageObject","inLanguage":"es","@id":"https:\/\/l21.mx\/?p=466#primaryimage","url":"https:\/\/l21.mx\/wp-content\/uploads\/2012\/11\/eldoradogenerationmed.jpg","contentUrl":"https:\/\/l21.mx\/wp-content\/uploads\/2012\/11\/eldoradogenerationmed.jpg","width":"167","height":"108"},{"@type":"BreadcrumbList","@id":"https:\/\/l21.mx\/?p=466#breadcrumb","itemListElement":[{"@type":"ListItem","position":1,"name":"Portada","item":"https:\/\/l21.mx\/"},{"@type":"ListItem","position":2,"name":"El Dorado Generations Maroma en Riviera Maya \u2191\u2191"}]},{"@type":"WebSite","@id":"https:\/\/l21.mx\/#website","url":"https:\/\/l21.mx\/","name":"Revista Latitud 21","description":"Emprendedores  y negocios en el Caribe Mexicano","publisher":{"@id":"https:\/\/l21.mx\/#organization"},"potentialAction":[{"@type":"SearchAction","target":{"@type":"EntryPoint","urlTemplate":"https:\/\/l21.mx\/?s={search_term_string}"},"query-input":{"@type":"PropertyValueSpecification","valueRequired":true,"valueName":"search_term_string"}}],"inLanguage":"es"},{"@type":"Organization","@id":"https:\/\/l21.mx\/#organization","name":"Grupo Editorial Latitud 21 SA de CV","url":"https:\/\/l21.mx\/","logo":{"@type":"ImageObject","inLanguage":"es","@id":"https:\/\/l21.mx\/#\/schema\/logo\/image\/","url":"https:\/\/l21.mx\/wp-content\/uploads\/2020\/10\/logo-l21-baja.jpg","contentUrl":"https:\/\/l21.mx\/wp-content\/uploads\/2020\/10\/logo-l21-baja.jpg","width":250,"height":250,"caption":"Grupo Editorial Latitud 21 SA de CV"},"image":{"@id":"https:\/\/l21.mx\/#\/schema\/logo\/image\/"},"sameAs":["https:\/\/www.facebook.com\/RevistaLatitud21\/","https:\/\/x.com\/Latitud21mx"]},{"@type":"Person","@id":"https:\/\/l21.mx\/#\/schema\/person\/cca68595b80b2f6c4c55a8b254bfbb2a","name":"NellyG","url":"https:\/\/l21.mx\/?author=100"}]}},"amp_enabled":true,"_links":{"self":[{"href":"https:\/\/l21.mx\/index.php?rest_route=\/wp\/v2\/posts\/466","targetHints":{"allow":["GET"]}}],"collection":[{"href":"https:\/\/l21.mx\/index.php?rest_route=\/wp\/v2\/posts"}],"about":[{"href":"https:\/\/l21.mx\/index.php?rest_route=\/wp\/v2\/types\/post"}],"author":[{"embeddable":true,"href":"https:\/\/l21.mx\/index.php?rest_route=\/wp\/v2\/users\/100"}],"replies":[{"embeddable":true,"href":"https:\/\/l21.mx\/index.php?rest_route=%2Fwp%2Fv2%2Fcomments&post=466"}],"version-history":[{"count":0,"href":"https:\/\/l21.mx\/index.php?rest_route=\/wp\/v2\/posts\/466\/revisions"}],"wp:featuredmedia":[{"embeddable":true,"href":"https:\/\/l21.mx\/index.php?rest_route=\/wp\/v2\/media\/468"}],"wp:attachment":[{"href":"https:\/\/l21.mx\/index.php?rest_route=%2Fwp%2Fv2%2Fmedia&parent=466"}],"wp:term":[{"taxonomy":"category","embeddable":true,"href":"https:\/\/l21.mx\/index.php?rest_route=%2Fwp%2Fv2%2Fcategories&post=466"},{"taxonomy":"post_tag","embeddable":true,"href":"https:\/\/l21.mx\/index.php?rest_route=%2Fwp%2Fv2%2Ftags&post=466"}],"curies":[{"name":"wp","href":"https:\/\/api.w.org\/{rel}","templated":true}]}}