{"id":46807,"date":"2021-06-01T09:12:30","date_gmt":"2021-06-01T14:12:30","guid":{"rendered":"https:\/\/l21.mx\/?p=46807"},"modified":"2021-06-01T09:13:35","modified_gmt":"2021-06-01T14:13:35","slug":"quintana-roo-brilla-en-la-fitur","status":"publish","type":"post","link":"https:\/\/l21.mx\/?p=46807","title":{"rendered":"Quintana Roo brilla en la Fitur"},"content":{"rendered":"\n<p class=\"wp-block-paragraph\"><\/p>\n\n\n\n<p class=\"wp-block-paragraph\">En la primera Feria Internacional de Turismo con formato presencial en tiempos de pandemia, destaca el Caribe Mexicano como ejemplo de recuperaci\u00f3n mundial<\/p>\n\n\n\n<p class=\"wp-block-paragraph\">La implementaci\u00f3n de los protocolos de higiene en los establecimientos tur\u00edsticos, su conectividad a\u00e9rea y la estrategia de mercadotecnia, son claves para la recuperaci\u00f3n del turismo en Quintana Roo y eso qued\u00f3 de manifiesto como ejemplo a nivel mundial, durante la Feria Internacional de Turismo de Espa\u00f1a (Fitur) que se llev\u00f3 a cabo en Madrid, Espa\u00f1a.<\/p>\n\n\n\n<p class=\"wp-block-paragraph\">Como parte de las actividades, el Consejo de Promoci\u00f3n Tur\u00edstica de Quintana Roo en su calidad de Miembro Afiliado de la Organizaci\u00f3n Mundial de Turismo,&nbsp;particip\u00f3&nbsp;en el evento \u00abRecuperaci\u00f3n del turismo\u00bb con el tema: Estrategias de Marketing para la recuperaci\u00f3n Tur\u00edstica.&nbsp;<\/p>\n\n\n\n<p class=\"wp-block-paragraph\">El Caribe Mexicano tuvo su propio pabell\u00f3n, en el que promovieron todos los destinos del estado y a la par sostuvieron reuniones con touroperadores, medios de comunicaci\u00f3n especializados en turismo y agencias de viajes.&nbsp;<\/p>\n\n\n\n<p class=\"wp-block-paragraph\">La delegaci\u00f3n de Quintana Roo que viaj\u00f3 a Espa\u00f1a estuvo integrada tanto por el gobierno como la iniciativa privada, entre los participantes destacaron: Grupo Xcaret, Oasis Hotels, la Asociaci\u00f3n de Hoteles de Canc\u00fan; adem\u00e1s de Riviera Maya y Tulum; los municipios de Cozumel, Puerto Morelos, Solidaridad, Tulum y todos los destinos del Caribe Mexicano; y Grupo Aeroportuario del Sureste (Asur), por mencionar algunos.<\/p>\n\n\n\n<p class=\"wp-block-paragraph\"><\/p>\n\n\n\n<figure class=\"wp-block-image size-large\"><a href=\"https:\/\/l21.mx\/wp-content\/uploads\/2021\/06\/fitur-2021-2.jpg\" data-rel=\"penci-gallery-image-content\" ><img fetchpriority=\"high\" decoding=\"async\" width=\"1024\" height=\"580\" src=\"https:\/\/l21.mx\/wp-content\/uploads\/2021\/06\/fitur-2021-2-1024x580.jpg\" alt=\"\" class=\"wp-image-46809\" srcset=\"https:\/\/l21.mx\/wp-content\/uploads\/2021\/06\/fitur-2021-2-1024x580.jpg 1024w, https:\/\/l21.mx\/wp-content\/uploads\/2021\/06\/fitur-2021-2-300x170.jpg 300w, https:\/\/l21.mx\/wp-content\/uploads\/2021\/06\/fitur-2021-2-768x435.jpg 768w, https:\/\/l21.mx\/wp-content\/uploads\/2021\/06\/fitur-2021-2-1170x663.jpg 1170w, https:\/\/l21.mx\/wp-content\/uploads\/2021\/06\/fitur-2021-2-585x331.jpg 585w, https:\/\/l21.mx\/wp-content\/uploads\/2021\/06\/fitur-2021-2.jpg 1500w\" sizes=\"(max-width: 1024px) 100vw, 1024px\" \/><\/a><\/figure>\n\n\n\n<p class=\"wp-block-paragraph\">El director del Departamento de Miembros Afiliados de la Organizaci\u00f3n Mundial del Turismo (OMT), Ion Vilcu, mencion\u00f3 la importancia de intercambiar experiencias entre los miembros de la asociaci\u00f3n invitados a esta serie de conferencias.&nbsp;<\/p>\n\n\n\n<p class=\"wp-block-paragraph\">\u201cLos protocolos de higiene propuestos por el gobierno e implementados por la iniciativa privada, la promoci\u00f3n tur\u00edstica, la estrategia de mercadotecnia y atender como prioridad la conectividad a\u00e9rea fueron clave para la recuperaci\u00f3n tur\u00edstica del Caribe Mexicano\u201d, mencion\u00f3 Dar\u00edo Flota Ocampo, director del CPTQ durante su participaci\u00f3n.&nbsp;<\/p>\n\n\n\n<p class=\"wp-block-paragraph\">Destac\u00f3 que desde el inicio de la pandemia, el organismo trabaj\u00f3 en la estrategia de mercadotecnia, para inicialmente, quedarse en casa; luego se proyect\u00f3 una reapertura gradual y ordenada que permitiera el regreso de turistas a Quintana Roo a trav\u00e9s de una estrategia basada en la conectividad a\u00e9rea y sustentada por los protocolos de salud implementados en los establecimientos tur\u00edsticos del Caribe Mexicano.&nbsp;<\/p>\n\n\n\n<p class=\"wp-block-paragraph\"><strong>Refuerzan conectividad con segmento europeo<\/strong><strong><\/strong><\/p>\n\n\n\n<p class=\"wp-block-paragraph\">En el marco del evento, la delegaci\u00f3n del Caribe Mexicano sostuvo reuniones con representantes de la aerol\u00ednea World2Fly, quienes anunciaron la llegada de dos vuelos al Caribe Mexicano: desde Madrid y Lisboa, lo que reforzar\u00e1 la conectividad a\u00e9rea con Europa, desde Espa\u00f1a y Portugal-<\/p>\n\n\n\n<p class=\"wp-block-paragraph\">Iniciar\u00e1 operaciones con el vuelo Madrid-Canc\u00fan a partir del 21 de junio y desde Lisboa a partir del 11 de julio.<\/p>\n\n\n\n<p class=\"wp-block-paragraph\">El vuelo de Madrid tendr\u00e1 dos frecuencias a la semana con un Airbus A350 con capacidad para 432 pasajeros, y el vuelo de Lisboa a Canc\u00fan, llegar\u00e1 una vez por semana con un A 330 con capacidad para 388 pasajeros.\u00a0<\/p>\n\n\n\n<figure class=\"wp-block-image size-large\"><a href=\"https:\/\/l21.mx\/wp-content\/uploads\/2021\/06\/fitur-2021-1.jpg\" data-rel=\"penci-gallery-image-content\" ><img decoding=\"async\" width=\"768\" height=\"1024\" src=\"https:\/\/l21.mx\/wp-content\/uploads\/2021\/06\/fitur-2021-1-768x1024.jpg\" alt=\"\" class=\"wp-image-46808\" srcset=\"https:\/\/l21.mx\/wp-content\/uploads\/2021\/06\/fitur-2021-1-768x1024.jpg 768w, https:\/\/l21.mx\/wp-content\/uploads\/2021\/06\/fitur-2021-1-225x300.jpg 225w, https:\/\/l21.mx\/wp-content\/uploads\/2021\/06\/fitur-2021-1-1152x1536.jpg 1152w, https:\/\/l21.mx\/wp-content\/uploads\/2021\/06\/fitur-2021-1-1170x1560.jpg 1170w, https:\/\/l21.mx\/wp-content\/uploads\/2021\/06\/fitur-2021-1-585x780.jpg 585w, https:\/\/l21.mx\/wp-content\/uploads\/2021\/06\/fitur-2021-1.jpg 1500w\" sizes=\"(max-width: 768px) 100vw, 768px\" \/><\/a><\/figure>\n\n\n\n<p class=\"wp-block-paragraph\">Esto es muy importante, porque hasta 2019, el 42% de los pasajeros espa\u00f1oles que llegaron a M\u00e9xico visitaron Quintana Roo. Sin embargo, en 2020 ante la pandemia, este n\u00famero se vio afectado; aun as\u00ed, de 100 mil 28 pasajeros que llegaron a M\u00e9xico, 23 mil 432 visitaron Quintana Roo.<\/p>\n\n\n\n<p class=\"wp-block-paragraph\">El turista espa\u00f1ol tiene una estancia promedio de ocho noches y prefieren viajar en pareja adquiriendo un paquete con agencia de viajes tradicional.&nbsp;<\/p>\n\n\n\n<p class=\"wp-block-paragraph\">Previamente, el CPTQ hab\u00eda informado que este a\u00f1o asistir\u00e1n tambi\u00e9n a los siguientes eventos: Cancun Travel Mart, Caravana Virtual Espa\u00f1a y Portugal, Caravana Virtual Alemania y Austria, Congreso Nacional de la Industria de Reuniones, Bridal Weekend, entre otros.<\/p>\n\n\n\n<p class=\"wp-block-paragraph\">:::::::::::::::::::<\/p>\n\n\n\n<p class=\"wp-block-paragraph\">Afluencia en el para\u00edso<\/p>\n\n\n\n<p class=\"wp-block-paragraph\">6 millones<\/p>\n\n\n\n<p class=\"wp-block-paragraph\">40 mil 840 turistas llegaron al Caribe Mexicano de junio de 2020 a abril de 2021<\/p>\n\n\n\n<p class=\"wp-block-paragraph\">3 millones<\/p>\n\n\n\n<p class=\"wp-block-paragraph\">119 mil 802 fueron visitantes nacionales y 2 millones 921 mil 38 internacionales.&nbsp;<\/p>\n\n\n\n<p class=\"wp-block-paragraph\"><strong><u>::::::::::::::::::::::::::::::::::::::::::::::::::::::::::::::::::::::::::::::::<\/u><\/strong><\/p>\n\n\n\n<p class=\"wp-block-paragraph\"><strong>Logros para M\u00e9xico<\/strong><strong><\/strong><\/p>\n\n\n\n<p class=\"wp-block-paragraph\"><strong>* Sede de la OMT 2022<\/strong><strong><\/strong><\/p>\n\n\n\n<p class=\"wp-block-paragraph\">&#8211; En la edici\u00f3n 41 de la Feria Internacional de Turismo (Fitur), en Madrid, Espa\u00f1a, se confirm\u00f3 que M\u00e9xico ser\u00e1 la sede de la Reuni\u00f3n Mundial de Turismo Rural 2022.&nbsp;<\/p>\n\n\n\n<p class=\"wp-block-paragraph\">&#8211; Asistir\u00e1n como expositores los expertos m\u00e1s reconocidos sobre el tema a nivel internacional, adem\u00e1s de los ministros de 100 pa\u00edses miembros del organismo de la ONU.<\/p>\n\n\n\n<p class=\"wp-block-paragraph\">&#8211; Invitar\u00e1n a los 32 gobernadores y titulares de Turismo de los estados, a los 132 presidentes municipales de Pueblos M\u00e1gicos, agentes de viajes especialistas en este segmento de mercado, acad\u00e9micos y estudiantes de Turismo.&nbsp;<\/p>\n\n\n\n<p class=\"wp-block-paragraph\"><strong>* Reconocimiento a la \u201cRuta del Pescado de Moctezuma\u201d<\/strong><strong><\/strong><\/p>\n\n\n\n<p class=\"wp-block-paragraph\">&#8211; El galard\u00f3n lo recibi\u00f3 el secretario de Turismo del Gobierno de M\u00e9xico, Miguel Torruco Marqu\u00e9s, quien afirm\u00f3 que este \u201cPremio a la Excelencia Tur\u00edstica\u201d, en la categor\u00eda de \u201cMenci\u00f3n Verde\u201d, que otorga el Grupo Excelencias, ser\u00e1 compartido con las comunidades ind\u00edgenas de las culturas totonaca, otom\u00ed y n\u00e1huatl, principales beneficiarias y protagonistas de esta singular ruta.&nbsp;<\/p>\n\n\n\n<p class=\"wp-block-paragraph\">&#8211; Es una reconstrucci\u00f3n hist\u00f3rica inspirada en el recorrido que realizaban los painanis para llevar pescado fresco al emperador azteca Moctezuma, desde las costas de Veracruz hasta la gran Tenochtitlan.&nbsp;<\/p>\n\n\n\n<p class=\"wp-block-paragraph\">&#8211; Estos atletas se posicionaban a lo largo de la ruta de cientos de kil\u00f3metros y mediante un sistema de relevos cumpl\u00edan con su encomienda de llevar productos del mar frescos a la mesa del Tlatoani.&nbsp;<\/p>\n\n\n\n<p class=\"wp-block-paragraph\"><strong>* Protocolos homog\u00e9neos <\/strong><strong><\/strong><\/p>\n\n\n\n<p class=\"wp-block-paragraph\">&#8211; El secretario de Turismo del Gobierno de M\u00e9xico, Miguel Torruco Marqu\u00e9s, y la ministra de Industria, Comercio y Turismo de Espa\u00f1a, Mar\u00eda Reyes Maroto, firmaron un acuerdo para la homogeneizaci\u00f3n de protocolos biosanitarios que ayude a la reactivaci\u00f3n del sector tur\u00edstico, as\u00ed como para la realizaci\u00f3n anual del \u201cForo Binacional de Turismo Bioseguro M\u00e9xico-Espa\u00f1a\u201d.&nbsp;<\/p>\n\n\n\n<p class=\"wp-block-paragraph\">&#8211; Tambi\u00e9n se comprometieron a efectuar cada a\u00f1o el \u201cForo Binacional de Turismo Bioseguro M\u00e9xico-Espa\u00f1a\u201d, enfocado a la reactivaci\u00f3n del sector tur\u00edstico.&nbsp;<\/p>\n","protected":false},"excerpt":{"rendered":"<p>En la primera Feria Internacional de Turismo con formato presencial en tiempos de pandemia, destaca el&hellip;<\/p>\n","protected":false},"author":100,"featured_media":46810,"comment_status":"closed","ping_status":"closed","sticky":false,"template":"","format":"standard","meta":{"_acf_changed":false,"_lmt_disableupdate":"","_lmt_disable":"","_mbp_gutenberg_autopost":false,"footnotes":""},"categories":[23,8],"tags":[520,50,49,350],"class_list":["post-46807","post","type-post","status-publish","format-standard","has-post-thumbnail","hentry","category-noticias","category-turismo","tag-cptq","tag-fitur","tag-quintana-roo","tag-turismo"],"acf":[],"_links":{"self":[{"href":"https:\/\/l21.mx\/index.php?rest_route=\/wp\/v2\/posts\/46807","targetHints":{"allow":["GET"]}}],"collection":[{"href":"https:\/\/l21.mx\/index.php?rest_route=\/wp\/v2\/posts"}],"about":[{"href":"https:\/\/l21.mx\/index.php?rest_route=\/wp\/v2\/types\/post"}],"author":[{"embeddable":true,"href":"https:\/\/l21.mx\/index.php?rest_route=\/wp\/v2\/users\/100"}],"replies":[{"embeddable":true,"href":"https:\/\/l21.mx\/index.php?rest_route=%2Fwp%2Fv2%2Fcomments&post=46807"}],"version-history":[{"count":0,"href":"https:\/\/l21.mx\/index.php?rest_route=\/wp\/v2\/posts\/46807\/revisions"}],"wp:featuredmedia":[{"embeddable":true,"href":"https:\/\/l21.mx\/index.php?rest_route=\/wp\/v2\/media\/46810"}],"wp:attachment":[{"href":"https:\/\/l21.mx\/index.php?rest_route=%2Fwp%2Fv2%2Fmedia&parent=46807"}],"wp:term":[{"taxonomy":"category","embeddable":true,"href":"https:\/\/l21.mx\/index.php?rest_route=%2Fwp%2Fv2%2Fcategories&post=46807"},{"taxonomy":"post_tag","embeddable":true,"href":"https:\/\/l21.mx\/index.php?rest_route=%2Fwp%2Fv2%2Ftags&post=46807"}],"curies":[{"name":"wp","href":"https:\/\/api.w.org\/{rel}","templated":true}]}}