{"id":46813,"date":"2021-06-01T09:14:30","date_gmt":"2021-06-01T14:14:30","guid":{"rendered":"https:\/\/l21.mx\/?p=46813"},"modified":"2021-06-01T09:16:09","modified_gmt":"2021-06-01T14:16:09","slug":"un-homenaje-a-la-mediocridad","status":"publish","type":"post","link":"https:\/\/l21.mx\/?p=46813","title":{"rendered":"Un homenaje a la mediocridad"},"content":{"rendered":"\n<p class=\"wp-block-paragraph\"><\/p>\n\n\n\n<p class=\"wp-block-paragraph\">Debe ser el \u00fanico jefe de Estado del mundo que elogia la mala educaci\u00f3n: no s\u00f3lo porque su gobierno no eval\u00faa a los maestros, sino porque \u00e9l mismo admite que quienes no creen en su gobierno son los que estudiaron \u201cde licenciatura hacia arriba\u201d.<\/p>\n\n\n\n<p class=\"wp-block-paragraph\">Dice el presidente que las opiniones contra su gobierno (metido en una galopante crisis econ\u00f3mica y de seguridad p\u00fablica) se registran \u201cen las clases media-media, clase media-alta y alta\u201d; mientras sucede lo contrario en los estratos menos instruidos.<\/p>\n\n\n\n<p class=\"wp-block-paragraph\">En la ma\u00f1anera de antier, dijo que le creen en Oaxaca y Chiapas. Bueno, Oaxaca necesitar\u00eda 33 a\u00f1os para alcanzar un nivel educacional similar al de la CDMX, seg\u00fan un estudio del Tecnol\u00f3gico de Monterrey.<\/p>\n\n\n\n<p class=\"wp-block-paragraph\">En Chiapas y Oaxaca est\u00e1 la CNTE, ese grupo vand\u00e1lico de maestros que no dan clases y que boicotea con violencia callejera la educaci\u00f3n del pa\u00eds, desde su surgimiento en 1989, y al cual el presidente le dio la rector\u00eda de la educaci\u00f3n.<\/p>\n\n\n\n<p class=\"wp-block-paragraph\">Con una reforma constitucional, le entreg\u00f3 la asignaci\u00f3n de las plazas de los maestros y el ingreso, promoci\u00f3n y permanencia de los maestros en el sistema educativo: todo eso, sin que los maestros tengan que evaluarse.<\/p>\n\n\n\n<p class=\"wp-block-paragraph\">Tambi\u00e9n otorga las plazas en autom\u00e1tico para egresados de las normales, Universidad Pedag\u00f3gica Nacional y Centros de Actualizaci\u00f3n, y decide qui\u00e9nes ocupan las plazas y los cambios de escuelas de los profesores.<\/p>\n\n\n\n<p class=\"wp-block-paragraph\">Sabiendo esto, se entiende la afirmaci\u00f3n del presidente de que a \u00e9l no le creen quienes tienen \u201cde licenciatura hacia arriba\u201d; mientras s\u00ed le creen b\u00e1sicamente en Chiapas y Oaxaca, aunque incluye a Baja California y Sinaloa.<\/p>\n\n\n\n<p class=\"wp-block-paragraph\">Se comprende tambi\u00e9n que el actual gobierno haya decidido excluir a M\u00e9xico de la edici\u00f3n 2022 de la prueba PISA, que cada tres a\u00f1os eval\u00faa a estudiantes de 15 a\u00f1os en 87 naciones, para comprobar el nivel en matem\u00e1ticas, lectura, escritura y ciencias.<\/p>\n\n\n\n<p class=\"wp-block-paragraph\">Sin embargo, se trata de un descuido expreso de la educaci\u00f3n, a juzgar (hay que insistir) por el propio presidente, de que a \u00e9l s\u00f3lo lo rechazan quienes cursaron estudios \u201cde licenciatura hacia arriba\u201d, pero \u201ces muy distinto en \u201cChiapas y Oaxaca\u201d.<\/p>\n\n\n\n<p class=\"wp-block-paragraph\">Es l\u00f3gico entonces que este gobierno entregue la rector\u00eda de la educaci\u00f3n a la CNTE, cuyos maestros no impartieron clases en un curso completo en ninguno de los \u00faltimos 30 a\u00f1os en Oaxaca. O sea, que los ni\u00f1os no lleguen nunca \u201cde licenciatura para arriba\u201d.<\/p>\n\n\n\n<p class=\"wp-block-paragraph\">As\u00ed ser\u00e1n nuestros pr\u00f3ximos votantes, si se observa que el 70 por ciento de nuestros chicos de 15 a\u00f1os no lee con fluidez ni comprende textos, y que s\u00f3lo tres de cada 10 est\u00e1n dentro del est\u00e1ndar de lectura y comprensi\u00f3n, seg\u00fan datos del gobierno.<\/p>\n\n\n\n<p class=\"wp-block-paragraph\">Y ya se sabe\u2026<\/p>\n\n\n\n<p class=\"wp-block-paragraph\">La ignorancia mata a los pueblos.<\/p>\n","protected":false},"excerpt":{"rendered":"<p>Debe ser el \u00fanico jefe de Estado del mundo que elogia la mala educaci\u00f3n: no s\u00f3lo&hellip;<\/p>\n","protected":false},"author":100,"featured_media":46196,"comment_status":"closed","ping_status":"closed","sticky":false,"template":"","format":"standard","meta":{"_acf_changed":false,"_lmt_disableupdate":"","_lmt_disable":"","_mbp_gutenberg_autopost":false,"footnotes":""},"categories":[1009],"tags":[1056,594],"class_list":["post-46813","post","type-post","status-publish","format-standard","has-post-thumbnail","hentry","category-ruben-cortes","tag-educacion","tag-obrador"],"acf":[],"_links":{"self":[{"href":"https:\/\/l21.mx\/index.php?rest_route=\/wp\/v2\/posts\/46813","targetHints":{"allow":["GET"]}}],"collection":[{"href":"https:\/\/l21.mx\/index.php?rest_route=\/wp\/v2\/posts"}],"about":[{"href":"https:\/\/l21.mx\/index.php?rest_route=\/wp\/v2\/types\/post"}],"author":[{"embeddable":true,"href":"https:\/\/l21.mx\/index.php?rest_route=\/wp\/v2\/users\/100"}],"replies":[{"embeddable":true,"href":"https:\/\/l21.mx\/index.php?rest_route=%2Fwp%2Fv2%2Fcomments&post=46813"}],"version-history":[{"count":0,"href":"https:\/\/l21.mx\/index.php?rest_route=\/wp\/v2\/posts\/46813\/revisions"}],"wp:featuredmedia":[{"embeddable":true,"href":"https:\/\/l21.mx\/index.php?rest_route=\/wp\/v2\/media\/46196"}],"wp:attachment":[{"href":"https:\/\/l21.mx\/index.php?rest_route=%2Fwp%2Fv2%2Fmedia&parent=46813"}],"wp:term":[{"taxonomy":"category","embeddable":true,"href":"https:\/\/l21.mx\/index.php?rest_route=%2Fwp%2Fv2%2Fcategories&post=46813"},{"taxonomy":"post_tag","embeddable":true,"href":"https:\/\/l21.mx\/index.php?rest_route=%2Fwp%2Fv2%2Ftags&post=46813"}],"curies":[{"name":"wp","href":"https:\/\/api.w.org\/{rel}","templated":true}]}}