{"id":46932,"date":"2021-06-01T09:30:37","date_gmt":"2021-06-01T14:30:37","guid":{"rendered":"https:\/\/l21.mx\/?p=46932"},"modified":"2021-06-01T12:52:02","modified_gmt":"2021-06-01T17:52:02","slug":"compromisos-de-candidatos","status":"publish","type":"post","link":"https:\/\/l21.mx\/?p=46932","title":{"rendered":"Compromisos de candidatos"},"content":{"rendered":"\n<div class=\"wp-block-image\"><figure class=\"alignleft size-large\"><a href=\"https:\/\/l21.mx\/wp-content\/uploads\/2021\/03\/logo-coparmex.jpg\" data-rel=\"penci-gallery-image-content\" ><img fetchpriority=\"high\" decoding=\"async\" width=\"232\" height=\"220\" src=\"https:\/\/l21.mx\/wp-content\/uploads\/2021\/03\/logo-coparmex.jpg\" alt=\"\" class=\"wp-image-45529\"\/><\/a><\/figure><\/div>\n\n\n\n<p class=\"wp-block-paragraph\"><strong>E<\/strong>n un ejercicio sin precedentes en la historia de nuestro municipio, m\u00e1s de 25 organizaciones civiles, c\u00e1maras empresariales, academia y colectivos lidereadas por Coparmex y CCE del Caribe, hicieron llegar a los candidatos y candidatas un conjunto de demandas despu\u00e9s de realizar una encuesta.<\/p>\n\n\n\n<p class=\"wp-block-paragraph\">Se logr\u00f3 preparar una agenda ciudadana y empresarial conformada por cuatro ejes: Seguridad, Reactivaci\u00f3n Econ\u00f3mica, Combate a la Corrupci\u00f3n y Salud.<\/p>\n\n\n\n<p class=\"wp-block-paragraph\">En las reuniones, los candidatos se comprometieron y explicaron la manera en c\u00f3mo trabajar\u00edan en ellas, en caso de ganar.<\/p>\n\n\n\n<p class=\"wp-block-paragraph\">Despu\u00e9s, los invitaron a reunirse para abundar a cerca de tales demandas. La cita fue en la Universidad del Oriente, donde les entregaron esas demandas y fueron firmadas<\/p>\n\n\n\n<p class=\"wp-block-paragraph\">ante la notaria p\u00fablica, Ivonne Lemmus, as\u00ed como por todos los candidatos.&nbsp; &nbsp;<\/p>\n\n\n\n<p class=\"wp-block-paragraph\">Adem\u00e1s, establecieron la creaci\u00f3n de un comit\u00e9 conformado por organismos empresariales y ciudadanos para realizar reuniones trimestrales y de acompa\u00f1amiento para seguimiento de las demandas en beneficio de nuestro estado.<\/p>\n\n\n\n<p class=\"wp-block-paragraph\">&nbsp;Despu\u00e9s se realizaron debates electorales en los que expusieron sus propuestas y discutieron sobre pros y contras de cada planilla.<\/p>\n\n\n\n<p class=\"wp-block-paragraph\">Lamentablemente, varios candidatos no atendieron el llamado y se negaron tanto a firmar los compromisos, como a participar en los debates.<\/p>\n\n\n\n<p class=\"wp-block-paragraph\">Principales compromisos de los candidatos a&nbsp;<\/p>\n\n\n\n<p class=\"wp-block-paragraph\">diputados federales:<\/p>\n\n\n\n<p class=\"wp-block-paragraph\">1. Incentivar mediante est\u00edmulos fiscales a aquellas empresas que cuentan con plantilla laboral mayor&nbsp;<\/p>\n\n\n\n<p class=\"wp-block-paragraph\">o igual a antes de la pandemia.&nbsp;<\/p>\n\n\n\n<p class=\"wp-block-paragraph\">2. Presentar su declaraci\u00f3n 3 de 3.<\/p>\n\n\n\n<p class=\"wp-block-paragraph\">3. Facilitar el acceso de los recursos de FORTASEG y FONDEN a nuestro Estado de Quintana Roo.<\/p>\n\n\n\n<p class=\"wp-block-paragraph\">4. Gestionar subsidios para emprendedores.<\/p>\n\n\n\n<p class=\"wp-block-paragraph\">5. Trabajar en buscar la certificaci\u00f3n del personal policiaco.<\/p>\n\n\n\n<p class=\"wp-block-paragraph\">6. Priorizar la protecci\u00f3n de la infancia.<\/p>\n\n\n\n<p class=\"wp-block-paragraph\">7. Legislar en favor de la prevenci\u00f3n del delito<\/p>\n\n\n\n<p class=\"wp-block-paragraph\">8. Crear un programa de impulso a los j\u00f3venes. &nbsp;<\/p>\n\n\n\n<p class=\"wp-block-paragraph\">Principales compromisos de los candidatos a<\/p>\n\n\n\n<p class=\"wp-block-paragraph\">&nbsp;presidente municipal<\/p>\n\n\n\n<p class=\"wp-block-paragraph\">1. Trabajar en la capacitaci\u00f3n de los polic\u00edas.<\/p>\n\n\n\n<p class=\"wp-block-paragraph\">2. Disminuir los tiempos de espera en los tr\u00e1mites municipales a trav\u00e9s de la digitalizaci\u00f3n.<\/p>\n\n\n\n<p class=\"wp-block-paragraph\">3. Brindar asesor\u00eda a <em>pymes<\/em>.<\/p>\n\n\n\n<p class=\"wp-block-paragraph\">4. Crear el Consejo de Promoci\u00f3n Tur\u00edstica de Canc\u00fan.<\/p>\n\n\n\n<p class=\"wp-block-paragraph\">5. Implementar el ABC del cabildo y el presupuesto abierto durante su gesti\u00f3n.<\/p>\n\n\n\n<p class=\"wp-block-paragraph\">6. Habilitar un Centro de atenci\u00f3n para personas con alguna discapacidad<\/p>\n\n\n\n<p class=\"wp-block-paragraph\">7. Trabajar en construir un municipio sustentable.<\/p>\n","protected":false},"excerpt":{"rendered":"<p>En un ejercicio sin precedentes en la historia de nuestro municipio, m\u00e1s de 25 organizaciones civiles,&hellip;<\/p>\n","protected":false},"author":95,"featured_media":45530,"comment_status":"closed","ping_status":"closed","sticky":false,"template":"","format":"standard","meta":{"_acf_changed":false,"_lmt_disableupdate":"","_lmt_disable":"","_mbp_gutenberg_autopost":false,"footnotes":""},"categories":[4,23],"tags":[48,915,1406],"class_list":["post-46932","post","type-post","status-publish","format-standard","has-post-thumbnail","hentry","category-empresas-y-negocios","category-noticias","tag-cancun","tag-coparmex","tag-votaciones"],"acf":[],"_links":{"self":[{"href":"https:\/\/l21.mx\/index.php?rest_route=\/wp\/v2\/posts\/46932","targetHints":{"allow":["GET"]}}],"collection":[{"href":"https:\/\/l21.mx\/index.php?rest_route=\/wp\/v2\/posts"}],"about":[{"href":"https:\/\/l21.mx\/index.php?rest_route=\/wp\/v2\/types\/post"}],"author":[{"embeddable":true,"href":"https:\/\/l21.mx\/index.php?rest_route=\/wp\/v2\/users\/95"}],"replies":[{"embeddable":true,"href":"https:\/\/l21.mx\/index.php?rest_route=%2Fwp%2Fv2%2Fcomments&post=46932"}],"version-history":[{"count":0,"href":"https:\/\/l21.mx\/index.php?rest_route=\/wp\/v2\/posts\/46932\/revisions"}],"wp:featuredmedia":[{"embeddable":true,"href":"https:\/\/l21.mx\/index.php?rest_route=\/wp\/v2\/media\/45530"}],"wp:attachment":[{"href":"https:\/\/l21.mx\/index.php?rest_route=%2Fwp%2Fv2%2Fmedia&parent=46932"}],"wp:term":[{"taxonomy":"category","embeddable":true,"href":"https:\/\/l21.mx\/index.php?rest_route=%2Fwp%2Fv2%2Fcategories&post=46932"},{"taxonomy":"post_tag","embeddable":true,"href":"https:\/\/l21.mx\/index.php?rest_route=%2Fwp%2Fv2%2Ftags&post=46932"}],"curies":[{"name":"wp","href":"https:\/\/api.w.org\/{rel}","templated":true}]}}