{"id":47232,"date":"2021-07-07T09:37:56","date_gmt":"2021-07-07T14:37:56","guid":{"rendered":"https:\/\/l21.mx\/?p=47232"},"modified":"2021-07-01T17:41:14","modified_gmt":"2021-07-01T22:41:14","slug":"julio-7-9-amprofec-industria-de-reuniones-en-zacatecas","status":"publish","type":"post","link":"https:\/\/l21.mx\/?p=47232","title":{"rendered":"Julio 7-9 \u2022\u00a0Amprofec, Industria de Reuniones, en Zacatecas"},"content":{"rendered":"\n<p class=\"wp-block-paragraph\"><\/p>\n\n\n\n<p class=\"wp-block-paragraph\"><strong>Con el objetivo de mantener informada a la industria de exposiciones, ferias y convenciones, adem\u00e1s de estrechar lazos comerciales que fortalezcan los negocios, en el marco del Congreso Nacional de la Industria de la Industria de Reuniones (CNIR) 2021, la Asociaci\u00f3n Mexicana de Profesionales en Ferias, Exposiciones y Convenciones (Amprofec) realizar\u00e1 su SUMMIT 2021, que se llevar\u00e1 a cabo del 7 al 9 de julio, en el Palacio de Convenciones de Zacatecas.<\/strong><\/p>\n\n\n\n<p class=\"wp-block-paragraph\"><strong>El programa incluye capacitaci\u00f3n, networking y exposici\u00f3n; y un d\u00eda para disfrutar los m\u00faltiples atractivos que ofrece tanto la capital, nombrada Patrimonio de la Humanidad por la UNESCO, como el estado en general.&nbsp;<\/strong><\/p>\n","protected":false},"excerpt":{"rendered":"<p>Con el objetivo de mantener informada a la industria de exposiciones, ferias y convenciones, adem\u00e1s de&hellip;<\/p>\n","protected":false},"author":95,"featured_media":47242,"comment_status":"closed","ping_status":"closed","sticky":false,"template":"","format":"standard","meta":{"_acf_changed":false,"_lmt_disableupdate":"","_lmt_disable":"","_mbp_gutenberg_autopost":false,"footnotes":""},"categories":[476,23],"tags":[],"class_list":["post-47232","post","type-post","status-publish","format-standard","has-post-thumbnail","hentry","category-agenda","category-noticias"],"acf":[],"_links":{"self":[{"href":"https:\/\/l21.mx\/index.php?rest_route=\/wp\/v2\/posts\/47232","targetHints":{"allow":["GET"]}}],"collection":[{"href":"https:\/\/l21.mx\/index.php?rest_route=\/wp\/v2\/posts"}],"about":[{"href":"https:\/\/l21.mx\/index.php?rest_route=\/wp\/v2\/types\/post"}],"author":[{"embeddable":true,"href":"https:\/\/l21.mx\/index.php?rest_route=\/wp\/v2\/users\/95"}],"replies":[{"embeddable":true,"href":"https:\/\/l21.mx\/index.php?rest_route=%2Fwp%2Fv2%2Fcomments&post=47232"}],"version-history":[{"count":0,"href":"https:\/\/l21.mx\/index.php?rest_route=\/wp\/v2\/posts\/47232\/revisions"}],"wp:featuredmedia":[{"embeddable":true,"href":"https:\/\/l21.mx\/index.php?rest_route=\/wp\/v2\/media\/47242"}],"wp:attachment":[{"href":"https:\/\/l21.mx\/index.php?rest_route=%2Fwp%2Fv2%2Fmedia&parent=47232"}],"wp:term":[{"taxonomy":"category","embeddable":true,"href":"https:\/\/l21.mx\/index.php?rest_route=%2Fwp%2Fv2%2Fcategories&post=47232"},{"taxonomy":"post_tag","embeddable":true,"href":"https:\/\/l21.mx\/index.php?rest_route=%2Fwp%2Fv2%2Ftags&post=47232"}],"curies":[{"name":"wp","href":"https:\/\/api.w.org\/{rel}","templated":true}]}}