{"id":47435,"date":"2021-07-09T12:43:20","date_gmt":"2021-07-09T17:43:20","guid":{"rendered":"https:\/\/l21.mx\/?p=47435"},"modified":"2021-07-09T13:01:27","modified_gmt":"2021-07-09T18:01:27","slug":"aclara-grupo-xcaret-que-estudiantes-contagiados-de-covid-no-se-hospedaron-en-el-hotel-xcaret-mexico","status":"publish","type":"post","link":"https:\/\/l21.mx\/?p=47435","title":{"rendered":"Aclara Grupo Xcaret que estudiantes contagiados de Covid no se hospedaron en el Hotel Xcaret M\u00e9xico"},"content":{"rendered":"\n<p class=\"wp-block-paragraph\"><\/p>\n\n\n\n<figure class=\"wp-block-pullquote\"><blockquote><p>Atendiendo a los protocolos establecidos por <a href=\"https:\/\/www.grupoxcaret.com\/es\/\" target=\"_blank\" rel=\"noopener\">Grupo Xcaret,<\/a> no fue permitido el ingreso de los<br>estudiantes bolivianos al <a href=\"https:\/\/www.hotelxcaretmexico.com\/es\/?langRedirect=1\" target=\"_blank\" rel=\"noopener\">Hotel Xcaret M\u00e9xico<\/a>, por romper la burbuja sanitaria.<br><\/p><\/blockquote><\/figure>\n\n\n\n<p class=\"wp-block-paragraph\"><\/p>\n\n\n\n<p class=\"wp-block-paragraph\"><a href=\"https:\/\/www.grupoxcaret.com\/es\/\" target=\"_blank\" rel=\"noopener\">Grupo Xcaret<\/a> aclara que el grupo de estudiantes bolivianos contagiados por Covid-19 no se hosped\u00f3 en el <a href=\"https:\/\/www.hotelxcaretmexico.com\/es\/?langRedirect=1\" target=\"_blank\" rel=\"noopener\">Hotel Xcaret M\u00e9xico<\/a>, ya que los j\u00f3venes rompieron la burbuja de protecci\u00f3n sanitaria, al haber estado alojado 6 noches antes en instalaciones ajenas a Grupo Xcaret. <\/p>\n\n\n\n<p class=\"wp-block-paragraph\">A trav\u00e9s de un comunicado, la empresa se\u00f1ala que \u00ablos estudiantes no cumplieron con las normas y procedimientos marcados por las autoridades locales y federales, con las que Grupo Xcaret mantiene contacto permanente\u00bb.<br><\/p>\n\n\n\n<figure class=\"wp-block-image size-large\"><a href=\"https:\/\/l21.mx\/wp-content\/uploads\/2021\/07\/xcaret-hotel-c.jpg\" data-rel=\"penci-gallery-image-content\" ><img fetchpriority=\"high\" decoding=\"async\" width=\"680\" height=\"453\" src=\"https:\/\/l21.mx\/wp-content\/uploads\/2021\/07\/xcaret-hotel-c.jpg\" alt=\"\" class=\"wp-image-47436\" srcset=\"https:\/\/l21.mx\/wp-content\/uploads\/2021\/07\/xcaret-hotel-c.jpg 680w, https:\/\/l21.mx\/wp-content\/uploads\/2021\/07\/xcaret-hotel-c-300x200.jpg 300w, https:\/\/l21.mx\/wp-content\/uploads\/2021\/07\/xcaret-hotel-c-585x390.jpg 585w, https:\/\/l21.mx\/wp-content\/uploads\/2021\/07\/xcaret-hotel-c-263x175.jpg 263w\" sizes=\"(max-width: 680px) 100vw, 680px\" \/><\/a><\/figure>\n\n\n\n<p class=\"wp-block-paragraph\">Por eso, de acuerdo con el compromiso de Grupo Xcaret de salvaguardar la salud de sus visitantes,<br>hu\u00e9spedes y colaboradores, y apegados a sus protocolos internos de atenci\u00f3n a la salud para<br>corroborar la oportuna detecci\u00f3n de contagios, aplic\u00f3 a este grupo de estudiantes pruebas de<br>ant\u00edgenos. <\/p>\n\n\n\n<p class=\"wp-block-paragraph\">Gracias a ello, fueron detectados 26 casos positivos. Hotel Xcaret aisl\u00f3 de inmediato a<br>estos 26 estudiantes, a quienes gestion\u00f3 espacios fuera del hotel.<br><\/p>\n\n\n\n<p class=\"wp-block-paragraph\">Grupo Xcaret reitera su compromiso de continuar aplicando sus protocolos y procedimientos de<br>control sanitario para garantizar la seguridad y tranquilidad no solo de sus hu\u00e9spedes, visitantes y<br>colaboradores, sino la de todo el destino, ya que lo m\u00e1s importante para Grupo Xcaret es<br>salvaguardar la integridad de todas las personas.<\/p>\n","protected":false},"excerpt":{"rendered":"<p>Atendiendo a los protocolos establecidos por Grupo Xcaret, no fue permitido el ingreso de losestudiantes bolivianos&hellip;<\/p>\n","protected":false},"author":100,"featured_media":47436,"comment_status":"closed","ping_status":"closed","sticky":false,"template":"","format":"standard","meta":{"_acf_changed":false,"_lmt_disableupdate":"","_lmt_disable":"","_mbp_gutenberg_autopost":false,"footnotes":""},"categories":[23],"tags":[952,409,374],"class_list":["post-47435","post","type-post","status-publish","format-standard","has-post-thumbnail","hentry","category-noticias","tag-estudiantes","tag-hotel","tag-xcaret"],"acf":[],"_links":{"self":[{"href":"https:\/\/l21.mx\/index.php?rest_route=\/wp\/v2\/posts\/47435","targetHints":{"allow":["GET"]}}],"collection":[{"href":"https:\/\/l21.mx\/index.php?rest_route=\/wp\/v2\/posts"}],"about":[{"href":"https:\/\/l21.mx\/index.php?rest_route=\/wp\/v2\/types\/post"}],"author":[{"embeddable":true,"href":"https:\/\/l21.mx\/index.php?rest_route=\/wp\/v2\/users\/100"}],"replies":[{"embeddable":true,"href":"https:\/\/l21.mx\/index.php?rest_route=%2Fwp%2Fv2%2Fcomments&post=47435"}],"version-history":[{"count":0,"href":"https:\/\/l21.mx\/index.php?rest_route=\/wp\/v2\/posts\/47435\/revisions"}],"wp:featuredmedia":[{"embeddable":true,"href":"https:\/\/l21.mx\/index.php?rest_route=\/wp\/v2\/media\/47436"}],"wp:attachment":[{"href":"https:\/\/l21.mx\/index.php?rest_route=%2Fwp%2Fv2%2Fmedia&parent=47435"}],"wp:term":[{"taxonomy":"category","embeddable":true,"href":"https:\/\/l21.mx\/index.php?rest_route=%2Fwp%2Fv2%2Fcategories&post=47435"},{"taxonomy":"post_tag","embeddable":true,"href":"https:\/\/l21.mx\/index.php?rest_route=%2Fwp%2Fv2%2Ftags&post=47435"}],"curies":[{"name":"wp","href":"https:\/\/api.w.org\/{rel}","templated":true}]}}