{"id":47783,"date":"2021-08-06T12:57:45","date_gmt":"2021-08-06T17:57:45","guid":{"rendered":"https:\/\/l21.mx\/?p=47783"},"modified":"2021-08-06T12:57:55","modified_gmt":"2021-08-06T17:57:55","slug":"festival-internacional-de-cine-tulum","status":"publish","type":"post","link":"https:\/\/l21.mx\/?p=47783","title":{"rendered":"Festival Internacional de Cine Tulum"},"content":{"rendered":"\n<p class=\"wp-block-paragraph\"><\/p>\n\n\n\n<p class=\"wp-block-paragraph\"><strong>Manteniendo su compromiso de proyectar una selecci\u00f3n de pel\u00edculas destacadas y conscientes que representan la multitud de voces del cine contempor\u00e1neo, y que atiendan temas de importancia actual -como el medio ambiente, la justicia y la identidad de g\u00e9nero, entre otros-, el Festival Internacional de Cine Tulum (FICTU) realizar\u00e1 su segunda edici\u00f3n. El evento tiene un reto may\u00fasculo al ofrecer todas sus actividades presenciales siguiendo estrictas medidas para evitar contagios de Covid-19. Las proyecciones ser\u00e1n en el Hotel Ikal, el Hotel Aloft Tulum y la explanada del Palacio Municipal. La pantalla itinerante visitar\u00e1 Hondzonot, Chanchen Primero, San Juan de Dios y Francisco Uh May. Todas las presentaciones son gratuitas.<\/strong><\/p>\n\n\n\n<figure class=\"wp-block-image size-large is-style-default\"><a href=\"https:\/\/l21.mx\/wp-content\/uploads\/2021\/08\/Festival-cine-Tulum-2.jpg\" data-rel=\"penci-gallery-image-content\" ><img fetchpriority=\"high\" decoding=\"async\" width=\"1024\" height=\"1024\" src=\"https:\/\/l21.mx\/wp-content\/uploads\/2021\/08\/Festival-cine-Tulum-2-1024x1024.jpg\" alt=\"\" class=\"wp-image-47785\" srcset=\"https:\/\/l21.mx\/wp-content\/uploads\/2021\/08\/Festival-cine-Tulum-2-1024x1024.jpg 1024w, https:\/\/l21.mx\/wp-content\/uploads\/2021\/08\/Festival-cine-Tulum-2-300x300.jpg 300w, https:\/\/l21.mx\/wp-content\/uploads\/2021\/08\/Festival-cine-Tulum-2-150x150.jpg 150w, https:\/\/l21.mx\/wp-content\/uploads\/2021\/08\/Festival-cine-Tulum-2-768x768.jpg 768w, https:\/\/l21.mx\/wp-content\/uploads\/2021\/08\/Festival-cine-Tulum-2-1170x1170.jpg 1170w, https:\/\/l21.mx\/wp-content\/uploads\/2021\/08\/Festival-cine-Tulum-2-585x585.jpg 585w, https:\/\/l21.mx\/wp-content\/uploads\/2021\/08\/Festival-cine-Tulum-2.jpg 1500w\" sizes=\"(max-width: 1024px) 100vw, 1024px\" \/><\/a><\/figure>\n","protected":false},"excerpt":{"rendered":"<p>Manteniendo su compromiso de proyectar una selecci\u00f3n de pel\u00edculas destacadas y conscientes que representan la multitud&hellip;<\/p>\n","protected":false},"author":95,"featured_media":47784,"comment_status":"closed","ping_status":"closed","sticky":false,"template":"","format":"standard","meta":{"_acf_changed":false,"_lmt_disableupdate":"","_lmt_disable":"","_mbp_gutenberg_autopost":false,"footnotes":""},"categories":[476,23],"tags":[],"class_list":["post-47783","post","type-post","status-publish","format-standard","has-post-thumbnail","hentry","category-agenda","category-noticias"],"acf":[],"_links":{"self":[{"href":"https:\/\/l21.mx\/index.php?rest_route=\/wp\/v2\/posts\/47783","targetHints":{"allow":["GET"]}}],"collection":[{"href":"https:\/\/l21.mx\/index.php?rest_route=\/wp\/v2\/posts"}],"about":[{"href":"https:\/\/l21.mx\/index.php?rest_route=\/wp\/v2\/types\/post"}],"author":[{"embeddable":true,"href":"https:\/\/l21.mx\/index.php?rest_route=\/wp\/v2\/users\/95"}],"replies":[{"embeddable":true,"href":"https:\/\/l21.mx\/index.php?rest_route=%2Fwp%2Fv2%2Fcomments&post=47783"}],"version-history":[{"count":0,"href":"https:\/\/l21.mx\/index.php?rest_route=\/wp\/v2\/posts\/47783\/revisions"}],"wp:featuredmedia":[{"embeddable":true,"href":"https:\/\/l21.mx\/index.php?rest_route=\/wp\/v2\/media\/47784"}],"wp:attachment":[{"href":"https:\/\/l21.mx\/index.php?rest_route=%2Fwp%2Fv2%2Fmedia&parent=47783"}],"wp:term":[{"taxonomy":"category","embeddable":true,"href":"https:\/\/l21.mx\/index.php?rest_route=%2Fwp%2Fv2%2Fcategories&post=47783"},{"taxonomy":"post_tag","embeddable":true,"href":"https:\/\/l21.mx\/index.php?rest_route=%2Fwp%2Fv2%2Ftags&post=47783"}],"curies":[{"name":"wp","href":"https:\/\/api.w.org\/{rel}","templated":true}]}}