{"id":47804,"date":"2021-08-22T13:08:00","date_gmt":"2021-08-22T18:08:00","guid":{"rendered":"https:\/\/l21.mx\/?p=47804"},"modified":"2021-08-06T13:10:23","modified_gmt":"2021-08-06T18:10:23","slug":"alta-ccma-mro-conference","status":"publish","type":"post","link":"https:\/\/l21.mx\/?p=47804","title":{"rendered":"ALTA CCMA &#038; MRO Conference"},"content":{"rendered":"\n<p class=\"wp-block-paragraph\"><\/p>\n\n\n\n<p class=\"wp-block-paragraph\"><strong>El evento t\u00e9cnico m\u00e1s antiguo de la aviaci\u00f3n latinoamericana y del Caribe tendr\u00e1 lugar en Punta Cana, donde se reunir\u00e1n altos ejecutivos de las \u00e1reas de mantenimiento, compras t\u00e9cnicas y tecnolog\u00eda de aerol\u00edneas que operan en Am\u00e9rica Latina, el Caribe, Norteam\u00e9rica y Europa y a proveedores de partes y servicios de todo el mundo. Luego de un exitoso evento realizado en M\u00e9xico en diciembre de 2020, ALTA eligi\u00f3 el Hard Rock Hotel de Punta Cana para esta edici\u00f3n que incluir\u00e1 una agenda acad\u00e9mica enfocada en tecnolog\u00eda, eficiencias y medidas para apoyar la recuperaci\u00f3n del sector; reuniones entre representantes de aerol\u00edneas y proveedores; \u00e1rea de exhibici\u00f3n, as\u00ed como actividades de<em> networking<\/em> y sesiones de trabajo.<\/strong><\/p>\n","protected":false},"excerpt":{"rendered":"<p>El evento t\u00e9cnico m\u00e1s antiguo de la aviaci\u00f3n latinoamericana y del Caribe tendr\u00e1 lugar en Punta&hellip;<\/p>\n","protected":false},"author":95,"featured_media":47806,"comment_status":"closed","ping_status":"closed","sticky":false,"template":"","format":"standard","meta":{"_acf_changed":false,"_lmt_disableupdate":"","_lmt_disable":"","_mbp_gutenberg_autopost":false,"footnotes":""},"categories":[476,23],"tags":[],"class_list":["post-47804","post","type-post","status-publish","format-standard","has-post-thumbnail","hentry","category-agenda","category-noticias"],"acf":[],"_links":{"self":[{"href":"https:\/\/l21.mx\/index.php?rest_route=\/wp\/v2\/posts\/47804","targetHints":{"allow":["GET"]}}],"collection":[{"href":"https:\/\/l21.mx\/index.php?rest_route=\/wp\/v2\/posts"}],"about":[{"href":"https:\/\/l21.mx\/index.php?rest_route=\/wp\/v2\/types\/post"}],"author":[{"embeddable":true,"href":"https:\/\/l21.mx\/index.php?rest_route=\/wp\/v2\/users\/95"}],"replies":[{"embeddable":true,"href":"https:\/\/l21.mx\/index.php?rest_route=%2Fwp%2Fv2%2Fcomments&post=47804"}],"version-history":[{"count":0,"href":"https:\/\/l21.mx\/index.php?rest_route=\/wp\/v2\/posts\/47804\/revisions"}],"wp:featuredmedia":[{"embeddable":true,"href":"https:\/\/l21.mx\/index.php?rest_route=\/wp\/v2\/media\/47806"}],"wp:attachment":[{"href":"https:\/\/l21.mx\/index.php?rest_route=%2Fwp%2Fv2%2Fmedia&parent=47804"}],"wp:term":[{"taxonomy":"category","embeddable":true,"href":"https:\/\/l21.mx\/index.php?rest_route=%2Fwp%2Fv2%2Fcategories&post=47804"},{"taxonomy":"post_tag","embeddable":true,"href":"https:\/\/l21.mx\/index.php?rest_route=%2Fwp%2Fv2%2Ftags&post=47804"}],"curies":[{"name":"wp","href":"https:\/\/api.w.org\/{rel}","templated":true}]}}