{"id":48069,"date":"2021-09-06T11:33:00","date_gmt":"2021-09-06T16:33:00","guid":{"rendered":"https:\/\/l21.mx\/?p=48069"},"modified":"2021-09-01T11:41:31","modified_gmt":"2021-09-01T16:41:31","slug":"cumbre-aerea","status":"publish","type":"post","link":"https:\/\/l21.mx\/?p=48069","title":{"rendered":"Cumbre a\u00e9rea"},"content":{"rendered":"\n<p class=\"wp-block-paragraph\"><\/p>\n\n\n\n<p class=\"wp-block-paragraph\"><strong>La edici\u00f3n 2021 de la ALTA Aviation Law Americas, organizada por la Asociaci\u00f3n Latinoamericana y del Caribe de Transporte A\u00e9reo, se llevar\u00e1 a cabo en R\u00edo de Janeiro Brasil. El objetivo es analizar el futuro de esta industria, cu\u00e1les son los avances tecnol\u00f3gicos, el medio ambiente, la sostenibilidad y otros temas relacionados con el mundo de los negocios, enfocados al sector aeron\u00e1utico. En particular, discutir\u00e1n las propuestas para mejorar la situaci\u00f3n del gremio ante una nueva oleada de Covid-19 en muchos pa\u00edses y c\u00f3mo los viajes y particularmente las compa\u00f1\u00edas a\u00e9reas pueden contribuir a una reactivaci\u00f3n m\u00e1s responsable.&nbsp;<\/strong><\/p>\n","protected":false},"excerpt":{"rendered":"<p>La edici\u00f3n 2021 de la ALTA Aviation Law Americas, organizada por la Asociaci\u00f3n Latinoamericana y del&hellip;<\/p>\n","protected":false},"author":95,"featured_media":48063,"comment_status":"closed","ping_status":"closed","sticky":false,"template":"","format":"standard","meta":{"_acf_changed":false,"_lmt_disableupdate":"","_lmt_disable":"","_mbp_gutenberg_autopost":false,"footnotes":""},"categories":[476,23],"tags":[],"class_list":["post-48069","post","type-post","status-publish","format-standard","has-post-thumbnail","hentry","category-agenda","category-noticias"],"acf":[],"_links":{"self":[{"href":"https:\/\/l21.mx\/index.php?rest_route=\/wp\/v2\/posts\/48069","targetHints":{"allow":["GET"]}}],"collection":[{"href":"https:\/\/l21.mx\/index.php?rest_route=\/wp\/v2\/posts"}],"about":[{"href":"https:\/\/l21.mx\/index.php?rest_route=\/wp\/v2\/types\/post"}],"author":[{"embeddable":true,"href":"https:\/\/l21.mx\/index.php?rest_route=\/wp\/v2\/users\/95"}],"replies":[{"embeddable":true,"href":"https:\/\/l21.mx\/index.php?rest_route=%2Fwp%2Fv2%2Fcomments&post=48069"}],"version-history":[{"count":0,"href":"https:\/\/l21.mx\/index.php?rest_route=\/wp\/v2\/posts\/48069\/revisions"}],"wp:featuredmedia":[{"embeddable":true,"href":"https:\/\/l21.mx\/index.php?rest_route=\/wp\/v2\/media\/48063"}],"wp:attachment":[{"href":"https:\/\/l21.mx\/index.php?rest_route=%2Fwp%2Fv2%2Fmedia&parent=48069"}],"wp:term":[{"taxonomy":"category","embeddable":true,"href":"https:\/\/l21.mx\/index.php?rest_route=%2Fwp%2Fv2%2Fcategories&post=48069"},{"taxonomy":"post_tag","embeddable":true,"href":"https:\/\/l21.mx\/index.php?rest_route=%2Fwp%2Fv2%2Ftags&post=48069"}],"curies":[{"name":"wp","href":"https:\/\/api.w.org\/{rel}","templated":true}]}}