{"id":48236,"date":"2021-10-01T09:43:01","date_gmt":"2021-10-01T14:43:01","guid":{"rendered":"https:\/\/l21.mx\/?p=48236"},"modified":"2021-10-01T10:11:40","modified_gmt":"2021-10-01T15:11:40","slug":"bitacora-de-viaje-xv","status":"publish","type":"post","link":"https:\/\/l21.mx\/?p=48236","title":{"rendered":"Bit\u00e1cora de viaje XV"},"content":{"rendered":"\n<p>&nbsp;&nbsp;&nbsp;&nbsp;&nbsp;&nbsp;&nbsp;&nbsp;&nbsp; \u201cNo es el momento para hacer nuevos enemigos\u201d.<\/p>\n\n\n\n<p>&nbsp;&nbsp;&nbsp;&nbsp;&nbsp;&nbsp;&nbsp;&nbsp;&nbsp;&nbsp;&nbsp;&nbsp;&nbsp;&nbsp;&nbsp;&nbsp;&nbsp;&nbsp;&nbsp;&nbsp;&nbsp;&nbsp;&nbsp;&nbsp;&nbsp;&nbsp;&nbsp;&nbsp;&nbsp;&nbsp;&nbsp;&nbsp;&nbsp;&nbsp;&nbsp;&nbsp;&nbsp;&nbsp;&nbsp;&nbsp;&nbsp;&nbsp;&nbsp;&nbsp;&nbsp;&nbsp;&nbsp;&nbsp;&nbsp;&nbsp;&nbsp;&nbsp;&nbsp;&nbsp;&nbsp;&nbsp;&nbsp;&nbsp;&nbsp;&nbsp;&nbsp;&nbsp;&nbsp;&nbsp;&nbsp;&nbsp;&nbsp;&nbsp;&nbsp; &#8211; Voltaire.<\/p>\n\n\n\n<p>&nbsp;&nbsp; Regresaron en 1945 terminando la guerra; la mayor\u00eda de las bajas ocurrieron durante los meses de entrenamiento en la Uni\u00f3n Americana. Su \u00faltimo destino: Filipinas, haciendo labor de acompa\u00f1amiento a bombarderos ligeros y misiones de ametrallamiento en tierra a convoyes militares piloteando los formidables P-47 Thunderbolt y presumiendo la caricatura del gallito empistolado en la fantas\u00eda musical de Disney Los Tres Caballeros. En ambos costados y alas, el tri\u00e1ngulo a tres colores que los identificaba como miembros de la FAM, Fuerza A\u00e9rea Mexicana. El m\u00edtico escuadr\u00f3n 201 que pudo volar gracias al pr\u00e9stamo de los vecinos. Fue la \u00faltima vez en que M\u00e9xico entr\u00f3 a una guerra extranjera y de eso ya tiene 76 a\u00f1os; la migraci\u00f3n no s\u00f3lo era legal; era el reconocimiento de los yanquis al incansable trabajador y a la excelente mano de obra mexicana supliendo la falta de locales que estaban peleando en Europa, Asia y Ocean\u00eda. El tiempo de paz nos vino bien, requetebien, parafraseando al cl\u00e1sico, por esa inercia de reconstrucci\u00f3n mundial orquestada por Estados Unidos. Si ese pa\u00eds aprovechaba los suculentos contratos internacionales para inyectar verde y fresco dinero a las econom\u00edas mundiales, M\u00e9xico, pegadito y de ah\u00ed no te muevas. Fue el premio que nuestro pa\u00eds obtuvo por no caer en tentaci\u00f3n a pesar de los continuos coqueteos que tuvo por parte del f\u00fchrer de pasarse al lado obscuro. Ya a\u00f1os antes, el k\u00e1iser Guillermo iniciar\u00eda con el cortejo. Ay\u00fadanos a poner de rodillas a los americanos y al ganar la guerra, te regresamos el territorio que traicioneramente te quitaron.&nbsp; Venustiano Carranza no estaba para fantas\u00edas ni tampoco L\u00e1zaro C\u00e1rdenas o \u00c1vila Camacho. A pesar de la corrupci\u00f3n que logr\u00f3 que altos mandos del ej\u00e9rcito y la pol\u00edtica se llenaran los bolsillos al permitir que de nuestras costas salieran embarques con minerales hacia los puertos germanos y darle un respiro a la producci\u00f3n de armamento para la causa del Eje, el sentido com\u00fan persisti\u00f3 en considerar demencial apostar por Alemania, ya para entonces cercada y flaca en suministros. El empuj\u00f3n final (quien quiera que lo haya dado) sucedi\u00f3 cuando un presunto submarino de la kriegsmarine torpede\u00f3 y hundi\u00f3 los barcos petroleros Potrero del Llano y Faja de Oro en el Golfo de M\u00e9xico, apurando la declaraci\u00f3n de guerra que romp\u00eda con una muy forzada pol\u00edtica de neutralidad y no intervenci\u00f3n. &nbsp;Esta decisi\u00f3n le garantiz\u00f3 a nuestro pa\u00eds un desarrollo atemperado, s\u00ed, por la voracidad de los clubes de amigos pri\u00edstas.<\/p>\n\n\n\n<p>&nbsp;&nbsp; Los coletazos y bandazos ideol\u00f3gicos de un partido dictatorial en el poder eran simplemente refuerzos de que la Revoluci\u00f3n segu\u00eda en pie y el pueblo de M\u00e9xico deb\u00eda estar orgulloso de la justicia social alcanzada por la transformaci\u00f3n de bla, bla, bla. Y sin embargo, por muy zurdo que fuera el discurso (recordemos que el PRI, desde los a\u00f1os cincuenta aparece como miembro de la Internacional Socialista), siempre hemos seguido el juego Pato Donald\/Pancho Pistolas\/Jos\u00e9 Carioca del panamericanismo. Le conviene a Estados Unidos, nos ha convenido a nosotros en el fondo, aunque tal vez no en la forma. La Uni\u00f3n Americana tiene en la figura de Ju\u00e1rez al hombre que par\u00f3 las ambiciones europeas al fusilar, como ejemplo mundial, a Maximiliano. No por nada, en la distorsionada versi\u00f3n hist\u00f3rica de nuestra Historia, para ellos, los vecinos, el Cinco de Mayo es una fiesta mayor que la inexistente arenga de Hidalgo, el sacrificio in\u00fatil de Morelos o la intrascendente consumaci\u00f3n de Iturbide. Para ellos, lo que vale, fue que los reafirmamos en su Doctrina Monroe al escogerlos a ellos sobre Napole\u00f3n III. Y por bien portados, recibimos los reci\u00e9n inventados rifles de repetici\u00f3n y mucho dinero para rearmar la Rep\u00fablica. Al T\u00edo Sam no le importa el flirteo con los vientos rojos, siempre y cuando sigamos las reglas del juego y eso ha sido parte del \u00e9xito admirable e impecable de la pol\u00edtica exterior mexicana desde hace d\u00e9cadas, salvo cerriles excepciones como la de aquel \u201ccomes y te vas\u201d del ex presichente Fox. Y ha sido justo esa ductilidad del servicio exterior mexicano lo que nos ha hecho amigos de tirios y troyanos; am\u00e9n de la manera tan elegante en que el Estado nacional gira el tim\u00f3n hacia donde soplen los vientos pol\u00edticos y econ\u00f3micos del mundo sin comprometerse con ideolog\u00edas. Por supuesto, otra historia es c\u00f3mo no se han aprovechado tantas alianzas firmadas con un tutti frutti geogr\u00e1fico para crecer m\u00e1s all\u00e1 de la mediocridad. Sin embargo, otra vez, el tufo a impunidad y corrupci\u00f3n, tiene formas, nombres, apellidos y fortunas inexplicables.<\/p>\n\n\n\n<p>&nbsp;&nbsp; Esa elasticidad diplom\u00e1tica, m\u00e1s all\u00e1 de la an\u00e9cdota, parece que ha llegado a su fin, por lo menos temporalmente. Aunque tenemos a un canciller multiusos que lo mismo asiste a conferencias internacionales, es enviado a comprar pipas de combustible o recibe embarques con vacunas, demostrando, se le reconoce,&nbsp; su colmillo pol\u00edtico en cada una de estas encomiendas, surgen por parte del jefe (pasa en muchas empresas y tambi\u00e9n en pa\u00edses), caprichos y berrinches que se tienen que cumplir a rega\u00f1adientes para mantenerlo contento en su mundo ideal. Si quieren saber a qu\u00e9 me refiero y si es que no lo han adivinado todav\u00eda, hasta la pr\u00f3xima, como dicen en mi pueblo, \u201ccon m\u00e1s tiempito\u201d. &nbsp;Estamos jugando un juego muy peligroso para satisfacer un ego desmedido y aqu\u00ed s\u00ed, le soltar\u00edamos la correa al proverbial tigre.&nbsp;<\/p>\n\n\n\n<p>&nbsp;&nbsp; Mientras tanto, en alg\u00fan muy c\u00e1lido lugar, Francois-Marie Arouet se felicit\u00f3 al no renunciar al diablo, en su lecho de muerte, para salvar su alma como se lo ped\u00eda el confesor.&nbsp; Efectivamente, no era el momento de hacer nuevos enemigos. Voltaire siendo Voltaire hasta la eternidad.<\/p>\n\n\n\n<p>&nbsp;&nbsp;&nbsp;&nbsp;&nbsp;&nbsp;&nbsp;&nbsp;&nbsp;&nbsp;&nbsp;&nbsp;&nbsp;&nbsp;&nbsp;&nbsp;&nbsp;&nbsp;&nbsp;&nbsp;&nbsp;&nbsp;&nbsp;&nbsp;&nbsp;&nbsp;&nbsp;&nbsp;&nbsp;&nbsp;&nbsp;&nbsp;&nbsp;&nbsp;&nbsp;&nbsp;&nbsp;&nbsp;&nbsp;&nbsp;&nbsp;&nbsp;&nbsp;&nbsp;&nbsp;&nbsp;&nbsp;&nbsp;&nbsp;&nbsp;&nbsp;&nbsp;&nbsp;&nbsp;&nbsp;&nbsp;&nbsp;&nbsp;&nbsp;&nbsp;&nbsp;&nbsp; I\u00f1aki Manero.&nbsp;&nbsp;&nbsp;&nbsp;&nbsp;&nbsp;&nbsp;&nbsp;&nbsp;&nbsp;&nbsp;&nbsp;&nbsp;&nbsp;&nbsp;&nbsp;&nbsp;&nbsp;&nbsp;&nbsp;&nbsp;&nbsp;&nbsp;&nbsp;&nbsp;&nbsp;&nbsp;&nbsp;&nbsp;&nbsp;&nbsp;&nbsp;&nbsp;&nbsp;&nbsp;<\/p>\n","protected":false},"excerpt":{"rendered":"<p>&nbsp;&nbsp;&nbsp;&nbsp;&nbsp;&nbsp;&nbsp;&nbsp;&nbsp; \u201cNo es el momento para hacer nuevos enemigos\u201d. &nbsp;&nbsp;&nbsp;&nbsp;&nbsp;&nbsp;&nbsp;&nbsp;&nbsp;&nbsp;&nbsp;&nbsp;&nbsp;&nbsp;&nbsp;&nbsp;&nbsp;&nbsp;&nbsp;&nbsp;&nbsp;&nbsp;&nbsp;&nbsp;&nbsp;&nbsp;&nbsp;&nbsp;&nbsp;&nbsp;&nbsp;&nbsp;&nbsp;&nbsp;&nbsp;&nbsp;&nbsp;&nbsp;&nbsp;&nbsp;&nbsp;&nbsp;&nbsp;&nbsp;&nbsp;&nbsp;&nbsp;&nbsp;&nbsp;&nbsp;&nbsp;&nbsp;&nbsp;&nbsp;&nbsp;&nbsp;&nbsp;&nbsp;&nbsp;&nbsp;&nbsp;&nbsp;&nbsp;&nbsp;&nbsp;&nbsp;&nbsp;&nbsp;&nbsp; &#8211; Voltaire. &nbsp;&nbsp; Regresaron en 1945&hellip;<\/p>\n","protected":false},"author":100,"featured_media":46202,"comment_status":"closed","ping_status":"closed","sticky":false,"template":"","format":"standard","meta":{"_acf_changed":false,"_lmt_disableupdate":"","_lmt_disable":"","_mbp_gutenberg_autopost":false,"footnotes":""},"categories":[1007],"tags":[1549,1484,51],"class_list":["post-48236","post","type-post","status-publish","format-standard","has-post-thumbnail","hentry","category-inaki-manero","tag-canciller","tag-estados-unidos","tag-mexico"],"acf":[],"yoast_head":"<!-- This site is optimized with the Yoast SEO plugin v27.5 - https:\/\/yoast.com\/product\/yoast-seo-wordpress\/ -->\n<title>Bit\u00e1cora de viaje XV | Revista Latitud 21<\/title>\n<meta name=\"description\" content=\"L21, Emprendedores y Negocios en el Caribe Mexicano, es la revista l\u00edder entre el Sector Empresarial y Tur\u00edstico del Caribe Mexicano.\" \/>\n<meta name=\"robots\" content=\"index, follow, max-snippet:-1, max-image-preview:large, max-video-preview:-1\" \/>\n<link rel=\"canonical\" href=\"https:\/\/l21.mx\/?p=48236\" \/>\n<meta name=\"twitter:card\" content=\"summary_large_image\" \/>\n<meta name=\"twitter:title\" content=\"Bit\u00e1cora de viaje XV | Revista Latitud 21\" \/>\n<meta name=\"twitter:description\" content=\"L21, Emprendedores y Negocios en el Caribe Mexicano, es la revista l\u00edder entre el Sector Empresarial y Tur\u00edstico del Caribe Mexicano.\" \/>\n<meta name=\"twitter:image\" content=\"https:\/\/l21.mx\/wp-content\/uploads\/2021\/04\/inaki-manero-bitacora-de-viaje.jpg\" \/>\n<meta name=\"twitter:creator\" content=\"@Latitud21mx\" \/>\n<meta name=\"twitter:site\" content=\"@Latitud21mx\" \/>\n<meta name=\"twitter:label1\" content=\"Escrito por\" \/>\n\t<meta name=\"twitter:data1\" content=\"NellyG\" \/>\n\t<meta name=\"twitter:label2\" content=\"Tiempo de lectura\" \/>\n\t<meta name=\"twitter:data2\" content=\"6 minutos\" \/>\n<script type=\"application\/ld+json\" class=\"yoast-schema-graph\">{\"@context\":\"https:\\\/\\\/schema.org\",\"@graph\":[{\"@type\":\"Article\",\"@id\":\"https:\\\/\\\/l21.mx\\\/?p=48236#article\",\"isPartOf\":{\"@id\":\"https:\\\/\\\/l21.mx\\\/?p=48236\"},\"author\":{\"name\":\"NellyG\",\"@id\":\"https:\\\/\\\/l21.mx\\\/#\\\/schema\\\/person\\\/cca68595b80b2f6c4c55a8b254bfbb2a\"},\"headline\":\"Bit\u00e1cora de viaje XV\",\"datePublished\":\"2021-10-01T14:43:01+00:00\",\"dateModified\":\"2021-10-01T15:11:40+00:00\",\"mainEntityOfPage\":{\"@id\":\"https:\\\/\\\/l21.mx\\\/?p=48236\"},\"wordCount\":1223,\"publisher\":{\"@id\":\"https:\\\/\\\/l21.mx\\\/#organization\"},\"image\":{\"@id\":\"https:\\\/\\\/l21.mx\\\/?p=48236#primaryimage\"},\"thumbnailUrl\":\"https:\\\/\\\/l21.mx\\\/wp-content\\\/uploads\\\/2021\\\/04\\\/inaki-manero-bitacora-de-viaje.jpg\",\"keywords\":[\"canciller\",\"Estados Unidos\",\"Mexico\"],\"articleSection\":[\"I\u00f1aki Manero\"],\"inLanguage\":\"es\"},{\"@type\":\"WebPage\",\"@id\":\"https:\\\/\\\/l21.mx\\\/?p=48236\",\"url\":\"https:\\\/\\\/l21.mx\\\/?p=48236\",\"name\":\"Bit\u00e1cora de viaje XV | Revista Latitud 21\",\"isPartOf\":{\"@id\":\"https:\\\/\\\/l21.mx\\\/#website\"},\"primaryImageOfPage\":{\"@id\":\"https:\\\/\\\/l21.mx\\\/?p=48236#primaryimage\"},\"image\":{\"@id\":\"https:\\\/\\\/l21.mx\\\/?p=48236#primaryimage\"},\"thumbnailUrl\":\"https:\\\/\\\/l21.mx\\\/wp-content\\\/uploads\\\/2021\\\/04\\\/inaki-manero-bitacora-de-viaje.jpg\",\"datePublished\":\"2021-10-01T14:43:01+00:00\",\"dateModified\":\"2021-10-01T15:11:40+00:00\",\"description\":\"L21, Emprendedores y Negocios en el Caribe Mexicano, es la revista l\u00edder entre el Sector Empresarial y Tur\u00edstico del Caribe Mexicano.\",\"breadcrumb\":{\"@id\":\"https:\\\/\\\/l21.mx\\\/?p=48236#breadcrumb\"},\"inLanguage\":\"es\",\"potentialAction\":[{\"@type\":\"ReadAction\",\"target\":[\"https:\\\/\\\/l21.mx\\\/?p=48236\"]}]},{\"@type\":\"ImageObject\",\"inLanguage\":\"es\",\"@id\":\"https:\\\/\\\/l21.mx\\\/?p=48236#primaryimage\",\"url\":\"https:\\\/\\\/l21.mx\\\/wp-content\\\/uploads\\\/2021\\\/04\\\/inaki-manero-bitacora-de-viaje.jpg\",\"contentUrl\":\"https:\\\/\\\/l21.mx\\\/wp-content\\\/uploads\\\/2021\\\/04\\\/inaki-manero-bitacora-de-viaje.jpg\",\"width\":900,\"height\":599},{\"@type\":\"BreadcrumbList\",\"@id\":\"https:\\\/\\\/l21.mx\\\/?p=48236#breadcrumb\",\"itemListElement\":[{\"@type\":\"ListItem\",\"position\":1,\"name\":\"Portada\",\"item\":\"https:\\\/\\\/l21.mx\\\/\"},{\"@type\":\"ListItem\",\"position\":2,\"name\":\"Bit\u00e1cora de viaje XV\"}]},{\"@type\":\"WebSite\",\"@id\":\"https:\\\/\\\/l21.mx\\\/#website\",\"url\":\"https:\\\/\\\/l21.mx\\\/\",\"name\":\"Revista Latitud 21\",\"description\":\"Emprendedores  y negocios en el Caribe Mexicano\",\"publisher\":{\"@id\":\"https:\\\/\\\/l21.mx\\\/#organization\"},\"potentialAction\":[{\"@type\":\"SearchAction\",\"target\":{\"@type\":\"EntryPoint\",\"urlTemplate\":\"https:\\\/\\\/l21.mx\\\/?s={search_term_string}\"},\"query-input\":{\"@type\":\"PropertyValueSpecification\",\"valueRequired\":true,\"valueName\":\"search_term_string\"}}],\"inLanguage\":\"es\"},{\"@type\":\"Organization\",\"@id\":\"https:\\\/\\\/l21.mx\\\/#organization\",\"name\":\"Grupo Editorial Latitud 21 SA de CV\",\"url\":\"https:\\\/\\\/l21.mx\\\/\",\"logo\":{\"@type\":\"ImageObject\",\"inLanguage\":\"es\",\"@id\":\"https:\\\/\\\/l21.mx\\\/#\\\/schema\\\/logo\\\/image\\\/\",\"url\":\"https:\\\/\\\/l21.mx\\\/wp-content\\\/uploads\\\/2020\\\/10\\\/logo-l21-baja.jpg\",\"contentUrl\":\"https:\\\/\\\/l21.mx\\\/wp-content\\\/uploads\\\/2020\\\/10\\\/logo-l21-baja.jpg\",\"width\":250,\"height\":250,\"caption\":\"Grupo Editorial Latitud 21 SA de CV\"},\"image\":{\"@id\":\"https:\\\/\\\/l21.mx\\\/#\\\/schema\\\/logo\\\/image\\\/\"},\"sameAs\":[\"https:\\\/\\\/www.facebook.com\\\/RevistaLatitud21\\\/\",\"https:\\\/\\\/x.com\\\/Latitud21mx\"]},{\"@type\":\"Person\",\"@id\":\"https:\\\/\\\/l21.mx\\\/#\\\/schema\\\/person\\\/cca68595b80b2f6c4c55a8b254bfbb2a\",\"name\":\"NellyG\",\"url\":\"https:\\\/\\\/l21.mx\\\/?author=100\"}]}<\/script>\n<!-- \/ Yoast SEO plugin. -->","yoast_head_json":{"title":"Bit\u00e1cora de viaje XV | Revista Latitud 21","description":"L21, Emprendedores y Negocios en el Caribe Mexicano, es la revista l\u00edder entre el Sector Empresarial y Tur\u00edstico del Caribe Mexicano.","robots":{"index":"index","follow":"follow","max-snippet":"max-snippet:-1","max-image-preview":"max-image-preview:large","max-video-preview":"max-video-preview:-1"},"canonical":"https:\/\/l21.mx\/?p=48236","twitter_card":"summary_large_image","twitter_title":"Bit\u00e1cora de viaje XV | Revista Latitud 21","twitter_description":"L21, Emprendedores y Negocios en el Caribe Mexicano, es la revista l\u00edder entre el Sector Empresarial y Tur\u00edstico del Caribe Mexicano.","twitter_image":"https:\/\/l21.mx\/wp-content\/uploads\/2021\/04\/inaki-manero-bitacora-de-viaje.jpg","twitter_creator":"@Latitud21mx","twitter_site":"@Latitud21mx","twitter_misc":{"Escrito por":"NellyG","Tiempo de lectura":"6 minutos"},"schema":{"@context":"https:\/\/schema.org","@graph":[{"@type":"Article","@id":"https:\/\/l21.mx\/?p=48236#article","isPartOf":{"@id":"https:\/\/l21.mx\/?p=48236"},"author":{"name":"NellyG","@id":"https:\/\/l21.mx\/#\/schema\/person\/cca68595b80b2f6c4c55a8b254bfbb2a"},"headline":"Bit\u00e1cora de viaje XV","datePublished":"2021-10-01T14:43:01+00:00","dateModified":"2021-10-01T15:11:40+00:00","mainEntityOfPage":{"@id":"https:\/\/l21.mx\/?p=48236"},"wordCount":1223,"publisher":{"@id":"https:\/\/l21.mx\/#organization"},"image":{"@id":"https:\/\/l21.mx\/?p=48236#primaryimage"},"thumbnailUrl":"https:\/\/l21.mx\/wp-content\/uploads\/2021\/04\/inaki-manero-bitacora-de-viaje.jpg","keywords":["canciller","Estados Unidos","Mexico"],"articleSection":["I\u00f1aki Manero"],"inLanguage":"es"},{"@type":"WebPage","@id":"https:\/\/l21.mx\/?p=48236","url":"https:\/\/l21.mx\/?p=48236","name":"Bit\u00e1cora de viaje XV | Revista Latitud 21","isPartOf":{"@id":"https:\/\/l21.mx\/#website"},"primaryImageOfPage":{"@id":"https:\/\/l21.mx\/?p=48236#primaryimage"},"image":{"@id":"https:\/\/l21.mx\/?p=48236#primaryimage"},"thumbnailUrl":"https:\/\/l21.mx\/wp-content\/uploads\/2021\/04\/inaki-manero-bitacora-de-viaje.jpg","datePublished":"2021-10-01T14:43:01+00:00","dateModified":"2021-10-01T15:11:40+00:00","description":"L21, Emprendedores y Negocios en el Caribe Mexicano, es la revista l\u00edder entre el Sector Empresarial y Tur\u00edstico del Caribe Mexicano.","breadcrumb":{"@id":"https:\/\/l21.mx\/?p=48236#breadcrumb"},"inLanguage":"es","potentialAction":[{"@type":"ReadAction","target":["https:\/\/l21.mx\/?p=48236"]}]},{"@type":"ImageObject","inLanguage":"es","@id":"https:\/\/l21.mx\/?p=48236#primaryimage","url":"https:\/\/l21.mx\/wp-content\/uploads\/2021\/04\/inaki-manero-bitacora-de-viaje.jpg","contentUrl":"https:\/\/l21.mx\/wp-content\/uploads\/2021\/04\/inaki-manero-bitacora-de-viaje.jpg","width":900,"height":599},{"@type":"BreadcrumbList","@id":"https:\/\/l21.mx\/?p=48236#breadcrumb","itemListElement":[{"@type":"ListItem","position":1,"name":"Portada","item":"https:\/\/l21.mx\/"},{"@type":"ListItem","position":2,"name":"Bit\u00e1cora de viaje XV"}]},{"@type":"WebSite","@id":"https:\/\/l21.mx\/#website","url":"https:\/\/l21.mx\/","name":"Revista Latitud 21","description":"Emprendedores  y negocios en el Caribe Mexicano","publisher":{"@id":"https:\/\/l21.mx\/#organization"},"potentialAction":[{"@type":"SearchAction","target":{"@type":"EntryPoint","urlTemplate":"https:\/\/l21.mx\/?s={search_term_string}"},"query-input":{"@type":"PropertyValueSpecification","valueRequired":true,"valueName":"search_term_string"}}],"inLanguage":"es"},{"@type":"Organization","@id":"https:\/\/l21.mx\/#organization","name":"Grupo Editorial Latitud 21 SA de CV","url":"https:\/\/l21.mx\/","logo":{"@type":"ImageObject","inLanguage":"es","@id":"https:\/\/l21.mx\/#\/schema\/logo\/image\/","url":"https:\/\/l21.mx\/wp-content\/uploads\/2020\/10\/logo-l21-baja.jpg","contentUrl":"https:\/\/l21.mx\/wp-content\/uploads\/2020\/10\/logo-l21-baja.jpg","width":250,"height":250,"caption":"Grupo Editorial Latitud 21 SA de CV"},"image":{"@id":"https:\/\/l21.mx\/#\/schema\/logo\/image\/"},"sameAs":["https:\/\/www.facebook.com\/RevistaLatitud21\/","https:\/\/x.com\/Latitud21mx"]},{"@type":"Person","@id":"https:\/\/l21.mx\/#\/schema\/person\/cca68595b80b2f6c4c55a8b254bfbb2a","name":"NellyG","url":"https:\/\/l21.mx\/?author=100"}]}},"amp_enabled":true,"_links":{"self":[{"href":"https:\/\/l21.mx\/index.php?rest_route=\/wp\/v2\/posts\/48236","targetHints":{"allow":["GET"]}}],"collection":[{"href":"https:\/\/l21.mx\/index.php?rest_route=\/wp\/v2\/posts"}],"about":[{"href":"https:\/\/l21.mx\/index.php?rest_route=\/wp\/v2\/types\/post"}],"author":[{"embeddable":true,"href":"https:\/\/l21.mx\/index.php?rest_route=\/wp\/v2\/users\/100"}],"replies":[{"embeddable":true,"href":"https:\/\/l21.mx\/index.php?rest_route=%2Fwp%2Fv2%2Fcomments&post=48236"}],"version-history":[{"count":1,"href":"https:\/\/l21.mx\/index.php?rest_route=\/wp\/v2\/posts\/48236\/revisions"}],"predecessor-version":[{"id":48243,"href":"https:\/\/l21.mx\/index.php?rest_route=\/wp\/v2\/posts\/48236\/revisions\/48243"}],"wp:featuredmedia":[{"embeddable":true,"href":"https:\/\/l21.mx\/index.php?rest_route=\/wp\/v2\/media\/46202"}],"wp:attachment":[{"href":"https:\/\/l21.mx\/index.php?rest_route=%2Fwp%2Fv2%2Fmedia&parent=48236"}],"wp:term":[{"taxonomy":"category","embeddable":true,"href":"https:\/\/l21.mx\/index.php?rest_route=%2Fwp%2Fv2%2Fcategories&post=48236"},{"taxonomy":"post_tag","embeddable":true,"href":"https:\/\/l21.mx\/index.php?rest_route=%2Fwp%2Fv2%2Ftags&post=48236"}],"curies":[{"name":"wp","href":"https:\/\/api.w.org\/{rel}","templated":true}]}}