{"id":48309,"date":"2021-10-01T12:25:00","date_gmt":"2021-10-01T17:25:00","guid":{"rendered":"https:\/\/l21.mx\/?p=48309"},"modified":"2021-10-01T17:21:14","modified_gmt":"2021-10-01T22:21:14","slug":"festival-de-tradiciones-de-vida-y-muerte-30-al-31-de-octubre-y-1-al-2-de-noviembre","status":"publish","type":"post","link":"https:\/\/l21.mx\/?p=48309","title":{"rendered":"Festival de Tradiciones de Vida y Muerte 30 al 31 de octubre y 1 al 2 de noviembre"},"content":{"rendered":"\n<p class=\"wp-block-paragraph\"><\/p>\n\n\n\n<p class=\"wp-block-paragraph\">Luego de una pausa el a\u00f1o pasado, que no se realiz\u00f3 por la pandemia, esta vez el Grupo Xcaret retoma su tradicional festival, con una edici\u00f3n especial por ser el 15 aniversario del evento. Aunque con aforo reducido por las restricciones sanitarias, habr\u00e1 actividades culturales y art\u00edsticas, colores, m\u00fasica, sabores y aromas, como un escaparate que honra una de las tradiciones m\u00e1s emblem\u00e1ticas y genuinas de M\u00e9xico. Del 30 de octubre al 2 de noviembre, contempla 28 grupos art\u00edsticos, 521 artistas, nueve foros esc\u00e9nicos, 185 presentaciones art\u00edsticas, 10 exposiciones y exhibiciones, as\u00ed como 10 municipios beneficiados con la venta de artesan\u00edas.<\/p>\n","protected":false},"excerpt":{"rendered":"<p>Luego de una pausa el a\u00f1o pasado, que no se realiz\u00f3 por la pandemia, esta vez&hellip;<\/p>\n","protected":false},"author":95,"featured_media":48303,"comment_status":"closed","ping_status":"closed","sticky":false,"template":"","format":"standard","meta":{"_acf_changed":false,"_lmt_disableupdate":"","_lmt_disable":"","_mbp_gutenberg_autopost":false,"footnotes":""},"categories":[476],"tags":[],"class_list":["post-48309","post","type-post","status-publish","format-standard","has-post-thumbnail","hentry","category-agenda"],"acf":[],"_links":{"self":[{"href":"https:\/\/l21.mx\/index.php?rest_route=\/wp\/v2\/posts\/48309","targetHints":{"allow":["GET"]}}],"collection":[{"href":"https:\/\/l21.mx\/index.php?rest_route=\/wp\/v2\/posts"}],"about":[{"href":"https:\/\/l21.mx\/index.php?rest_route=\/wp\/v2\/types\/post"}],"author":[{"embeddable":true,"href":"https:\/\/l21.mx\/index.php?rest_route=\/wp\/v2\/users\/95"}],"replies":[{"embeddable":true,"href":"https:\/\/l21.mx\/index.php?rest_route=%2Fwp%2Fv2%2Fcomments&post=48309"}],"version-history":[{"count":0,"href":"https:\/\/l21.mx\/index.php?rest_route=\/wp\/v2\/posts\/48309\/revisions"}],"wp:featuredmedia":[{"embeddable":true,"href":"https:\/\/l21.mx\/index.php?rest_route=\/wp\/v2\/media\/48303"}],"wp:attachment":[{"href":"https:\/\/l21.mx\/index.php?rest_route=%2Fwp%2Fv2%2Fmedia&parent=48309"}],"wp:term":[{"taxonomy":"category","embeddable":true,"href":"https:\/\/l21.mx\/index.php?rest_route=%2Fwp%2Fv2%2Fcategories&post=48309"},{"taxonomy":"post_tag","embeddable":true,"href":"https:\/\/l21.mx\/index.php?rest_route=%2Fwp%2Fv2%2Ftags&post=48309"}],"curies":[{"name":"wp","href":"https:\/\/api.w.org\/{rel}","templated":true}]}}