{"id":48313,"date":"2021-10-01T12:26:00","date_gmt":"2021-10-01T17:26:00","guid":{"rendered":"https:\/\/l21.mx\/?p=48313"},"modified":"2021-10-01T17:21:04","modified_gmt":"2021-10-01T22:21:04","slug":"smart-city-expo-latam-congress-5-al-14-de-octubre","status":"publish","type":"post","link":"https:\/\/l21.mx\/?p=48313","title":{"rendered":"Smart City Expo LATAM Congress, 5 al 14 de octubre"},"content":{"rendered":"\n<p class=\"wp-block-paragraph\"><\/p>\n\n\n\n<p class=\"wp-block-paragraph\">Yucat\u00e1n se convertir\u00e1 en la capital de Am\u00e9rica Latina al ser, de nueva cuenta, sede de este importante encuentro para el intercambio de ideas y trabajo colaborativo en torno al avance hacia ciudades inteligentes, innovadores y sustentables, bajo el lema \u00abRepensar, reactivar, reconstruir\u00bb.<\/p>\n\n\n\n<p class=\"wp-block-paragraph\">Debido a la contingencia sanitaria por el coronavirus y las limitaciones de aforo, en esta edici\u00f3n se realizar\u00e1 de manera h\u00edbrida, toda vez que en 2020 Yucat\u00e1n tambi\u00e9n fue sede de la versi\u00f3n virtual.&nbsp;<\/p>\n\n\n\n<p class=\"wp-block-paragraph\">Se enfocar\u00e1 en c\u00f3mo las urbes, estado y naciones han enfrentado las afectaciones por la pandemia y las estrategias para caminar hacia una recuperaci\u00f3n sostenible.<\/p>\n","protected":false},"excerpt":{"rendered":"<p>Yucat\u00e1n se convertir\u00e1 en la capital de Am\u00e9rica Latina al ser, de nueva cuenta, sede de&hellip;<\/p>\n","protected":false},"author":95,"featured_media":48300,"comment_status":"closed","ping_status":"closed","sticky":false,"template":"","format":"standard","meta":{"_acf_changed":false,"_lmt_disableupdate":"","_lmt_disable":"","_mbp_gutenberg_autopost":false,"footnotes":""},"categories":[476],"tags":[],"class_list":["post-48313","post","type-post","status-publish","format-standard","has-post-thumbnail","hentry","category-agenda"],"acf":[],"_links":{"self":[{"href":"https:\/\/l21.mx\/index.php?rest_route=\/wp\/v2\/posts\/48313","targetHints":{"allow":["GET"]}}],"collection":[{"href":"https:\/\/l21.mx\/index.php?rest_route=\/wp\/v2\/posts"}],"about":[{"href":"https:\/\/l21.mx\/index.php?rest_route=\/wp\/v2\/types\/post"}],"author":[{"embeddable":true,"href":"https:\/\/l21.mx\/index.php?rest_route=\/wp\/v2\/users\/95"}],"replies":[{"embeddable":true,"href":"https:\/\/l21.mx\/index.php?rest_route=%2Fwp%2Fv2%2Fcomments&post=48313"}],"version-history":[{"count":0,"href":"https:\/\/l21.mx\/index.php?rest_route=\/wp\/v2\/posts\/48313\/revisions"}],"wp:featuredmedia":[{"embeddable":true,"href":"https:\/\/l21.mx\/index.php?rest_route=\/wp\/v2\/media\/48300"}],"wp:attachment":[{"href":"https:\/\/l21.mx\/index.php?rest_route=%2Fwp%2Fv2%2Fmedia&parent=48313"}],"wp:term":[{"taxonomy":"category","embeddable":true,"href":"https:\/\/l21.mx\/index.php?rest_route=%2Fwp%2Fv2%2Fcategories&post=48313"},{"taxonomy":"post_tag","embeddable":true,"href":"https:\/\/l21.mx\/index.php?rest_route=%2Fwp%2Fv2%2Ftags&post=48313"}],"curies":[{"name":"wp","href":"https:\/\/api.w.org\/{rel}","templated":true}]}}