{"id":48378,"date":"2021-10-20T22:52:04","date_gmt":"2021-10-21T03:52:04","guid":{"rendered":"https:\/\/l21.mx\/?p=48378"},"modified":"2021-10-20T22:52:05","modified_gmt":"2021-10-21T03:52:05","slug":"avanza-reactivacion-economica-de-solidaridad","status":"publish","type":"post","link":"https:\/\/l21.mx\/?p=48378","title":{"rendered":"Avanza reactivaci\u00f3n econ\u00f3mica de Solidaridad"},"content":{"rendered":"\n<p class=\"wp-block-paragraph\">La presidenta municipal, Lili Campos Miranda, realiz\u00f3  un recorrido en el Mercado \u201cMundo de las pi\u00f1atas\u201d, en donde se comprometi\u00f3 con los locatarios a dar pronta soluci\u00f3n a las necesidades que aquejan a este importante punto comercial de la colonia Bellavista.<\/p>\n\n\n\n<p class=\"wp-block-paragraph\">\u201cHoy estamos en un tiempo de renovaci\u00f3n, en donde todos queremos crecer y sacar adelante a nuestro municipio, y eso lo vamos a hacer de mano de todos ustedes, porque la participaci\u00f3n ciudadana es fundamental y porque tienen a un gobierno preocupado por cubrir las necesidades de la gente\u201d, mencion\u00f3.<\/p>\n\n\n\n<figure class=\"wp-block-image size-full\"><a href=\"https:\/\/l21.mx\/wp-content\/uploads\/2021\/10\/lili-campos-1.jpeg\" data-rel=\"penci-gallery-image-content\" ><img fetchpriority=\"high\" decoding=\"async\" width=\"800\" height=\"533\" src=\"https:\/\/l21.mx\/wp-content\/uploads\/2021\/10\/lili-campos-1.jpeg\" alt=\"\" class=\"wp-image-48381\" srcset=\"https:\/\/l21.mx\/wp-content\/uploads\/2021\/10\/lili-campos-1.jpeg 800w, https:\/\/l21.mx\/wp-content\/uploads\/2021\/10\/lili-campos-1-300x200.jpeg 300w, https:\/\/l21.mx\/wp-content\/uploads\/2021\/10\/lili-campos-1-768x512.jpeg 768w, https:\/\/l21.mx\/wp-content\/uploads\/2021\/10\/lili-campos-1-585x390.jpeg 585w, https:\/\/l21.mx\/wp-content\/uploads\/2021\/10\/lili-campos-1-263x175.jpeg 263w\" sizes=\"(max-width: 800px) 100vw, 800px\" \/><\/a><\/figure>\n\n\n\n<p class=\"wp-block-paragraph\">Lo anterior, ocurri\u00f3 en el marco de la Instalaci\u00f3n de la Comisi\u00f3n Edilicia de Industria, Comercio y Asuntos Agropecuarios, la cual estuvo conformada por regidores y encabezada por la presidenta Lili Campos, quien les extern\u00f3 a los presentes su compromiso de impulsar a los productores y comerciantes locales, como parte de las acciones que realizar\u00e1 su gobierno para consolidar la reactivaci\u00f3n econ\u00f3mica de Solidaridad.<\/p>\n\n\n\n<p class=\"wp-block-paragraph\">Asimismo, como parte de este evento, la presidenta destac\u00f3 la creaci\u00f3n de esta importa comisi\u00f3n, que presidir\u00e1 Rubicel L\u00f3pez P\u00e9rez, y la cual tiene uno de los objetivos m\u00e1s importantes del gobierno municipal, que es generar y vigilar las condiciones \u00f3ptimas para el desarrollo integral y sustentable del municipio, la administraci\u00f3n de los mercados municipales, el fomento y ordenamiento del comercio establecido y en la v\u00eda p\u00fablica.<\/p>\n\n\n\n<figure class=\"wp-block-image size-large\"><a href=\"https:\/\/l21.mx\/wp-content\/uploads\/2021\/10\/lili-campos-3.jpeg\" data-rel=\"penci-gallery-image-content\" ><img decoding=\"async\" width=\"1024\" height=\"682\" src=\"https:\/\/l21.mx\/wp-content\/uploads\/2021\/10\/lili-campos-3-1024x682.jpeg\" alt=\"\" class=\"wp-image-48380\" srcset=\"https:\/\/l21.mx\/wp-content\/uploads\/2021\/10\/lili-campos-3-1024x682.jpeg 1024w, https:\/\/l21.mx\/wp-content\/uploads\/2021\/10\/lili-campos-3-300x200.jpeg 300w, https:\/\/l21.mx\/wp-content\/uploads\/2021\/10\/lili-campos-3-768x512.jpeg 768w, https:\/\/l21.mx\/wp-content\/uploads\/2021\/10\/lili-campos-3-1170x780.jpeg 1170w, https:\/\/l21.mx\/wp-content\/uploads\/2021\/10\/lili-campos-3-585x390.jpeg 585w, https:\/\/l21.mx\/wp-content\/uploads\/2021\/10\/lili-campos-3-263x175.jpeg 263w, https:\/\/l21.mx\/wp-content\/uploads\/2021\/10\/lili-campos-3.jpeg 1280w\" sizes=\"(max-width: 1024px) 100vw, 1024px\" \/><\/a><\/figure>\n","protected":false},"excerpt":{"rendered":"<p>La presidenta municipal, Lili Campos Miranda, realiz\u00f3 un recorrido en el Mercado \u201cMundo de las pi\u00f1atas\u201d,&hellip;<\/p>\n","protected":false},"author":100,"featured_media":48379,"comment_status":"closed","ping_status":"closed","sticky":false,"template":"","format":"standard","meta":{"_acf_changed":false,"_lmt_disableupdate":"","_lmt_disable":"","_mbp_gutenberg_autopost":false,"footnotes":""},"categories":[23],"tags":[],"class_list":["post-48378","post","type-post","status-publish","format-standard","has-post-thumbnail","hentry","category-noticias"],"acf":[],"_links":{"self":[{"href":"https:\/\/l21.mx\/index.php?rest_route=\/wp\/v2\/posts\/48378","targetHints":{"allow":["GET"]}}],"collection":[{"href":"https:\/\/l21.mx\/index.php?rest_route=\/wp\/v2\/posts"}],"about":[{"href":"https:\/\/l21.mx\/index.php?rest_route=\/wp\/v2\/types\/post"}],"author":[{"embeddable":true,"href":"https:\/\/l21.mx\/index.php?rest_route=\/wp\/v2\/users\/100"}],"replies":[{"embeddable":true,"href":"https:\/\/l21.mx\/index.php?rest_route=%2Fwp%2Fv2%2Fcomments&post=48378"}],"version-history":[{"count":0,"href":"https:\/\/l21.mx\/index.php?rest_route=\/wp\/v2\/posts\/48378\/revisions"}],"wp:featuredmedia":[{"embeddable":true,"href":"https:\/\/l21.mx\/index.php?rest_route=\/wp\/v2\/media\/48379"}],"wp:attachment":[{"href":"https:\/\/l21.mx\/index.php?rest_route=%2Fwp%2Fv2%2Fmedia&parent=48378"}],"wp:term":[{"taxonomy":"category","embeddable":true,"href":"https:\/\/l21.mx\/index.php?rest_route=%2Fwp%2Fv2%2Fcategories&post=48378"},{"taxonomy":"post_tag","embeddable":true,"href":"https:\/\/l21.mx\/index.php?rest_route=%2Fwp%2Fv2%2Ftags&post=48378"}],"curies":[{"name":"wp","href":"https:\/\/api.w.org\/{rel}","templated":true}]}}