{"id":48396,"date":"2021-10-24T12:12:29","date_gmt":"2021-10-24T17:12:29","guid":{"rendered":"https:\/\/l21.mx\/?p=48396"},"modified":"2021-10-24T12:12:31","modified_gmt":"2021-10-24T17:12:31","slug":"reconocimiento-empresario-del-ano-a-pepe-gomez","status":"publish","type":"post","link":"https:\/\/l21.mx\/?p=48396","title":{"rendered":"Reconocimiento \u00abEmpresario del A\u00f1o\u00bb a Pepe G\u00f3mez"},"content":{"rendered":"\n<p class=\"wp-block-paragraph\"><\/p>\n\n\n\n<p class=\"wp-block-paragraph\">Por sus m\u00e9ritos empresariales al frente de Grupo Quequi, el cual abarca la promoci\u00f3n del Caribe Mexicano a trav\u00e9s de eventos de box, un peri\u00f3dico con 21 a\u00f1os de trayectoria, un canal de televisi\u00f3n deporitva, una estaci\u00f3n de radio, una lavander\u00eda industrial e incluso una funeraria, Jos\u00e9 Alberto G\u00f3mez \u00c1lvarez fue galardonado por el Consejo Nacional de L\u00edderes Empresarios con el Premio Grandes L\u00edderes Mexicanos en la categor\u00eda \u201cEmpresario del A\u00f1o\u201d.<\/p>\n\n\n\n<p class=\"wp-block-paragraph\">Durante una ceremonia realizada en el Estado de M\u00e9xico, Pepe G\u00f3mez recibi\u00f3 el distintivo, ante personalidades del \u00e1mbito art\u00edstico, pol\u00edtico y empresarial, de manos del presidente del Consejo Nacional de L\u00edderes Empresarios, Adri\u00e1n Mart\u00ednez Meza.<\/p>\n\n\n\n<p class=\"wp-block-paragraph\">Este reconocimiento se suma a otros que ha recibido debido a su carrera empresarial, en la que destaca su importante labor promocional en favor del boxeo y Quintana Roo como destino tur\u00edstico.<\/p>\n\n\n\n<p class=\"wp-block-paragraph\">El empresario oriundo de Tabasco, pero radicado desde hace muchos a\u00f1os en Quintana Roo, lidera un corporativo que incluye el peri\u00f3dico Quequi, fundado hace m\u00e1s de 20 a\u00f1os, el canal de televisi\u00f3n \u201cTotal Knock Out WBC\u201d, en asociaci\u00f3n con el presidente del Consejo Mundial de Boxeo (WBC), Mauricio Sulaim\u00e1n; la estaci\u00f3n de radio QFM 104.3, la lavander\u00eda industrial \u201c\u00a1Qu\u00e9 Limpio!\u201d, que presta servicios al ramo hotelero principalmente; la promotora box\u00edstica \u201cCancun Boxing\u201d para fomentar el deporte y proyectar tur\u00edsticamente a Quintana Roo, y la funeraria \u201cQue en paz descanse\u201d, que busca apoyar a la sociedad ante la p\u00e9rdida de un ser querido.<\/p>\n","protected":false},"excerpt":{"rendered":"<p>Por sus m\u00e9ritos empresariales al frente de Grupo Quequi, el cual abarca la promoci\u00f3n del Caribe&hellip;<\/p>\n","protected":false},"author":100,"featured_media":48397,"comment_status":"closed","ping_status":"closed","sticky":false,"template":"","format":"standard","meta":{"_acf_changed":false,"_lmt_disableupdate":"","_lmt_disable":"","_mbp_gutenberg_autopost":false,"footnotes":""},"categories":[23],"tags":[],"class_list":["post-48396","post","type-post","status-publish","format-standard","has-post-thumbnail","hentry","category-noticias"],"acf":[],"_links":{"self":[{"href":"https:\/\/l21.mx\/index.php?rest_route=\/wp\/v2\/posts\/48396","targetHints":{"allow":["GET"]}}],"collection":[{"href":"https:\/\/l21.mx\/index.php?rest_route=\/wp\/v2\/posts"}],"about":[{"href":"https:\/\/l21.mx\/index.php?rest_route=\/wp\/v2\/types\/post"}],"author":[{"embeddable":true,"href":"https:\/\/l21.mx\/index.php?rest_route=\/wp\/v2\/users\/100"}],"replies":[{"embeddable":true,"href":"https:\/\/l21.mx\/index.php?rest_route=%2Fwp%2Fv2%2Fcomments&post=48396"}],"version-history":[{"count":0,"href":"https:\/\/l21.mx\/index.php?rest_route=\/wp\/v2\/posts\/48396\/revisions"}],"wp:featuredmedia":[{"embeddable":true,"href":"https:\/\/l21.mx\/index.php?rest_route=\/wp\/v2\/media\/48397"}],"wp:attachment":[{"href":"https:\/\/l21.mx\/index.php?rest_route=%2Fwp%2Fv2%2Fmedia&parent=48396"}],"wp:term":[{"taxonomy":"category","embeddable":true,"href":"https:\/\/l21.mx\/index.php?rest_route=%2Fwp%2Fv2%2Fcategories&post=48396"},{"taxonomy":"post_tag","embeddable":true,"href":"https:\/\/l21.mx\/index.php?rest_route=%2Fwp%2Fv2%2Ftags&post=48396"}],"curies":[{"name":"wp","href":"https:\/\/api.w.org\/{rel}","templated":true}]}}