{"id":48471,"date":"2021-11-01T09:51:17","date_gmt":"2021-11-01T14:51:17","guid":{"rendered":"https:\/\/l21.mx\/?p=48471"},"modified":"2021-11-01T09:51:32","modified_gmt":"2021-11-01T14:51:32","slug":"el-horror-de-los-numeros","status":"publish","type":"post","link":"https:\/\/l21.mx\/?p=48471","title":{"rendered":"El horror de los n\u00fameros"},"content":{"rendered":"\n<ul class=\"wp-block-list\"><li><strong>En l\u00ednea directa<\/strong><\/li><li><strong>Arturo Medina Galindo<\/strong><\/li><li>Periodista, Director NITU.mx \u2022 arturo@nitu.mx<\/li><li>Twitter @Arturo_Medina_G<\/li><\/ul>\n\n\n\n<p><strong>C<\/strong>uando no te asiste la raz\u00f3n, tu peor enemigo son los n\u00fameros que revelan las realidades.\u00a0<\/p>\n\n\n\n<p>Felipe \u00c1ngeles vs. Terminal 4<\/p>\n\n\n\n<p>Recientemente se han hecho comparativos de costos y capacidades del aeropuerto que el gobierno federal construye en la base a\u00e9rea de Santa Luc\u00eda contra lo que ser\u00eda el NAIM en Texcoco. Costos: Texcoco iba a costar 150 mil millones de pesos, Santa Luc\u00eda lleva 80 mil, m\u00e1s los 100 mil que seg\u00fan el presidente cost\u00f3 cancelar Texcoco (aunque la Auditor\u00eda dice que m\u00e1s).<\/p>\n\n\n\n<p>Capacidad de operaci\u00f3n: Santa Luc\u00eda tendr\u00e1 14 posiciones para llegada de aviones, una cifra \u00ednfima comparada con lo que Texcoco consideraba, 120, aunque en algunos a\u00f1os se puede aumentar a 28.<\/p>\n\n\n\n<p>Pong\u00e1moslo en contexto con algo muy a la mano, la terminal 4 del aeropuerto de Canc\u00fan, que cuenta con 20 puertas de embarque (6 m\u00e1s que Santa Luc\u00eda) y cost\u00f3 2 mil 300 millones de pesos. Claro que aqu\u00ed las pistas ya estaban operando y no hab\u00eda que hacer obras adicionales de comunicaci\u00f3n, pero la diferencia te deja at\u00f3nito.<\/p>\n\n\n\n<p>Lo cierto es que el 21 de marzo el Aeropuerto Felipe \u00c1ngeles estar\u00e1 operando y ya Volaris y Viva Aerobus confirmaron que tendr\u00e1n vuelos disponibles desde esa terminal, pero no dejar\u00e1n de operar y ofrecer servicio al AICM.&nbsp;<\/p>\n\n\n\n<p>El CEO de Volaris, Enrique Beltranena, aclara que no tienen nada que ver con la pol\u00edtica, es una decisi\u00f3n de negocios, pues ven una poblaci\u00f3n potencial de 4.5 millones, ya que el mercado al que atienden no es el de la CDMX, sino a las ciudades accesibles a la terminal, es decir Estado de M\u00e9xico e Hidalgo. Adem\u00e1s, entrar\u00e1n con tarifas bajas por apertura; podr\u00e1 viajar ida y vuelta a Canc\u00fan-CDMX por $1300 pesos impuestos incluidos.&nbsp; Eso s\u00ed, si vas a la CDMX o Naucalpan, te esperar\u00e1 un viaje en auto de al menos 2 horas, o si tomas taxi, pagar 400 pesos, seg\u00fan cotizaci\u00f3n actual de Uber. Haga sus cuentas y decida, quiz\u00e1 al principio habr\u00eda que probar para \u201cvivir la experiencia\u201d\u2026<\/p>\n\n\n\n<p><strong>Tensi\u00f3n por promoci\u00f3n&nbsp;<\/strong><\/p>\n\n\n\n<p>Luego de 5 a\u00f1os privilegiando la comunicaci\u00f3n entre los actores del turismo y el gobierno estatal, se sinti\u00f3 un estir\u00f3n en el Travel Mart: el presidente de hoteleros, Roberto Cintr\u00f3n se lanz\u00f3 contra el Consejo de Promoci\u00f3n Tur\u00edstica que encabeza Dar\u00edo Flota. Se quej\u00f3 de que no \u201cacompa\u00f1an\u201d al secretario de Turismo federal, Miguel Torruco, a sus giras \u201cToca Puerta\u201d y la ausencia del Caribe Mexicano a la feria de Londres. Carlos Joaqu\u00edn respald\u00f3 el accionar del CPTQ; pero M\u00e9xico pa\u00eds tampoco estar\u00e1 en el World Travel Market y era la opci\u00f3n m\u00e1s viable para el Caribe Mexicano, es decir, sumarse al pabell\u00f3n M\u00e9xico.<\/p>\n\n\n\n<p>Otras asociaciones no se sumaron al \u201cconflicto\u201d, avalando la decisi\u00f3n del CPTQ. Lo m\u00e1s importante ser\u00e1 que los \u00faltimos meses de gesti\u00f3n de Roberto Cintr\u00f3n no terminen a jalones y empujones. Por estatutos concluye el pr\u00f3ximo a\u00f1o; esto ocurrir\u00e1 una vez concluido FITUR en Espa\u00f1a a finales de enero y pr\u00e1cticamente es un hecho que Jes\u00fas Almaguer tome las riendas de la Asociaci\u00f3n de Hoteles de Canc\u00fan Puerto Morelos e Isla Mujeres. &nbsp;<\/p>\n","protected":false},"excerpt":{"rendered":"<p>En l\u00ednea directa Arturo Medina Galindo Periodista, Director NITU.mx \u2022 arturo@nitu.mx Twitter @Arturo_Medina_G Cuando no te&hellip;<\/p>\n","protected":false},"author":95,"featured_media":46201,"comment_status":"closed","ping_status":"closed","sticky":false,"template":"","format":"standard","meta":{"_acf_changed":false,"_lmt_disableupdate":"","_lmt_disable":"","_mbp_gutenberg_autopost":false,"footnotes":""},"categories":[28],"tags":[],"class_list":["post-48471","post","type-post","status-publish","format-standard","has-post-thumbnail","hentry","category-arturo-medina"],"acf":[],"yoast_head":"<!-- This site is optimized with the Yoast SEO plugin v27.5 - https:\/\/yoast.com\/product\/yoast-seo-wordpress\/ -->\n<title>El horror de los n\u00fameros | Revista Latitud 21<\/title>\n<meta name=\"description\" content=\"L21, Emprendedores y Negocios en el Caribe Mexicano, es la revista l\u00edder entre el Sector Empresarial y Tur\u00edstico del Caribe Mexicano.\" \/>\n<meta name=\"robots\" content=\"index, follow, max-snippet:-1, max-image-preview:large, max-video-preview:-1\" \/>\n<link rel=\"canonical\" href=\"https:\/\/l21.mx\/?p=48471\" \/>\n<meta name=\"twitter:card\" content=\"summary_large_image\" \/>\n<meta name=\"twitter:title\" content=\"El horror de los n\u00fameros | Revista Latitud 21\" \/>\n<meta name=\"twitter:description\" content=\"L21, Emprendedores y Negocios en el Caribe Mexicano, es la revista l\u00edder entre el Sector Empresarial y Tur\u00edstico del Caribe Mexicano.\" \/>\n<meta name=\"twitter:image\" content=\"https:\/\/l21.mx\/wp-content\/uploads\/2021\/04\/arturo-medina-en-linea-directa.jpg\" \/>\n<meta name=\"twitter:creator\" content=\"@Latitud21mx\" \/>\n<meta name=\"twitter:site\" content=\"@Latitud21mx\" \/>\n<meta name=\"twitter:label1\" content=\"Escrito por\" \/>\n\t<meta name=\"twitter:data1\" content=\"ahernandez@latitud21.com.mx\" \/>\n\t<meta name=\"twitter:label2\" content=\"Tiempo de lectura\" \/>\n\t<meta name=\"twitter:data2\" content=\"3 minutos\" \/>\n<script type=\"application\/ld+json\" class=\"yoast-schema-graph\">{\"@context\":\"https:\\\/\\\/schema.org\",\"@graph\":[{\"@type\":\"Article\",\"@id\":\"https:\\\/\\\/l21.mx\\\/?p=48471#article\",\"isPartOf\":{\"@id\":\"https:\\\/\\\/l21.mx\\\/?p=48471\"},\"author\":{\"name\":\"ahernandez@latitud21.com.mx\",\"@id\":\"https:\\\/\\\/l21.mx\\\/#\\\/schema\\\/person\\\/b3cb342bb947a88e1fc27e05770479da\"},\"headline\":\"El horror de los n\u00fameros\",\"datePublished\":\"2021-11-01T14:51:17+00:00\",\"dateModified\":\"2021-11-01T14:51:32+00:00\",\"mainEntityOfPage\":{\"@id\":\"https:\\\/\\\/l21.mx\\\/?p=48471\"},\"wordCount\":584,\"publisher\":{\"@id\":\"https:\\\/\\\/l21.mx\\\/#organization\"},\"image\":{\"@id\":\"https:\\\/\\\/l21.mx\\\/?p=48471#primaryimage\"},\"thumbnailUrl\":\"https:\\\/\\\/l21.mx\\\/wp-content\\\/uploads\\\/2021\\\/04\\\/arturo-medina-en-linea-directa.jpg\",\"articleSection\":[\"Arturo Medina\"],\"inLanguage\":\"es\"},{\"@type\":\"WebPage\",\"@id\":\"https:\\\/\\\/l21.mx\\\/?p=48471\",\"url\":\"https:\\\/\\\/l21.mx\\\/?p=48471\",\"name\":\"El horror de los n\u00fameros | Revista Latitud 21\",\"isPartOf\":{\"@id\":\"https:\\\/\\\/l21.mx\\\/#website\"},\"primaryImageOfPage\":{\"@id\":\"https:\\\/\\\/l21.mx\\\/?p=48471#primaryimage\"},\"image\":{\"@id\":\"https:\\\/\\\/l21.mx\\\/?p=48471#primaryimage\"},\"thumbnailUrl\":\"https:\\\/\\\/l21.mx\\\/wp-content\\\/uploads\\\/2021\\\/04\\\/arturo-medina-en-linea-directa.jpg\",\"datePublished\":\"2021-11-01T14:51:17+00:00\",\"dateModified\":\"2021-11-01T14:51:32+00:00\",\"description\":\"L21, Emprendedores y Negocios en el Caribe Mexicano, es la revista l\u00edder entre el Sector Empresarial y Tur\u00edstico del Caribe Mexicano.\",\"breadcrumb\":{\"@id\":\"https:\\\/\\\/l21.mx\\\/?p=48471#breadcrumb\"},\"inLanguage\":\"es\",\"potentialAction\":[{\"@type\":\"ReadAction\",\"target\":[\"https:\\\/\\\/l21.mx\\\/?p=48471\"]}]},{\"@type\":\"ImageObject\",\"inLanguage\":\"es\",\"@id\":\"https:\\\/\\\/l21.mx\\\/?p=48471#primaryimage\",\"url\":\"https:\\\/\\\/l21.mx\\\/wp-content\\\/uploads\\\/2021\\\/04\\\/arturo-medina-en-linea-directa.jpg\",\"contentUrl\":\"https:\\\/\\\/l21.mx\\\/wp-content\\\/uploads\\\/2021\\\/04\\\/arturo-medina-en-linea-directa.jpg\",\"width\":900,\"height\":599},{\"@type\":\"BreadcrumbList\",\"@id\":\"https:\\\/\\\/l21.mx\\\/?p=48471#breadcrumb\",\"itemListElement\":[{\"@type\":\"ListItem\",\"position\":1,\"name\":\"Portada\",\"item\":\"https:\\\/\\\/l21.mx\\\/\"},{\"@type\":\"ListItem\",\"position\":2,\"name\":\"El horror de los n\u00fameros\"}]},{\"@type\":\"WebSite\",\"@id\":\"https:\\\/\\\/l21.mx\\\/#website\",\"url\":\"https:\\\/\\\/l21.mx\\\/\",\"name\":\"Revista Latitud 21\",\"description\":\"Emprendedores  y negocios en el Caribe Mexicano\",\"publisher\":{\"@id\":\"https:\\\/\\\/l21.mx\\\/#organization\"},\"potentialAction\":[{\"@type\":\"SearchAction\",\"target\":{\"@type\":\"EntryPoint\",\"urlTemplate\":\"https:\\\/\\\/l21.mx\\\/?s={search_term_string}\"},\"query-input\":{\"@type\":\"PropertyValueSpecification\",\"valueRequired\":true,\"valueName\":\"search_term_string\"}}],\"inLanguage\":\"es\"},{\"@type\":\"Organization\",\"@id\":\"https:\\\/\\\/l21.mx\\\/#organization\",\"name\":\"Grupo Editorial Latitud 21 SA de CV\",\"url\":\"https:\\\/\\\/l21.mx\\\/\",\"logo\":{\"@type\":\"ImageObject\",\"inLanguage\":\"es\",\"@id\":\"https:\\\/\\\/l21.mx\\\/#\\\/schema\\\/logo\\\/image\\\/\",\"url\":\"https:\\\/\\\/l21.mx\\\/wp-content\\\/uploads\\\/2020\\\/10\\\/logo-l21-baja.jpg\",\"contentUrl\":\"https:\\\/\\\/l21.mx\\\/wp-content\\\/uploads\\\/2020\\\/10\\\/logo-l21-baja.jpg\",\"width\":250,\"height\":250,\"caption\":\"Grupo Editorial Latitud 21 SA de CV\"},\"image\":{\"@id\":\"https:\\\/\\\/l21.mx\\\/#\\\/schema\\\/logo\\\/image\\\/\"},\"sameAs\":[\"https:\\\/\\\/www.facebook.com\\\/RevistaLatitud21\\\/\",\"https:\\\/\\\/x.com\\\/Latitud21mx\"]},{\"@type\":\"Person\",\"@id\":\"https:\\\/\\\/l21.mx\\\/#\\\/schema\\\/person\\\/b3cb342bb947a88e1fc27e05770479da\",\"name\":\"ahernandez@latitud21.com.mx\",\"url\":\"https:\\\/\\\/l21.mx\\\/?author=95\"}]}<\/script>\n<!-- \/ Yoast SEO plugin. -->","yoast_head_json":{"title":"El horror de los n\u00fameros | Revista Latitud 21","description":"L21, Emprendedores y Negocios en el Caribe Mexicano, es la revista l\u00edder entre el Sector Empresarial y Tur\u00edstico del Caribe Mexicano.","robots":{"index":"index","follow":"follow","max-snippet":"max-snippet:-1","max-image-preview":"max-image-preview:large","max-video-preview":"max-video-preview:-1"},"canonical":"https:\/\/l21.mx\/?p=48471","twitter_card":"summary_large_image","twitter_title":"El horror de los n\u00fameros | Revista Latitud 21","twitter_description":"L21, Emprendedores y Negocios en el Caribe Mexicano, es la revista l\u00edder entre el Sector Empresarial y Tur\u00edstico del Caribe Mexicano.","twitter_image":"https:\/\/l21.mx\/wp-content\/uploads\/2021\/04\/arturo-medina-en-linea-directa.jpg","twitter_creator":"@Latitud21mx","twitter_site":"@Latitud21mx","twitter_misc":{"Escrito por":"ahernandez@latitud21.com.mx","Tiempo de lectura":"3 minutos"},"schema":{"@context":"https:\/\/schema.org","@graph":[{"@type":"Article","@id":"https:\/\/l21.mx\/?p=48471#article","isPartOf":{"@id":"https:\/\/l21.mx\/?p=48471"},"author":{"name":"ahernandez@latitud21.com.mx","@id":"https:\/\/l21.mx\/#\/schema\/person\/b3cb342bb947a88e1fc27e05770479da"},"headline":"El horror de los n\u00fameros","datePublished":"2021-11-01T14:51:17+00:00","dateModified":"2021-11-01T14:51:32+00:00","mainEntityOfPage":{"@id":"https:\/\/l21.mx\/?p=48471"},"wordCount":584,"publisher":{"@id":"https:\/\/l21.mx\/#organization"},"image":{"@id":"https:\/\/l21.mx\/?p=48471#primaryimage"},"thumbnailUrl":"https:\/\/l21.mx\/wp-content\/uploads\/2021\/04\/arturo-medina-en-linea-directa.jpg","articleSection":["Arturo Medina"],"inLanguage":"es"},{"@type":"WebPage","@id":"https:\/\/l21.mx\/?p=48471","url":"https:\/\/l21.mx\/?p=48471","name":"El horror de los n\u00fameros | Revista Latitud 21","isPartOf":{"@id":"https:\/\/l21.mx\/#website"},"primaryImageOfPage":{"@id":"https:\/\/l21.mx\/?p=48471#primaryimage"},"image":{"@id":"https:\/\/l21.mx\/?p=48471#primaryimage"},"thumbnailUrl":"https:\/\/l21.mx\/wp-content\/uploads\/2021\/04\/arturo-medina-en-linea-directa.jpg","datePublished":"2021-11-01T14:51:17+00:00","dateModified":"2021-11-01T14:51:32+00:00","description":"L21, Emprendedores y Negocios en el Caribe Mexicano, es la revista l\u00edder entre el Sector Empresarial y Tur\u00edstico del Caribe Mexicano.","breadcrumb":{"@id":"https:\/\/l21.mx\/?p=48471#breadcrumb"},"inLanguage":"es","potentialAction":[{"@type":"ReadAction","target":["https:\/\/l21.mx\/?p=48471"]}]},{"@type":"ImageObject","inLanguage":"es","@id":"https:\/\/l21.mx\/?p=48471#primaryimage","url":"https:\/\/l21.mx\/wp-content\/uploads\/2021\/04\/arturo-medina-en-linea-directa.jpg","contentUrl":"https:\/\/l21.mx\/wp-content\/uploads\/2021\/04\/arturo-medina-en-linea-directa.jpg","width":900,"height":599},{"@type":"BreadcrumbList","@id":"https:\/\/l21.mx\/?p=48471#breadcrumb","itemListElement":[{"@type":"ListItem","position":1,"name":"Portada","item":"https:\/\/l21.mx\/"},{"@type":"ListItem","position":2,"name":"El horror de los n\u00fameros"}]},{"@type":"WebSite","@id":"https:\/\/l21.mx\/#website","url":"https:\/\/l21.mx\/","name":"Revista Latitud 21","description":"Emprendedores  y negocios en el Caribe Mexicano","publisher":{"@id":"https:\/\/l21.mx\/#organization"},"potentialAction":[{"@type":"SearchAction","target":{"@type":"EntryPoint","urlTemplate":"https:\/\/l21.mx\/?s={search_term_string}"},"query-input":{"@type":"PropertyValueSpecification","valueRequired":true,"valueName":"search_term_string"}}],"inLanguage":"es"},{"@type":"Organization","@id":"https:\/\/l21.mx\/#organization","name":"Grupo Editorial Latitud 21 SA de CV","url":"https:\/\/l21.mx\/","logo":{"@type":"ImageObject","inLanguage":"es","@id":"https:\/\/l21.mx\/#\/schema\/logo\/image\/","url":"https:\/\/l21.mx\/wp-content\/uploads\/2020\/10\/logo-l21-baja.jpg","contentUrl":"https:\/\/l21.mx\/wp-content\/uploads\/2020\/10\/logo-l21-baja.jpg","width":250,"height":250,"caption":"Grupo Editorial Latitud 21 SA de CV"},"image":{"@id":"https:\/\/l21.mx\/#\/schema\/logo\/image\/"},"sameAs":["https:\/\/www.facebook.com\/RevistaLatitud21\/","https:\/\/x.com\/Latitud21mx"]},{"@type":"Person","@id":"https:\/\/l21.mx\/#\/schema\/person\/b3cb342bb947a88e1fc27e05770479da","name":"ahernandez@latitud21.com.mx","url":"https:\/\/l21.mx\/?author=95"}]}},"amp_enabled":true,"_links":{"self":[{"href":"https:\/\/l21.mx\/index.php?rest_route=\/wp\/v2\/posts\/48471","targetHints":{"allow":["GET"]}}],"collection":[{"href":"https:\/\/l21.mx\/index.php?rest_route=\/wp\/v2\/posts"}],"about":[{"href":"https:\/\/l21.mx\/index.php?rest_route=\/wp\/v2\/types\/post"}],"author":[{"embeddable":true,"href":"https:\/\/l21.mx\/index.php?rest_route=\/wp\/v2\/users\/95"}],"replies":[{"embeddable":true,"href":"https:\/\/l21.mx\/index.php?rest_route=%2Fwp%2Fv2%2Fcomments&post=48471"}],"version-history":[{"count":1,"href":"https:\/\/l21.mx\/index.php?rest_route=\/wp\/v2\/posts\/48471\/revisions"}],"predecessor-version":[{"id":48472,"href":"https:\/\/l21.mx\/index.php?rest_route=\/wp\/v2\/posts\/48471\/revisions\/48472"}],"wp:featuredmedia":[{"embeddable":true,"href":"https:\/\/l21.mx\/index.php?rest_route=\/wp\/v2\/media\/46201"}],"wp:attachment":[{"href":"https:\/\/l21.mx\/index.php?rest_route=%2Fwp%2Fv2%2Fmedia&parent=48471"}],"wp:term":[{"taxonomy":"category","embeddable":true,"href":"https:\/\/l21.mx\/index.php?rest_route=%2Fwp%2Fv2%2Fcategories&post=48471"},{"taxonomy":"post_tag","embeddable":true,"href":"https:\/\/l21.mx\/index.php?rest_route=%2Fwp%2Fv2%2Ftags&post=48471"}],"curies":[{"name":"wp","href":"https:\/\/api.w.org\/{rel}","templated":true}]}}