{"id":48502,"date":"2021-11-01T11:31:01","date_gmt":"2021-11-01T16:31:01","guid":{"rendered":"https:\/\/l21.mx\/?p=48502"},"modified":"2021-11-01T11:38:35","modified_gmt":"2021-11-01T16:38:35","slug":"reapertura-fronteriza","status":"publish","type":"post","link":"https:\/\/l21.mx\/?p=48502","title":{"rendered":"Reapertura Fronteriza"},"content":{"rendered":"\n<p><\/p>\n\n\n\n<p>Excelentes noticias para el turismo de M\u00e9xico, Estados Unidos y Canad\u00e1, el anuncio del gobierno del presidente Biden a principios de octubre, de que a partir del 8 de noviembre cambiar\u00edan las restricciones para los viajeros internacionales que pretenden visitar su pa\u00eds.<\/p>\n\n\n\n<p>Bajo el nuevo esquema, todos los que viajen en avi\u00f3n requerir\u00e1n presentar su cartilla de vacunaci\u00f3n que acredite que han recibido alguna vacuna aprobada por el Centro para la Prevenci\u00f3n de Enfermedades (CDC) o la Organizaci\u00f3n Mundial de la Salud (OMS). Aquellos que pretendan ingresar a trav\u00e9s de alg\u00fan punto fronterizo estar\u00e1n exentos de presentar una prueba negativa de Covid-19 como lo estipulaba la orden anterior. En ninguna circunstancia se permitir\u00e1 la entrada de extranjeros que no hayan sido vacunados.&nbsp;<\/p>\n\n\n\n<p>El esperado anuncio se da despu\u00e9s de un intenso cabildeo en Washington por parte del&nbsp;<em>lobby<\/em>&nbsp;tur\u00edstico estadounidense encabezado por la Asociaci\u00f3n de Viajes de los Estados Unidos -el equivalente al CNET en M\u00e9xico- cuyo presidente, Roger Dow, insist\u00eda a representantes del poder ejecutivo y legislativo el alto costo de mantener estas restricciones vigentes. \u201cMiles, si no es que millones de empleos dependen del turismo en Estados Unidos\u201d, mencion\u00f3 Dow. La asociaci\u00f3n <em>Airlines for America,<\/em> que representa a las aerol\u00edneas comerciales y de carga, tambi\u00e9n se pronunci\u00f3 a favor de la medida.<\/p>\n\n\n\n<p>El esfuerzo del gobierno de M\u00e9xico para la reapertura de la frontera no fue sencillo, debido a los contagios en la zona fronteriza que oblig\u00f3 a las autoridades estadounidenses a mantener las restricciones durante varios meses. Y es que a pesar de que nuestro pa\u00eds fue el primero en Am\u00e9rica Latina en administrar la vacuna en diciembre pasado y el pa\u00eds que m\u00e1s ha recibido vacunas donadas por Estados Unidos, la curva de contagios mostraba hasta muy recientemente alzas importantes. Los problemas de abastecimiento de la vacuna derivado de la crisis de las cadenas de producci\u00f3n, as\u00ed como el control f\u00e9rreo del gobierno federal de no permitir la participaci\u00f3n del sector privado, pusieron a M\u00e9xico como uno de los pa\u00edses con el menor porcentaje de vacunaci\u00f3n -39%-incluso debajo de Argentina y Brasil.&nbsp;<\/p>\n\n\n\n<p>En conclusi\u00f3n, la reapertura de la frontera a viajes no esenciales nos deja tres grandes lecciones: Primero, el gobierno de Estados Unidos nos seguir\u00e1 midiendo de manera muy estricta en cuesti\u00f3n de Covid-19. Las alertas de viaje en materia de salud est\u00e1n para quedarse y no ser\u00e1n sujetas a la negociaci\u00f3n de otros aspectos de la relaci\u00f3n bilateral. Segundo, es imperativo incorporar al Di\u00e1logo Econ\u00f3mico de Alto Nivel (DEAN) una mesa de trabajo para atender los temas de viajes y turismo. Tercero, hoy m\u00e1s que nunca el sector privado de los tres pa\u00edses -CNET en el caso del nuestro- tendr\u00e1n que replantear una agenda de trabajo que se re\u00fane peri\u00f3dicamente y recomiende a los gobiernos c\u00f3mo trabajar en aras de fortalecer al sector.<\/p>\n","protected":false},"excerpt":{"rendered":"<p>Excelentes noticias para el turismo de M\u00e9xico, Estados Unidos y Canad\u00e1, el anuncio del gobierno del&hellip;<\/p>\n","protected":false},"author":100,"featured_media":46190,"comment_status":"closed","ping_status":"closed","sticky":false,"template":"","format":"standard","meta":{"_acf_changed":false,"_lmt_disableupdate":"","_lmt_disable":"","_mbp_gutenberg_autopost":false,"footnotes":""},"categories":[1172],"tags":[1484,1557,51],"class_list":["post-48502","post","type-post","status-publish","format-standard","has-post-thumbnail","hentry","category-ruben-olmos-rodriguez","tag-estados-unidos","tag-frontera","tag-mexico"],"acf":[],"yoast_head":"<!-- This site is optimized with the Yoast SEO plugin v27.3 - https:\/\/yoast.com\/product\/yoast-seo-wordpress\/ -->\n<title>Reapertura Fronteriza | Revista Latitud 21<\/title>\n<meta name=\"description\" content=\"L21, Emprendedores y Negocios en el Caribe Mexicano, es la revista l\u00edder entre el Sector Empresarial y Tur\u00edstico del Caribe Mexicano.\" \/>\n<meta name=\"robots\" content=\"index, follow, max-snippet:-1, max-image-preview:large, max-video-preview:-1\" \/>\n<link rel=\"canonical\" href=\"https:\/\/l21.mx\/?p=48502\" \/>\n<meta name=\"twitter:card\" content=\"summary_large_image\" \/>\n<meta name=\"twitter:title\" content=\"Reapertura Fronteriza | Revista Latitud 21\" \/>\n<meta name=\"twitter:description\" content=\"L21, Emprendedores y Negocios en el Caribe Mexicano, es la revista l\u00edder entre el Sector Empresarial y Tur\u00edstico del Caribe Mexicano.\" \/>\n<meta name=\"twitter:image\" content=\"https:\/\/l21.mx\/wp-content\/uploads\/2021\/04\/ruben-olmos-reporte-washington.jpg\" \/>\n<meta name=\"twitter:creator\" content=\"@Latitud21mx\" \/>\n<meta name=\"twitter:site\" content=\"@Latitud21mx\" \/>\n<meta name=\"twitter:label1\" content=\"Escrito por\" \/>\n\t<meta name=\"twitter:data1\" content=\"NellyG\" \/>\n\t<meta name=\"twitter:label2\" content=\"Tiempo de lectura\" \/>\n\t<meta name=\"twitter:data2\" content=\"3 minutos\" \/>\n<script type=\"application\/ld+json\" class=\"yoast-schema-graph\">{\"@context\":\"https:\\\/\\\/schema.org\",\"@graph\":[{\"@type\":\"Article\",\"@id\":\"https:\\\/\\\/l21.mx\\\/?p=48502#article\",\"isPartOf\":{\"@id\":\"https:\\\/\\\/l21.mx\\\/?p=48502\"},\"author\":{\"name\":\"NellyG\",\"@id\":\"https:\\\/\\\/l21.mx\\\/#\\\/schema\\\/person\\\/cca68595b80b2f6c4c55a8b254bfbb2a\"},\"headline\":\"Reapertura Fronteriza\",\"datePublished\":\"2021-11-01T16:31:01+00:00\",\"dateModified\":\"2021-11-01T16:38:35+00:00\",\"mainEntityOfPage\":{\"@id\":\"https:\\\/\\\/l21.mx\\\/?p=48502\"},\"wordCount\":519,\"publisher\":{\"@id\":\"https:\\\/\\\/l21.mx\\\/#organization\"},\"image\":{\"@id\":\"https:\\\/\\\/l21.mx\\\/?p=48502#primaryimage\"},\"thumbnailUrl\":\"https:\\\/\\\/l21.mx\\\/wp-content\\\/uploads\\\/2021\\\/04\\\/ruben-olmos-reporte-washington.jpg\",\"keywords\":[\"Estados Unidos\",\"frontera\",\"Mexico\"],\"articleSection\":[\"Rub\u00e9n Olmos Rodr\u00edguez\"],\"inLanguage\":\"es\"},{\"@type\":\"WebPage\",\"@id\":\"https:\\\/\\\/l21.mx\\\/?p=48502\",\"url\":\"https:\\\/\\\/l21.mx\\\/?p=48502\",\"name\":\"Reapertura Fronteriza | Revista Latitud 21\",\"isPartOf\":{\"@id\":\"https:\\\/\\\/l21.mx\\\/#website\"},\"primaryImageOfPage\":{\"@id\":\"https:\\\/\\\/l21.mx\\\/?p=48502#primaryimage\"},\"image\":{\"@id\":\"https:\\\/\\\/l21.mx\\\/?p=48502#primaryimage\"},\"thumbnailUrl\":\"https:\\\/\\\/l21.mx\\\/wp-content\\\/uploads\\\/2021\\\/04\\\/ruben-olmos-reporte-washington.jpg\",\"datePublished\":\"2021-11-01T16:31:01+00:00\",\"dateModified\":\"2021-11-01T16:38:35+00:00\",\"description\":\"L21, Emprendedores y Negocios en el Caribe Mexicano, es la revista l\u00edder entre el Sector Empresarial y Tur\u00edstico del Caribe Mexicano.\",\"breadcrumb\":{\"@id\":\"https:\\\/\\\/l21.mx\\\/?p=48502#breadcrumb\"},\"inLanguage\":\"es\",\"potentialAction\":[{\"@type\":\"ReadAction\",\"target\":[\"https:\\\/\\\/l21.mx\\\/?p=48502\"]}]},{\"@type\":\"ImageObject\",\"inLanguage\":\"es\",\"@id\":\"https:\\\/\\\/l21.mx\\\/?p=48502#primaryimage\",\"url\":\"https:\\\/\\\/l21.mx\\\/wp-content\\\/uploads\\\/2021\\\/04\\\/ruben-olmos-reporte-washington.jpg\",\"contentUrl\":\"https:\\\/\\\/l21.mx\\\/wp-content\\\/uploads\\\/2021\\\/04\\\/ruben-olmos-reporte-washington.jpg\",\"width\":900,\"height\":599},{\"@type\":\"BreadcrumbList\",\"@id\":\"https:\\\/\\\/l21.mx\\\/?p=48502#breadcrumb\",\"itemListElement\":[{\"@type\":\"ListItem\",\"position\":1,\"name\":\"Portada\",\"item\":\"https:\\\/\\\/l21.mx\\\/\"},{\"@type\":\"ListItem\",\"position\":2,\"name\":\"Reapertura Fronteriza\"}]},{\"@type\":\"WebSite\",\"@id\":\"https:\\\/\\\/l21.mx\\\/#website\",\"url\":\"https:\\\/\\\/l21.mx\\\/\",\"name\":\"Revista Latitud 21\",\"description\":\"Emprendedores  y negocios en el Caribe Mexicano\",\"publisher\":{\"@id\":\"https:\\\/\\\/l21.mx\\\/#organization\"},\"potentialAction\":[{\"@type\":\"SearchAction\",\"target\":{\"@type\":\"EntryPoint\",\"urlTemplate\":\"https:\\\/\\\/l21.mx\\\/?s={search_term_string}\"},\"query-input\":{\"@type\":\"PropertyValueSpecification\",\"valueRequired\":true,\"valueName\":\"search_term_string\"}}],\"inLanguage\":\"es\"},{\"@type\":\"Organization\",\"@id\":\"https:\\\/\\\/l21.mx\\\/#organization\",\"name\":\"Grupo Editorial Latitud 21 SA de CV\",\"url\":\"https:\\\/\\\/l21.mx\\\/\",\"logo\":{\"@type\":\"ImageObject\",\"inLanguage\":\"es\",\"@id\":\"https:\\\/\\\/l21.mx\\\/#\\\/schema\\\/logo\\\/image\\\/\",\"url\":\"https:\\\/\\\/l21.mx\\\/wp-content\\\/uploads\\\/2020\\\/10\\\/logo-l21-baja.jpg\",\"contentUrl\":\"https:\\\/\\\/l21.mx\\\/wp-content\\\/uploads\\\/2020\\\/10\\\/logo-l21-baja.jpg\",\"width\":250,\"height\":250,\"caption\":\"Grupo Editorial Latitud 21 SA de CV\"},\"image\":{\"@id\":\"https:\\\/\\\/l21.mx\\\/#\\\/schema\\\/logo\\\/image\\\/\"},\"sameAs\":[\"https:\\\/\\\/www.facebook.com\\\/RevistaLatitud21\\\/\",\"https:\\\/\\\/x.com\\\/Latitud21mx\"]},{\"@type\":\"Person\",\"@id\":\"https:\\\/\\\/l21.mx\\\/#\\\/schema\\\/person\\\/cca68595b80b2f6c4c55a8b254bfbb2a\",\"name\":\"NellyG\",\"url\":\"https:\\\/\\\/l21.mx\\\/?author=100\"}]}<\/script>\n<!-- \/ Yoast SEO plugin. -->","yoast_head_json":{"title":"Reapertura Fronteriza | Revista Latitud 21","description":"L21, Emprendedores y Negocios en el Caribe Mexicano, es la revista l\u00edder entre el Sector Empresarial y Tur\u00edstico del Caribe Mexicano.","robots":{"index":"index","follow":"follow","max-snippet":"max-snippet:-1","max-image-preview":"max-image-preview:large","max-video-preview":"max-video-preview:-1"},"canonical":"https:\/\/l21.mx\/?p=48502","twitter_card":"summary_large_image","twitter_title":"Reapertura Fronteriza | Revista Latitud 21","twitter_description":"L21, Emprendedores y Negocios en el Caribe Mexicano, es la revista l\u00edder entre el Sector Empresarial y Tur\u00edstico del Caribe Mexicano.","twitter_image":"https:\/\/l21.mx\/wp-content\/uploads\/2021\/04\/ruben-olmos-reporte-washington.jpg","twitter_creator":"@Latitud21mx","twitter_site":"@Latitud21mx","twitter_misc":{"Escrito por":"NellyG","Tiempo de lectura":"3 minutos"},"schema":{"@context":"https:\/\/schema.org","@graph":[{"@type":"Article","@id":"https:\/\/l21.mx\/?p=48502#article","isPartOf":{"@id":"https:\/\/l21.mx\/?p=48502"},"author":{"name":"NellyG","@id":"https:\/\/l21.mx\/#\/schema\/person\/cca68595b80b2f6c4c55a8b254bfbb2a"},"headline":"Reapertura Fronteriza","datePublished":"2021-11-01T16:31:01+00:00","dateModified":"2021-11-01T16:38:35+00:00","mainEntityOfPage":{"@id":"https:\/\/l21.mx\/?p=48502"},"wordCount":519,"publisher":{"@id":"https:\/\/l21.mx\/#organization"},"image":{"@id":"https:\/\/l21.mx\/?p=48502#primaryimage"},"thumbnailUrl":"https:\/\/l21.mx\/wp-content\/uploads\/2021\/04\/ruben-olmos-reporte-washington.jpg","keywords":["Estados Unidos","frontera","Mexico"],"articleSection":["Rub\u00e9n Olmos Rodr\u00edguez"],"inLanguage":"es"},{"@type":"WebPage","@id":"https:\/\/l21.mx\/?p=48502","url":"https:\/\/l21.mx\/?p=48502","name":"Reapertura Fronteriza | Revista Latitud 21","isPartOf":{"@id":"https:\/\/l21.mx\/#website"},"primaryImageOfPage":{"@id":"https:\/\/l21.mx\/?p=48502#primaryimage"},"image":{"@id":"https:\/\/l21.mx\/?p=48502#primaryimage"},"thumbnailUrl":"https:\/\/l21.mx\/wp-content\/uploads\/2021\/04\/ruben-olmos-reporte-washington.jpg","datePublished":"2021-11-01T16:31:01+00:00","dateModified":"2021-11-01T16:38:35+00:00","description":"L21, Emprendedores y Negocios en el Caribe Mexicano, es la revista l\u00edder entre el Sector Empresarial y Tur\u00edstico del Caribe Mexicano.","breadcrumb":{"@id":"https:\/\/l21.mx\/?p=48502#breadcrumb"},"inLanguage":"es","potentialAction":[{"@type":"ReadAction","target":["https:\/\/l21.mx\/?p=48502"]}]},{"@type":"ImageObject","inLanguage":"es","@id":"https:\/\/l21.mx\/?p=48502#primaryimage","url":"https:\/\/l21.mx\/wp-content\/uploads\/2021\/04\/ruben-olmos-reporte-washington.jpg","contentUrl":"https:\/\/l21.mx\/wp-content\/uploads\/2021\/04\/ruben-olmos-reporte-washington.jpg","width":900,"height":599},{"@type":"BreadcrumbList","@id":"https:\/\/l21.mx\/?p=48502#breadcrumb","itemListElement":[{"@type":"ListItem","position":1,"name":"Portada","item":"https:\/\/l21.mx\/"},{"@type":"ListItem","position":2,"name":"Reapertura Fronteriza"}]},{"@type":"WebSite","@id":"https:\/\/l21.mx\/#website","url":"https:\/\/l21.mx\/","name":"Revista Latitud 21","description":"Emprendedores  y negocios en el Caribe Mexicano","publisher":{"@id":"https:\/\/l21.mx\/#organization"},"potentialAction":[{"@type":"SearchAction","target":{"@type":"EntryPoint","urlTemplate":"https:\/\/l21.mx\/?s={search_term_string}"},"query-input":{"@type":"PropertyValueSpecification","valueRequired":true,"valueName":"search_term_string"}}],"inLanguage":"es"},{"@type":"Organization","@id":"https:\/\/l21.mx\/#organization","name":"Grupo Editorial Latitud 21 SA de CV","url":"https:\/\/l21.mx\/","logo":{"@type":"ImageObject","inLanguage":"es","@id":"https:\/\/l21.mx\/#\/schema\/logo\/image\/","url":"https:\/\/l21.mx\/wp-content\/uploads\/2020\/10\/logo-l21-baja.jpg","contentUrl":"https:\/\/l21.mx\/wp-content\/uploads\/2020\/10\/logo-l21-baja.jpg","width":250,"height":250,"caption":"Grupo Editorial Latitud 21 SA de CV"},"image":{"@id":"https:\/\/l21.mx\/#\/schema\/logo\/image\/"},"sameAs":["https:\/\/www.facebook.com\/RevistaLatitud21\/","https:\/\/x.com\/Latitud21mx"]},{"@type":"Person","@id":"https:\/\/l21.mx\/#\/schema\/person\/cca68595b80b2f6c4c55a8b254bfbb2a","name":"NellyG","url":"https:\/\/l21.mx\/?author=100"}]}},"amp_enabled":true,"_links":{"self":[{"href":"https:\/\/l21.mx\/index.php?rest_route=\/wp\/v2\/posts\/48502","targetHints":{"allow":["GET"]}}],"collection":[{"href":"https:\/\/l21.mx\/index.php?rest_route=\/wp\/v2\/posts"}],"about":[{"href":"https:\/\/l21.mx\/index.php?rest_route=\/wp\/v2\/types\/post"}],"author":[{"embeddable":true,"href":"https:\/\/l21.mx\/index.php?rest_route=\/wp\/v2\/users\/100"}],"replies":[{"embeddable":true,"href":"https:\/\/l21.mx\/index.php?rest_route=%2Fwp%2Fv2%2Fcomments&post=48502"}],"version-history":[{"count":1,"href":"https:\/\/l21.mx\/index.php?rest_route=\/wp\/v2\/posts\/48502\/revisions"}],"predecessor-version":[{"id":48503,"href":"https:\/\/l21.mx\/index.php?rest_route=\/wp\/v2\/posts\/48502\/revisions\/48503"}],"wp:featuredmedia":[{"embeddable":true,"href":"https:\/\/l21.mx\/index.php?rest_route=\/wp\/v2\/media\/46190"}],"wp:attachment":[{"href":"https:\/\/l21.mx\/index.php?rest_route=%2Fwp%2Fv2%2Fmedia&parent=48502"}],"wp:term":[{"taxonomy":"category","embeddable":true,"href":"https:\/\/l21.mx\/index.php?rest_route=%2Fwp%2Fv2%2Fcategories&post=48502"},{"taxonomy":"post_tag","embeddable":true,"href":"https:\/\/l21.mx\/index.php?rest_route=%2Fwp%2Fv2%2Ftags&post=48502"}],"curies":[{"name":"wp","href":"https:\/\/api.w.org\/{rel}","templated":true}]}}