{"id":48552,"date":"2021-11-04T17:14:37","date_gmt":"2021-11-04T22:14:37","guid":{"rendered":"https:\/\/l21.mx\/?p=48552"},"modified":"2021-11-04T17:16:37","modified_gmt":"2021-11-04T22:16:37","slug":"encuentro-por-mexico","status":"publish","type":"post","link":"https:\/\/l21.mx\/?p=48552","title":{"rendered":"Encuentro por M\u00e9xico \u2022 Noviembre 17"},"content":{"rendered":"\n<p class=\"wp-block-paragraph\"><\/p>\n\n\n\n<p class=\"wp-block-paragraph\"><strong>La Riviera Maya ser\u00e1 sede de este evento enfocado para emprendedores, due\u00f1os de micro, peque\u00f1as, medianas y grandes empresas, l\u00edderes sociales, empresariales y ciudadanos que buscan crear sinergias. Convocado por la Confederaci\u00f3n Patronal de la Rep\u00fablica Mexicana (Coparmex), ser\u00e1 en modalidad presencial, en el hotel Xcaret Arte.&nbsp;<\/strong><\/p>\n\n\n\n<p class=\"wp-block-paragraph\"><strong>Esperan la llegada de m\u00e1s de 450 empresarios de todo el pa\u00eds, y miles de participantes a trav\u00e9s de las redes sociales. Entre los invitados destacan Jos\u00e9 \u00c1ngel Gurr\u00eda, exsecretario general de la Organizaci\u00f3n para la Cooperaci\u00f3n y el Desarrollo Econ\u00f3micos (OCDE); Mois\u00e9s Na\u00edm, escritor y columnista; Jos\u00e9 Medina Mora, presidente nacional de Coparmex, entre otras 28 personalidades y autoridades. &nbsp;<\/strong><\/p>\n","protected":false},"excerpt":{"rendered":"<p>La Riviera Maya ser\u00e1 sede de este evento enfocado para emprendedores, due\u00f1os de micro, peque\u00f1as, medianas&hellip;<\/p>\n","protected":false},"author":95,"featured_media":48553,"comment_status":"closed","ping_status":"closed","sticky":false,"template":"","format":"standard","meta":{"_acf_changed":false,"_lmt_disableupdate":"","_lmt_disable":"","_mbp_gutenberg_autopost":false,"footnotes":""},"categories":[476],"tags":[],"class_list":["post-48552","post","type-post","status-publish","format-standard","has-post-thumbnail","hentry","category-agenda"],"acf":[],"_links":{"self":[{"href":"https:\/\/l21.mx\/index.php?rest_route=\/wp\/v2\/posts\/48552","targetHints":{"allow":["GET"]}}],"collection":[{"href":"https:\/\/l21.mx\/index.php?rest_route=\/wp\/v2\/posts"}],"about":[{"href":"https:\/\/l21.mx\/index.php?rest_route=\/wp\/v2\/types\/post"}],"author":[{"embeddable":true,"href":"https:\/\/l21.mx\/index.php?rest_route=\/wp\/v2\/users\/95"}],"replies":[{"embeddable":true,"href":"https:\/\/l21.mx\/index.php?rest_route=%2Fwp%2Fv2%2Fcomments&post=48552"}],"version-history":[{"count":0,"href":"https:\/\/l21.mx\/index.php?rest_route=\/wp\/v2\/posts\/48552\/revisions"}],"wp:featuredmedia":[{"embeddable":true,"href":"https:\/\/l21.mx\/index.php?rest_route=\/wp\/v2\/media\/48553"}],"wp:attachment":[{"href":"https:\/\/l21.mx\/index.php?rest_route=%2Fwp%2Fv2%2Fmedia&parent=48552"}],"wp:term":[{"taxonomy":"category","embeddable":true,"href":"https:\/\/l21.mx\/index.php?rest_route=%2Fwp%2Fv2%2Fcategories&post=48552"},{"taxonomy":"post_tag","embeddable":true,"href":"https:\/\/l21.mx\/index.php?rest_route=%2Fwp%2Fv2%2Ftags&post=48552"}],"curies":[{"name":"wp","href":"https:\/\/api.w.org\/{rel}","templated":true}]}}