{"id":4874,"date":"2013-11-04T13:18:58","date_gmt":"2013-11-04T19:18:58","guid":{"rendered":"http:\/\/innovatori.space\/lat21\/?p=4874"},"modified":"2013-11-04T13:18:58","modified_gmt":"2013-11-04T19:18:58","slug":"%e2%86%91%e2%86%91-nizuc-spa-by-espa","status":"publish","type":"post","link":"https:\/\/l21.mx\/?p=4874","title":{"rendered":"\u2191\u2191  Nizuc Spa by ESPA"},"content":{"rendered":"<p><a href=\"http:\/\/l21.mx\/wp-content\/uploads\/2013\/11\/spa1.jpg\" data-rel=\"penci-gallery-image-content\" ><img fetchpriority=\"high\" decoding=\"async\" class=\"alignleft size-large wp-image-4876\" title=\"spa\" src=\"http:\/\/l21.mx\/wp-content\/uploads\/2013\/11\/spa1-1024x591.jpg\" alt=\"\" width=\"1024\" height=\"591\" srcset=\"https:\/\/l21.mx\/wp-content\/uploads\/2013\/11\/spa1-1024x591.jpg 1024w, https:\/\/l21.mx\/wp-content\/uploads\/2013\/11\/spa1-300x173.jpg 300w, https:\/\/l21.mx\/wp-content\/uploads\/2013\/11\/spa1-768x443.jpg 768w, https:\/\/l21.mx\/wp-content\/uploads\/2013\/11\/spa1-1170x676.jpg 1170w, https:\/\/l21.mx\/wp-content\/uploads\/2013\/11\/spa1-585x338.jpg 585w, https:\/\/l21.mx\/wp-content\/uploads\/2013\/11\/spa1.jpg 1420w\" sizes=\"(max-width: 1024px) 100vw, 1024px\" \/><\/a><\/p>\n<p><a href=\"http:\/\/l21.mx\/wp-content\/uploads\/2013\/11\/spa.jpg\"><br \/>\n<\/a>La marca brit\u00e1nica internacional ESPA hace su debut en el Caribe mexicano de la mano de Nizuc Resort. El hotel incorpora a su oferta de servicios un oasis de\u00a0 rejuvenecimiento y relajaci\u00f3n a trav\u00e9s de Nizuc Spa by ESPA. Cuenta con suites privadas para parejas, un Movement Studio, Caf\u00e9 Spa con enfoque en nutrici\u00f3n integral, gimnasio y un sal\u00f3n de belleza que incluye una barra de u\u00f1as y \u00e1reas privadas para pedicure. Asimismo tiene instalaciones de hidroterapia, piscina exterior y jard\u00edn de meditaci\u00f3n. Superficie, tres mil metros cuadrados. Genera 45 empleos directos. Tel. (998) 891-57-00. espa@nizuc.com, www.nizuc.com<\/p>\n<div>\n<p>[editor]sube-y-baja[\/editor]<\/p>\n<\/div>\n","protected":false},"excerpt":{"rendered":"<p>La marca brit\u00e1nica internacional ESPA hace su debut en el Caribe mexicano de la mano de&hellip;<\/p>\n","protected":false},"author":2,"featured_media":4877,"comment_status":"open","ping_status":"open","sticky":false,"template":"","format":"standard","meta":{"_acf_changed":false,"_lmt_disableupdate":"","_lmt_disable":"","_mbp_gutenberg_autopost":false,"footnotes":""},"categories":[10],"tags":[],"class_list":["post-4874","post","type-post","status-publish","format-standard","has-post-thumbnail","hentry","category-sube-y-baja"],"acf":[],"_links":{"self":[{"href":"https:\/\/l21.mx\/index.php?rest_route=\/wp\/v2\/posts\/4874","targetHints":{"allow":["GET"]}}],"collection":[{"href":"https:\/\/l21.mx\/index.php?rest_route=\/wp\/v2\/posts"}],"about":[{"href":"https:\/\/l21.mx\/index.php?rest_route=\/wp\/v2\/types\/post"}],"author":[{"embeddable":true,"href":"https:\/\/l21.mx\/index.php?rest_route=\/wp\/v2\/users\/2"}],"replies":[{"embeddable":true,"href":"https:\/\/l21.mx\/index.php?rest_route=%2Fwp%2Fv2%2Fcomments&post=4874"}],"version-history":[{"count":0,"href":"https:\/\/l21.mx\/index.php?rest_route=\/wp\/v2\/posts\/4874\/revisions"}],"wp:featuredmedia":[{"embeddable":true,"href":"https:\/\/l21.mx\/index.php?rest_route=\/wp\/v2\/media\/4877"}],"wp:attachment":[{"href":"https:\/\/l21.mx\/index.php?rest_route=%2Fwp%2Fv2%2Fmedia&parent=4874"}],"wp:term":[{"taxonomy":"category","embeddable":true,"href":"https:\/\/l21.mx\/index.php?rest_route=%2Fwp%2Fv2%2Fcategories&post=4874"},{"taxonomy":"post_tag","embeddable":true,"href":"https:\/\/l21.mx\/index.php?rest_route=%2Fwp%2Fv2%2Ftags&post=4874"}],"curies":[{"name":"wp","href":"https:\/\/api.w.org\/{rel}","templated":true}]}}