{"id":4879,"date":"2013-11-04T13:20:56","date_gmt":"2013-11-04T19:20:56","guid":{"rendered":"http:\/\/innovatori.space\/lat21\/?p=4879"},"modified":"2013-11-04T13:20:56","modified_gmt":"2013-11-04T19:20:56","slug":"%e2%86%91%e2%86%91-volkswagen-mha-cancun","status":"publish","type":"post","link":"https:\/\/l21.mx\/?p=4879","title":{"rendered":"\u2191\u2191 Volkswagen MHA Canc\u00fan"},"content":{"rendered":"<p><a href=\"http:\/\/l21.mx\/wp-content\/uploads\/2013\/11\/vw.jpg\" data-rel=\"penci-gallery-image-content\" ><img fetchpriority=\"high\" decoding=\"async\" class=\"alignleft size-full wp-image-4880\" title=\"vw\" src=\"http:\/\/l21.mx\/wp-content\/uploads\/2013\/11\/vw.jpg\" alt=\"\" width=\"927\" height=\"616\" srcset=\"https:\/\/l21.mx\/wp-content\/uploads\/2013\/11\/vw.jpg 927w, https:\/\/l21.mx\/wp-content\/uploads\/2013\/11\/vw-300x199.jpg 300w, https:\/\/l21.mx\/wp-content\/uploads\/2013\/11\/vw-768x510.jpg 768w, https:\/\/l21.mx\/wp-content\/uploads\/2013\/11\/vw-585x389.jpg 585w, https:\/\/l21.mx\/wp-content\/uploads\/2013\/11\/vw-263x175.jpg 263w\" sizes=\"(max-width: 927px) 100vw, 927px\" \/><\/a><\/p>\n<p>La Agencia de Veh\u00edculos Volkswagen, firma con varios a\u00f1os de presencia en el Caribe mexicano, abri\u00f3 las puertas de su nueva concesionaria Volkswagen MHA en Canc\u00fan para la venta de autos nuevos, usados Das WeltAuto, servicio, refacciones, hojalater\u00eda y pintura, para respaldar su oferta de servicios en la zona. Blvd. Luis Donaldo Colosio, SM 309, Mza. 8, Lte. 26. Tel. (998) 881-65-98, crmvwc@mha.com.mx,\u00a0 www.vwmhacancun.com.mx<\/p>\n<div>\n<p>[editor]sube-y-baja[\/editor]<\/p>\n<\/div>\n","protected":false},"excerpt":{"rendered":"<p>La Agencia de Veh\u00edculos Volkswagen, firma con varios a\u00f1os de presencia en el Caribe mexicano, abri\u00f3&hellip;<\/p>\n","protected":false},"author":2,"featured_media":4881,"comment_status":"open","ping_status":"open","sticky":false,"template":"","format":"standard","meta":{"_acf_changed":false,"_lmt_disableupdate":"","_lmt_disable":"","_mbp_gutenberg_autopost":false,"footnotes":""},"categories":[10],"tags":[],"class_list":["post-4879","post","type-post","status-publish","format-standard","has-post-thumbnail","hentry","category-sube-y-baja"],"acf":[],"_links":{"self":[{"href":"https:\/\/l21.mx\/index.php?rest_route=\/wp\/v2\/posts\/4879","targetHints":{"allow":["GET"]}}],"collection":[{"href":"https:\/\/l21.mx\/index.php?rest_route=\/wp\/v2\/posts"}],"about":[{"href":"https:\/\/l21.mx\/index.php?rest_route=\/wp\/v2\/types\/post"}],"author":[{"embeddable":true,"href":"https:\/\/l21.mx\/index.php?rest_route=\/wp\/v2\/users\/2"}],"replies":[{"embeddable":true,"href":"https:\/\/l21.mx\/index.php?rest_route=%2Fwp%2Fv2%2Fcomments&post=4879"}],"version-history":[{"count":0,"href":"https:\/\/l21.mx\/index.php?rest_route=\/wp\/v2\/posts\/4879\/revisions"}],"wp:featuredmedia":[{"embeddable":true,"href":"https:\/\/l21.mx\/index.php?rest_route=\/wp\/v2\/media\/4881"}],"wp:attachment":[{"href":"https:\/\/l21.mx\/index.php?rest_route=%2Fwp%2Fv2%2Fmedia&parent=4879"}],"wp:term":[{"taxonomy":"category","embeddable":true,"href":"https:\/\/l21.mx\/index.php?rest_route=%2Fwp%2Fv2%2Fcategories&post=4879"},{"taxonomy":"post_tag","embeddable":true,"href":"https:\/\/l21.mx\/index.php?rest_route=%2Fwp%2Fv2%2Ftags&post=4879"}],"curies":[{"name":"wp","href":"https:\/\/api.w.org\/{rel}","templated":true}]}}