{"id":48970,"date":"2021-12-31T14:37:19","date_gmt":"2021-12-31T19:37:19","guid":{"rendered":"https:\/\/l21.mx\/?p=48970"},"modified":"2021-12-31T14:37:46","modified_gmt":"2021-12-31T19:37:46","slug":"2022-no-hay-vuelta-atras","status":"publish","type":"post","link":"https:\/\/l21.mx\/?p=48970","title":{"rendered":"2022, no hay vuelta atr\u00e1s"},"content":{"rendered":"\n<p class=\"wp-block-paragraph\"><\/p>\n\n\n\n<ul class=\"wp-block-list\"><li><strong>Amador Guti\u00e9rrez Guigui<\/strong><\/li><li>agutierrez@latitud21.com.mx<\/li><li>\u00a0@AmadorG_G<\/li><\/ul>\n\n\n\n<p class=\"wp-block-paragraph\">El a\u00f1o 2022 es un espacio, estoy seguro de ello, para la felicidad, reconciliaci\u00f3n, amor y esperanza con los seres queridos y los amigos; abre el segundo a\u00f1o de la tercera d\u00e9cada del siglo, y con ello, nuevas expectativas de un siglo XXI que aunque joven, comienza a madurar.\u00a0<\/p>\n\n\n\n<p class=\"wp-block-paragraph\">Para Quintana Roo ser\u00e1 un a\u00f1o de elecci\u00f3n de los poderes Ejecutivo y Legislativo, y en esa decisi\u00f3n ciudadana tambi\u00e9n estar\u00e1 en juego el futuro de la entidad, por los pr\u00f3ximos seis a\u00f1os.&nbsp;<\/p>\n\n\n\n<p class=\"wp-block-paragraph\">Mucho de lo perdido con la pandemia del Covid-19 se ha recuperado, pero persiste la amenaza del virus; no se debe bajar la guardia, hay que continuar con los planes y proyectos de recuperaci\u00f3n econ\u00f3mica. Quintana Roo es resiliente.&nbsp;<\/p>\n\n\n\n<p class=\"wp-block-paragraph\">El sector empresarial continuar\u00e1 present\u00e1ndose como el pivote de la estrategia de saneamiento econ\u00f3mico, pero a todos los ciudadanos nos corresponde hacer nuestra parte. Los empresarios no han dejado de creer en el potencial de estas tierras.&nbsp;<\/p>\n\n\n\n<p class=\"wp-block-paragraph\">Es pues un a\u00f1o de grandes retos y oportunidades que marcar\u00e1n en muchos aspectos las pol\u00edticas p\u00fablicas a implementar para los siguientes a\u00f1os.<\/p>\n\n\n\n<p class=\"wp-block-paragraph\">Entre los retos a superar sigue estando la seguridad; sin ella, todos los esfuerzos de reactivaci\u00f3n econ\u00f3mica podr\u00edan ser en vano. De igual manera, es vital la promoci\u00f3n del destino y mejorar los servicios, que son la imagen de Quintana Roo.<\/p>\n\n\n\n<p class=\"wp-block-paragraph\">La gran oportunidad es que se reactive el comercio de la zona sur, que las obras de infraestructura sean verdaderos detonantes de desarrollo regional y que Quintana Roo sea la puerta de entrada de Centroam\u00e9rica y el Caribe, para que la frontera sur sea sin\u00f3nimo de bienestar y no de migraci\u00f3n, abandono y delincuencia.<\/p>\n\n\n\n<p class=\"wp-block-paragraph\">Hagamos de 2022 el a\u00f1o de la oportunidad para la consolidaci\u00f3n de Quintana Roo y de la regi\u00f3n sureste de nuestro pa\u00eds. Lo necesitamos y lo merecemos.<\/p>\n\n\n\n<p class=\"wp-block-paragraph\">En esta edici\u00f3n llevamos en portada a los l\u00edderes de Coparmex, quienes con su gremio nos platican sobre lo que se hace y se ha hecho para salir adelante. El empresariado es un pilar del desarrollo diario y futuro del destino y su gente.&nbsp;<\/p>\n\n\n\n<p class=\"wp-block-paragraph\">Sergio Le\u00f3n, Wilma Padilla, Marc Pujol, Jos\u00e9 Luis Minguer y Eduardo Gonz\u00e1lez, muestran esa resiliencia y motivaci\u00f3n para generar fuentes de empleo todos los d\u00edas, fomentar el consumo para detonar el flujo econ\u00f3mico y seguir mostrando a la entidad como un atractivo para la inversi\u00f3n nacional y extranjera. .&nbsp;<\/p>\n","protected":false},"excerpt":{"rendered":"<p>Amador Guti\u00e9rrez Guigui agutierrez@latitud21.com.mx \u00a0@AmadorG_G El a\u00f1o 2022 es un espacio, estoy seguro de ello, para&hellip;<\/p>\n","protected":false},"author":95,"featured_media":46179,"comment_status":"closed","ping_status":"closed","sticky":false,"template":"","format":"standard","meta":{"_acf_changed":false,"_lmt_disableupdate":"","_lmt_disable":"","_mbp_gutenberg_autopost":false,"footnotes":""},"categories":[670],"tags":[],"class_list":["post-48970","post","type-post","status-publish","format-standard","has-post-thumbnail","hentry","category-amador-gutierrez"],"acf":[],"_links":{"self":[{"href":"https:\/\/l21.mx\/index.php?rest_route=\/wp\/v2\/posts\/48970","targetHints":{"allow":["GET"]}}],"collection":[{"href":"https:\/\/l21.mx\/index.php?rest_route=\/wp\/v2\/posts"}],"about":[{"href":"https:\/\/l21.mx\/index.php?rest_route=\/wp\/v2\/types\/post"}],"author":[{"embeddable":true,"href":"https:\/\/l21.mx\/index.php?rest_route=\/wp\/v2\/users\/95"}],"replies":[{"embeddable":true,"href":"https:\/\/l21.mx\/index.php?rest_route=%2Fwp%2Fv2%2Fcomments&post=48970"}],"version-history":[{"count":0,"href":"https:\/\/l21.mx\/index.php?rest_route=\/wp\/v2\/posts\/48970\/revisions"}],"wp:featuredmedia":[{"embeddable":true,"href":"https:\/\/l21.mx\/index.php?rest_route=\/wp\/v2\/media\/46179"}],"wp:attachment":[{"href":"https:\/\/l21.mx\/index.php?rest_route=%2Fwp%2Fv2%2Fmedia&parent=48970"}],"wp:term":[{"taxonomy":"category","embeddable":true,"href":"https:\/\/l21.mx\/index.php?rest_route=%2Fwp%2Fv2%2Fcategories&post=48970"},{"taxonomy":"post_tag","embeddable":true,"href":"https:\/\/l21.mx\/index.php?rest_route=%2Fwp%2Fv2%2Ftags&post=48970"}],"curies":[{"name":"wp","href":"https:\/\/api.w.org\/{rel}","templated":true}]}}