{"id":48994,"date":"2022-01-12T09:33:33","date_gmt":"2022-01-12T14:33:33","guid":{"rendered":"https:\/\/l21.mx\/?p=48994"},"modified":"2022-01-12T09:33:35","modified_gmt":"2022-01-12T14:33:35","slug":"cambios-en-gabinete-de-carlos-joaquin-alonso-ovando-a-la-agepro-y-bernardo-cueto-a-sedetur","status":"publish","type":"post","link":"https:\/\/l21.mx\/?p=48994","title":{"rendered":"Cambios en gabinete de Carlos Joaqu\u00edn: Alonso Ovando a la Agepro y Bernardo Cueto a Sedetur"},"content":{"rendered":"\n<p class=\"wp-block-paragraph\"><\/p>\n\n\n\n<p class=\"wp-block-paragraph\">Jos\u00e9 Alberto Alonso Ovando, titular de la Agepro; Eduardo Ortiz Jasso, del IDEFIN; Bernardo Cueto Riestra, de Sedetur y Landy Blanco Lizama de la Consejer\u00eda Jur\u00eddica<br>*Anteriormente hab\u00eda designado a Carlos Ortiz Vel\u00e1zquez titular de la Cofepris Quintana Roo<\/p>\n\n\n\n<p class=\"wp-block-paragraph\">Chetumal.- Hoy el gobernador Carlos Joaqu\u00edn llev\u00f3 a cabo ajustes en el gabinete del estado designando a Jos\u00e9 Alberto Alonso Ovando como titular de la Agencia de Proyectos Estrat\u00e9gicos del Estado de Quintana Roo (Agepro), a Eduardo Ortiz Jasso del Instituto para el Desarrollo y Financiamiento del Estado (Idefin), a Bernardo Cueto Riestra de la Secretar\u00eda Estatal de Turismo (Sedetur), y a Landy Blanco Lizama de la Consejer\u00eda Jur\u00eddica del Estado.<\/p>\n\n\n\n<p class=\"wp-block-paragraph\">En d\u00edas pasados, el gobernador de Quintana Roo hab\u00eda designado a Carlos Ortiz Vel\u00e1zquez como titular de la Direcci\u00f3n Contra Riesgos Sanitarios (Cofepris).<\/p>\n\n\n\n<p class=\"wp-block-paragraph\">Jos\u00e9 Alberto Alonso Ovando es nacido en Chetumal, Contador P\u00fablico egresado de la Universidad Aut\u00f3noma de Yucat\u00e1n, con Maestr\u00eda en Gesti\u00f3n de Proyectos y Procuraci\u00f3n de Fondos por la Universidad del Caribe, Maestr\u00eda en Finanzas Corporativas por la Universidad de las Am\u00e9ricas de Puebla.<\/p>\n\n\n\n<p class=\"wp-block-paragraph\">Adem\u00e1s, egresado del programa AD-2 del Instituto Panamericano de Alta Direcci\u00f3n, cuenta con Diplomado en Asociaciones P\u00fablico Privadas por el Instituto Tecnol\u00f3gico de Estudios Superiores de Monterrey.<\/p>\n\n\n\n<p class=\"wp-block-paragraph\">Experiencia Laboral: Subsecretario de Desarrollo Econ\u00f3mico, Subsecretario de Turismo, Secretario de Planeaci\u00f3n y Desarrollo Regional, Director General de la Comisi\u00f3n de Agua Potable y Alcantarillado, Presidente del Fideicomiso Sur Sureste y Secretario de Educaci\u00f3n y Cultura.<\/p>\n\n\n\n<p class=\"wp-block-paragraph\">Eduardo Ortiz Jasso, es arquitecto y urbanista radicado en la ciudad de Canc\u00fan.<\/p>\n\n\n\n<figure class=\"wp-block-image size-large\"><a href=\"https:\/\/l21.mx\/wp-content\/uploads\/2022\/01\/gabinete2.jpg\" data-rel=\"penci-gallery-image-content\" ><img fetchpriority=\"high\" decoding=\"async\" width=\"1024\" height=\"682\" src=\"https:\/\/l21.mx\/wp-content\/uploads\/2022\/01\/gabinete2-1024x682.jpg\" alt=\"\" class=\"wp-image-48995\" srcset=\"https:\/\/l21.mx\/wp-content\/uploads\/2022\/01\/gabinete2-1024x682.jpg 1024w, https:\/\/l21.mx\/wp-content\/uploads\/2022\/01\/gabinete2-300x200.jpg 300w, https:\/\/l21.mx\/wp-content\/uploads\/2022\/01\/gabinete2-768x512.jpg 768w, https:\/\/l21.mx\/wp-content\/uploads\/2022\/01\/gabinete2-1170x780.jpg 1170w, https:\/\/l21.mx\/wp-content\/uploads\/2022\/01\/gabinete2-585x390.jpg 585w, https:\/\/l21.mx\/wp-content\/uploads\/2022\/01\/gabinete2-263x175.jpg 263w, https:\/\/l21.mx\/wp-content\/uploads\/2022\/01\/gabinete2.jpg 1280w\" sizes=\"(max-width: 1024px) 100vw, 1024px\" \/><\/a><\/figure>\n\n\n\n<p class=\"wp-block-paragraph\">Es egresado de la Facultad de Arquitectura (Universidad Nacional Aut\u00f3noma de M\u00e9xico) con una Maestr\u00eda en Dise\u00f1o y Gesti\u00f3n Urbana Sostenible de la Universidad Iberoamericana.<\/p>\n\n\n\n<p class=\"wp-block-paragraph\">Es Director Fundador del Instituto Municipal de Planeaci\u00f3n para el Desarrollo Urbano de Benito Ju\u00e1rez (IMPLAN) donde por su trabajo \u201cPlan Estrat\u00e9gico Canc\u00fan 2030\u201d recibi\u00f3 el Premio a la \u201cExcelencia en Planificaci\u00f3n Urbana 2008\u201d, en el Congreso Mundial de Urbanismo, celebrado en Dalian, China.<\/p>\n\n\n\n<p class=\"wp-block-paragraph\">Es miembro del Instituto Americano de Arquitectos (AIA), de la Federaci\u00f3n de Arquitectos de la Rep\u00fablica Mexicana (FCARM), y de la Asociaci\u00f3n Internacional de Urbanistas (ISOCARP), donde ocup\u00f3 el cargo de presidente en M\u00e9xico.<\/p>\n\n\n\n<p class=\"wp-block-paragraph\">Tambi\u00e9n fue Coordinador del Programa \u201cPacto Global para Ciudades Pr\u00f3speras en M\u00e9xico\u201d de ONU-HABITAT, 2012 a 2014, ha participado como conferencista en congresos de planeaci\u00f3n urbana en diferentes pa\u00edses como Grecia, Holanda, Egipto, Suiza, Espa\u00f1a, Italia, Emiratos \u00c1rabes, Cuba y en la Universidad de Harvard en Estados Unidos.<\/p>\n\n\n\n<p class=\"wp-block-paragraph\">Bernardo Cueto Riestra es Licenciado en Derecho por la Universidad An\u00e1huac M\u00e9xico, Maestro en Gobierno y Administraci\u00f3n P\u00fablica por la Universidad Complutense de Madrid. Tiene Diplomado en Liderazgo y ha tomado cursos acreditados por la UNAM en An\u00e1lisis de Informaci\u00f3n y Fortalecimiento de la Comunicaci\u00f3n. Ha sido profesor de la Universidad An\u00e1huac M\u00e9xico impartiendo la materia \u201cGesti\u00f3n P\u00fablica\u201d dentro del Programa Sinergia de Administraci\u00f3n P\u00fablica y Gobierno.<\/p>\n\n\n\n<p class=\"wp-block-paragraph\">Dirigi\u00f3 la estrategia de promoci\u00f3n y atracci\u00f3n de inversi\u00f3n en Quintana Roo, estuvo involucrado en la organizaci\u00f3n de la 17\u00aa Cumbre de Negocios y fungi\u00f3 como Coordinador de la Cumbre Global del Consejo Mundial de Viajes y Turismo. Ha sido encargado de coordinar la estrategia de vinculaci\u00f3n con el sector empresarial del estado para afrontar las tareas de contenci\u00f3n del Covid-19 y la reactivaci\u00f3n econ\u00f3mica.<\/p>\n\n\n\n<p class=\"wp-block-paragraph\">Landy Blanco Lizama es Licenciada en Derecho por la Universidad Aut\u00f3noma de Yucat\u00e1n, con Maestr\u00eda en Derecho y especialidad en Derecho Civil; cuenta con Diplomado en Derecho Procesal Constitucional y actualmente cursa el Doctorado en Derecho en el Instituto Universitario de Alta Formaci\u00f3n.<\/p>\n\n\n\n<p class=\"wp-block-paragraph\">Se ha desempe\u00f1ado como jefa del Departamento Jur\u00eddico de la Contadur\u00eda Mayor de Hacienda, Jefa de la Unidad de Asuntos Legales y Actas del Fideicomiso Caleta Xel-Ha y del Caribe, sub delegada de asuntos jur\u00eddicos en Oth\u00f3n P. Blanco del Instituto de Fomento a la Vivienda y Regularizaci\u00f3n de la Propiedad el Estado, Coordinadora del Patrimonio Estatal del Instituto del Patrimonio Inmobiliario de la Administraci\u00f3n P\u00fablica del Estado, y Secretaria T\u00e9cnica de la Administraci\u00f3n Portuaria I<\/p>\n\n\n\n<p class=\"wp-block-paragraph\">os\u00e9 Alberto Alonso Ovando, titular de la Agepro; Eduardo Ortiz Jasso, del IDEFIN; Bernardo Cueto Riestra, de Sedetur y Landy Blanco Lizama de la Consejer\u00eda Jur\u00eddica<br>*Anteriormente hab\u00eda designado a Carlos Ortiz Vel\u00e1zquez titular de la Cofepris Quintana Roo<\/p>\n\n\n\n<p class=\"wp-block-paragraph\">Chetumal.- Hoy el gobernador Carlos Joaqu\u00edn llev\u00f3 a cabo ajustes en el gabinete del estado designando a Jos\u00e9 Alberto Alonso Ovando como titular de la Agencia de Proyectos Estrat\u00e9gicos del Estado de Quintana Roo (Agepro), a Eduardo Ortiz Jasso del Instituto para el Desarrollo y Financiamiento del Estado (Idefin), a Bernardo Cueto Riestra de la Secretar\u00eda Estatal de Turismo (Sedetur), y a Landy Blanco Lizama de la Consejer\u00eda Jur\u00eddica del Estado.<\/p>\n\n\n\n<p class=\"wp-block-paragraph\">En d\u00edas pasados, el gobernador de Quintana Roo hab\u00eda designado a Carlos Ortiz Vel\u00e1zquez como titular de la Direcci\u00f3n Contra Riesgos Sanitarios (Cofepris).<\/p>\n\n\n\n<p class=\"wp-block-paragraph\">Jos\u00e9 Alberto Alonso Ovando es nacido en Chetumal, Contador P\u00fablico egresado de la Universidad Aut\u00f3noma de Yucat\u00e1n, con Maestr\u00eda en Gesti\u00f3n de Proyectos y Procuraci\u00f3n de Fondos por la Universidad del Caribe, Maestr\u00eda en Finanzas Corporativas por la Universidad de las Am\u00e9ricas de Puebla.<\/p>\n\n\n\n<p class=\"wp-block-paragraph\">Adem\u00e1s, egresado del programa AD-2 del Instituto Panamericano de Alta Direcci\u00f3n, cuenta con Diplomado en Asociaciones P\u00fablico Privadas por el Instituto Tecnol\u00f3gico de Estudios Superiores de Monterrey.<\/p>\n\n\n\n<p class=\"wp-block-paragraph\">Experiencia Laboral: Subsecretario de Desarrollo Econ\u00f3mico, Subsecretario de Turismo, Secretario de Planeaci\u00f3n y Desarrollo Regional, Director General de la Comisi\u00f3n de Agua Potable y Alcantarillado, Presidente del Fideicomiso Sur Sureste y Secretario de Educaci\u00f3n y Cultura.<\/p>\n\n\n\n<p class=\"wp-block-paragraph\">Eduardo Ortiz Jasso, es arquitecto y urbanista radicado en la ciudad de Canc\u00fan.<\/p>\n\n\n\n<p class=\"wp-block-paragraph\">Es egresado de la Facultad de Arquitectura (Universidad Nacional Aut\u00f3noma de M\u00e9xico) con una Maestr\u00eda en Dise\u00f1o y Gesti\u00f3n Urbana Sostenible de la Universidad Iberoamericana.<\/p>\n\n\n\n<p class=\"wp-block-paragraph\">Es Director Fundador del Instituto Municipal de Planeaci\u00f3n para el Desarrollo Urbano de Benito Ju\u00e1rez (IMPLAN) donde por su trabajo \u201cPlan Estrat\u00e9gico Canc\u00fan 2030\u201d recibi\u00f3 el Premio a la \u201cExcelencia en Planificaci\u00f3n Urbana 2008\u201d, en el Congreso Mundial de Urbanismo, celebrado en Dalian, China.<\/p>\n\n\n\n<p class=\"wp-block-paragraph\">Es miembro del Instituto Americano de Arquitectos (AIA), de la Federaci\u00f3n de Arquitectos de la Rep\u00fablica Mexicana (FCARM), y de la Asociaci\u00f3n Internacional de Urbanistas (ISOCARP), donde ocup\u00f3 el cargo de presidente en M\u00e9xico.<\/p>\n\n\n\n<p class=\"wp-block-paragraph\">Tambi\u00e9n fue Coordinador del Programa \u201cPacto Global para Ciudades Pr\u00f3speras en M\u00e9xico\u201d de ONU-HABITAT, 2012 a 2014, ha participado como conferencista en congresos de planeaci\u00f3n urbana en diferentes pa\u00edses como Grecia, Holanda, Egipto, Suiza, Espa\u00f1a, Italia, Emiratos \u00c1rabes, Cuba y en la Universidad de Harvard en Estados Unidos.<\/p>\n\n\n\n<p class=\"wp-block-paragraph\">Bernardo Cueto Riestra es Licenciado en Derecho por la Universidad An\u00e1huac M\u00e9xico, Maestro en Gobierno y Administraci\u00f3n P\u00fablica por la Universidad Complutense de Madrid. Tiene Diplomado en Liderazgo y ha tomado cursos acreditados por la UNAM en An\u00e1lisis de Informaci\u00f3n y Fortalecimiento de la Comunicaci\u00f3n. Ha sido profesor de la Universidad An\u00e1huac M\u00e9xico impartiendo la materia \u201cGesti\u00f3n P\u00fablica\u201d dentro del Programa Sinergia de Administraci\u00f3n P\u00fablica y Gobierno.<\/p>\n\n\n\n<p class=\"wp-block-paragraph\">Dirigi\u00f3 la estrategia de promoci\u00f3n y atracci\u00f3n de inversi\u00f3n en Quintana Roo, estuvo involucrado en la organizaci\u00f3n de la 17\u00aa Cumbre de Negocios y fungi\u00f3 como Coordinador de la Cumbre Global del Consejo Mundial de Viajes y Turismo. Ha sido encargado de coordinar la estrategia de vinculaci\u00f3n con el sector empresarial del estado para afrontar las tareas de contenci\u00f3n del Covid-19 y la reactivaci\u00f3n econ\u00f3mica.<\/p>\n\n\n\n<p class=\"wp-block-paragraph\">Landy Blanco Lizama es Licenciada en Derecho por la Universidad Aut\u00f3noma de Yucat\u00e1n, con Maestr\u00eda en Derecho y especialidad en Derecho Civil; cuenta con Diplomado en Derecho Procesal Constitucional y actualmente cursa el Doctorado en Derecho en el Instituto Universitario de Alta Formaci\u00f3n.<\/p>\n\n\n\n<p class=\"wp-block-paragraph\">Se ha desempe\u00f1ado como jefa del Departamento Jur\u00eddico de la Contadur\u00eda Mayor de Hacienda, Jefa de la Unidad de Asuntos Legales y Actas del Fideicomiso Caleta Xel-Ha y del Caribe, sub delegada de asuntos jur\u00eddicos en Oth\u00f3n P. Blanco del Instituto de Fomento a la Vivienda y Regularizaci\u00f3n de la Propiedad el Estado, Coordinadora del Patrimonio Estatal del Instituto del Patrimonio Inmobiliario de la Administraci\u00f3n P\u00fablica del Estado, y Secretaria T\u00e9cnica de la Administraci\u00f3n Portuaria.<\/p>\n","protected":false},"excerpt":{"rendered":"<p>Jos\u00e9 Alberto Alonso Ovando, titular de la Agepro; Eduardo Ortiz Jasso, del IDEFIN; Bernardo Cueto Riestra,&hellip;<\/p>\n","protected":false},"author":100,"featured_media":48996,"comment_status":"closed","ping_status":"closed","sticky":false,"template":"","format":"standard","meta":{"_acf_changed":false,"_lmt_disableupdate":"","_lmt_disable":"","_mbp_gutenberg_autopost":false,"footnotes":""},"categories":[23],"tags":[],"class_list":["post-48994","post","type-post","status-publish","format-standard","has-post-thumbnail","hentry","category-noticias"],"acf":[],"_links":{"self":[{"href":"https:\/\/l21.mx\/index.php?rest_route=\/wp\/v2\/posts\/48994","targetHints":{"allow":["GET"]}}],"collection":[{"href":"https:\/\/l21.mx\/index.php?rest_route=\/wp\/v2\/posts"}],"about":[{"href":"https:\/\/l21.mx\/index.php?rest_route=\/wp\/v2\/types\/post"}],"author":[{"embeddable":true,"href":"https:\/\/l21.mx\/index.php?rest_route=\/wp\/v2\/users\/100"}],"replies":[{"embeddable":true,"href":"https:\/\/l21.mx\/index.php?rest_route=%2Fwp%2Fv2%2Fcomments&post=48994"}],"version-history":[{"count":0,"href":"https:\/\/l21.mx\/index.php?rest_route=\/wp\/v2\/posts\/48994\/revisions"}],"wp:featuredmedia":[{"embeddable":true,"href":"https:\/\/l21.mx\/index.php?rest_route=\/wp\/v2\/media\/48996"}],"wp:attachment":[{"href":"https:\/\/l21.mx\/index.php?rest_route=%2Fwp%2Fv2%2Fmedia&parent=48994"}],"wp:term":[{"taxonomy":"category","embeddable":true,"href":"https:\/\/l21.mx\/index.php?rest_route=%2Fwp%2Fv2%2Fcategories&post=48994"},{"taxonomy":"post_tag","embeddable":true,"href":"https:\/\/l21.mx\/index.php?rest_route=%2Fwp%2Fv2%2Ftags&post=48994"}],"curies":[{"name":"wp","href":"https:\/\/api.w.org\/{rel}","templated":true}]}}