{"id":48998,"date":"2022-01-17T12:11:30","date_gmt":"2022-01-17T17:11:30","guid":{"rendered":"https:\/\/l21.mx\/?p=48998"},"modified":"2022-01-17T12:13:18","modified_gmt":"2022-01-17T17:13:18","slug":"ante-maximos-de-inflacion-y-una-economia-debil-por-el-embate-de-omicron-las-sofomes-apuestan-por-los-empresarios-mexicanos","status":"publish","type":"post","link":"https:\/\/l21.mx\/?p=48998","title":{"rendered":"Ante m\u00e1ximos de inflaci\u00f3n y una econom\u00eda d\u00e9bil por el embate de \u00d3micron, las Sofomes apuestan por los empresarios mexicanos"},"content":{"rendered":"\n<p class=\"wp-block-paragraph\">Dentro de las instituciones financieras\u00a0en\u00a0M\u00e9xico, las Sofomes han sabido sacar provecho de su r\u00e1pida capacidad de\u00a0adaptaci\u00f3n\u00a0para atender\u00a0a un mercado que\u00a0requiere\u00a0ajustarse hoy\u00a0r\u00e1pidamente a los diferentes\u00a0embates de una econom\u00eda cambiante,\u00a0desde\u00a0el\u00a0marcado\u00a0aumento\u00a0de la inflaci\u00f3n,\u00a0hastalos\u00a0continuos\u00a0cambios\u00a0en las\u00a0necesidades de los\u00a0diversos\u00a0sectores\u00a0de la econom\u00eda.<\/p>\n\n\n\n<p class=\"wp-block-paragraph\">Aunque algunos\u00a0sectores\u00a0han sido impactados,\u00a0otros se\u00a0han visto favorecidos,\u00a0pero todos ellos por distintos\u00a0motivos\u00a0mantienen\u00a0la\u00a0necesidad de\u00a0contar con la\u00a0liquidez\u00a0adecuada\u00a0que les permita afrontar los retos\u00a0y oportunidades que vislumbra.<\/p>\n\n\n\n<p class=\"wp-block-paragraph\">Algunos\u00a0de los aprendizajes que\u00a0dejo 2021\u00a0a las Sofomes,\u00a0sobresalen el tener la correcta lectura para dirigir sus esfuerzos a sectores estrat\u00e9gicos, el contar\u00a0con\u00a0una\u00a0adecuada\u00a0administraci\u00f3n y aplicaci\u00f3n de modelos de apoyo a los clientes que tuvieron\u00a0contratiempos\u00a0de flujo y el lograr una liquidez\u00a0suficiente para sortear los\u00a0problemas\u00a0que ha\u00a0desencadenado la pandemia.<\/p>\n\n\n\n<p class=\"wp-block-paragraph\"><\/p>\n\n\n\n<h2 class=\"kt-adv-heading_8c2a1b-49 wp-block-kadence-advancedheading\" data-kb-block=\"kb-adv-heading_8c2a1b-49\">Nuevas l\u00edneas de cr\u00e9dito en <a href=\"https:\/\/serfimexcapital.com.mx\/\" target=\"_blank\" rel=\"noopener\">Serfimex Capital <\/a><\/h2>\n\n\n\n<p class=\"wp-block-paragraph\">En este contexto es que Jos\u00e9 Achar, Dir. General de la Sofom <a href=\"https:\/\/serfimexcapital.com.mx\/\" target=\"_blank\" rel=\"noopener\">Serfimex Capital<\/a> considera que el 2022\u00a0mantiene\u00a0un panorama complejo,\u00a0en\u00a0donde\u00a0en\u00a0el\u00a0primer semestre se podr\u00e1 lograr un crecimiento moderado y ser\u00e1 hasta el segundo\u00a0semestre\u00a0que,\u00a0con mayor confianza en los mercados,se impulsen las inversiones de proyectos que han sido\u00a0postergados\u00a0incluso hasta\u00a0por dos a\u00f1os.\u00a0<\/p>\n\n\n\n<p class=\"wp-block-paragraph\">Todo esto siempre y cuando\u00a0no persista un\u00a0ambiente\u00a0pand\u00e9mico\u00a0en el mundo, que\u00a0origine\u00a0una desaceleraci\u00f3n o\u00a0estancamiento\u00a0en el\u00a0crecimiento\u00a0derivado de la\u00a0aparici\u00f3n\u00a0de nuevas sepas que\u00a0pudieran\u00a0ocasionar\u00a0una saturaci\u00f3n hospitalaria o un incremento\u00a0en\u00a0el ausentismo de la plana laborar de las empresas.<\/p>\n\n\n\n<p class=\"wp-block-paragraph\">Es bajo este panorama,\u00a0que\u00a0la Sofom\u00a0est\u00e1\u00a0fortaleciendo sus\u00a0flujos con nuevas\u00a0l\u00edneas\u00a0de cr\u00e9dito, conla\u00a0obtenci\u00f3n\u00a0de\u00a0capitales\u00a0frescos por 250 millones de pesos\u00a0en\u00a0su primera\u00a0bursatilizaci\u00f3n\u00a0en la Bolsa\u00a0Mexicana\u00a0de Valores\u00a0y el incremento de su\u00a0l\u00ednea\u00a0de\u00a0cr\u00e9dito\u00a0con Bancomext por 200 millonesadicionales,\u00a0demostrando el buen resultado\u00a0procedente\u00a0de la cadencia de buenas pr\u00e1cticas\u00a0y la adecuada selecci\u00f3n de sectores que se\u00a0est\u00e1n\u00a0apoyando.<\/p>\n\n\n\n<p class=\"wp-block-paragraph\">\u00a0La\u00a0intenci\u00f3n\u00a0de estos recursos es que sean aplicados a Pymes Mexicanas en los productos\u00a0de\u00a0arrendamiento\u00a0puro y\u00a0cr\u00e9dito de capital de trabajo y. La\u00a0Sofom\u00a0espera un crecimiento de un 40% durante el primer trimestre respecto al mismo de 2021\u00a0con una colocaci\u00f3n de cartera en:<\/p>\n\n\n\n<ul class=\"wp-block-list\"><li>\u00a0Yucat\u00e1n<\/li><li>Quintana Roo<\/li><li>CDMX<\/li><li>Edo.\u00a0M\u00e9xico<\/li><li>Quer\u00e9taro<\/li><li>Sinaloa<\/li><li> Baja California <\/li><li>Baja California Sur.<\/li><\/ul>\n\n\n\n<p class=\"wp-block-paragraph\">Jos\u00e9\u00a0coment\u00f3:<\/p>\n\n\n\n<figure class=\"wp-block-pullquote\"><blockquote><p>\u00abSeguimos comprometidos con los peque\u00f1os y medianos empresarios y poder\u00a0coadyuvar\u00a0con el\u00a0crecimiento\u00a0de\u00a0nuestro\u00a0pa\u00eds\u00bb.Es as\u00ed como un mercado que sigue luchando por estabilizarse ante los embates del Covid-19, que las Sofomes seguir\u00e1n adaptando su modelo en la b\u00fasqueda de saciar las necesidades de liquidez de los empresarios.\u00a0<\/p><cite>Jos\u00e9 ACHAR, Dir. de la SOFOM Serfimex CaPITAL<\/cite><\/blockquote><\/figure>\n\n\n\n<p class=\"wp-block-paragraph\">Si quieres m\u00e1s informaci\u00f3n: <\/p>\n\n\n\n<p class=\"wp-block-paragraph\">SERFIMEX CAPITAL\u00a0<a rel=\"noreferrer noopener\" href=\"https:\/\/serfimexcapital.com.mx\/\" target=\"_blank\">https:\/\/serfimexcapital.com.mx<\/a><\/p>\n","protected":false},"excerpt":{"rendered":"<p>Dentro de las instituciones financieras\u00a0en\u00a0M\u00e9xico, las Sofomes han sabido sacar provecho de su r\u00e1pida capacidad de\u00a0adaptaci\u00f3n\u00a0para&hellip;<\/p>\n","protected":false},"author":100,"featured_media":48999,"comment_status":"closed","ping_status":"closed","sticky":false,"template":"","format":"standard","meta":{"_acf_changed":false,"_lmt_disableupdate":"","_lmt_disable":"","_mbp_gutenberg_autopost":false,"footnotes":""},"categories":[23],"tags":[],"class_list":["post-48998","post","type-post","status-publish","format-standard","has-post-thumbnail","hentry","category-noticias"],"acf":[],"_links":{"self":[{"href":"https:\/\/l21.mx\/index.php?rest_route=\/wp\/v2\/posts\/48998","targetHints":{"allow":["GET"]}}],"collection":[{"href":"https:\/\/l21.mx\/index.php?rest_route=\/wp\/v2\/posts"}],"about":[{"href":"https:\/\/l21.mx\/index.php?rest_route=\/wp\/v2\/types\/post"}],"author":[{"embeddable":true,"href":"https:\/\/l21.mx\/index.php?rest_route=\/wp\/v2\/users\/100"}],"replies":[{"embeddable":true,"href":"https:\/\/l21.mx\/index.php?rest_route=%2Fwp%2Fv2%2Fcomments&post=48998"}],"version-history":[{"count":0,"href":"https:\/\/l21.mx\/index.php?rest_route=\/wp\/v2\/posts\/48998\/revisions"}],"wp:featuredmedia":[{"embeddable":true,"href":"https:\/\/l21.mx\/index.php?rest_route=\/wp\/v2\/media\/48999"}],"wp:attachment":[{"href":"https:\/\/l21.mx\/index.php?rest_route=%2Fwp%2Fv2%2Fmedia&parent=48998"}],"wp:term":[{"taxonomy":"category","embeddable":true,"href":"https:\/\/l21.mx\/index.php?rest_route=%2Fwp%2Fv2%2Fcategories&post=48998"},{"taxonomy":"post_tag","embeddable":true,"href":"https:\/\/l21.mx\/index.php?rest_route=%2Fwp%2Fv2%2Ftags&post=48998"}],"curies":[{"name":"wp","href":"https:\/\/api.w.org\/{rel}","templated":true}]}}