{"id":49004,"date":"2022-01-20T11:04:01","date_gmt":"2022-01-20T16:04:01","guid":{"rendered":"https:\/\/l21.mx\/?p=49004"},"modified":"2022-01-20T11:04:02","modified_gmt":"2022-01-20T16:04:02","slug":"promociona-gobierno-municipal-a-solidaridad-en-la-fitur","status":"publish","type":"post","link":"https:\/\/l21.mx\/?p=49004","title":{"rendered":"Promociona gobierno municipal a Solidaridad, en la FITUR"},"content":{"rendered":"\n<p class=\"wp-block-paragraph\"><\/p>\n\n\n\n<p class=\"wp-block-paragraph\">-Solidaridad asiste para consolidar alianzas de inversiones y lograr objetivos de atracci\u00f3n tur\u00edstica<\/p>\n\n\n\n<p class=\"wp-block-paragraph\"> Con la finalidad de impulsar la actividad econ\u00f3mica y dar a conocer los atractivos tur\u00edsticos de Solidaridad que cerr\u00f3 el a\u00f1o 2021 con la visita de 5 millones de turistas, Lili Campos Miranda, presidenta municipal de Solidaridad, asisti\u00f3 a la 42\u00ba edici\u00f3n de la Feria Internacional de Turismo (FITUR) como parte de la comitiva del Estado de Quintana Roo.<\/p>\n\n\n\n<figure class=\"wp-block-image size-large\"><a href=\"https:\/\/l21.mx\/wp-content\/uploads\/2022\/01\/solidaridad-en-fitur-1.jpeg\" data-rel=\"penci-gallery-image-content\" ><img fetchpriority=\"high\" decoding=\"async\" width=\"1024\" height=\"855\" src=\"https:\/\/l21.mx\/wp-content\/uploads\/2022\/01\/solidaridad-en-fitur-1-1024x855.jpeg\" alt=\"\" class=\"wp-image-49005\" srcset=\"https:\/\/l21.mx\/wp-content\/uploads\/2022\/01\/solidaridad-en-fitur-1-1024x855.jpeg 1024w, https:\/\/l21.mx\/wp-content\/uploads\/2022\/01\/solidaridad-en-fitur-1-300x251.jpeg 300w, https:\/\/l21.mx\/wp-content\/uploads\/2022\/01\/solidaridad-en-fitur-1-768x641.jpeg 768w, https:\/\/l21.mx\/wp-content\/uploads\/2022\/01\/solidaridad-en-fitur-1-585x489.jpeg 585w, https:\/\/l21.mx\/wp-content\/uploads\/2022\/01\/solidaridad-en-fitur-1.jpeg 1152w\" sizes=\"(max-width: 1024px) 100vw, 1024px\" \/><\/a><\/figure>\n\n\n\n<p class=\"wp-block-paragraph\">Durante la visita, la edil solidarense indic\u00f3 a medios internacionales que el objetivo es establecer contacto directo con los inversionistas, para ello, sostuvo reuniones con empresarios de corporativos hoteleros, en busca de sumar a las ya 14 cadenas de hoteles espa\u00f1oles que actualmente se ubican en el estado de Quintana Roo y que fortalecer\u00edan la actividad tur\u00edstica, apoyando a la recuperaci\u00f3n econ\u00f3mica del municipio en beneficio de las familias solidarenses.<\/p>\n\n\n\n<p class=\"wp-block-paragraph\">Campos Miranda, tambi\u00e9n ha sostenido entrevistas con distintos medios de comunicaci\u00f3n para promover al destino. Asimismo, gracias a la presencia de solidaridad en el Pabell\u00f3n Am\u00e9rica, secci\u00f3n Caribe Mexicano, se concretar\u00e1n acercamientos con hoteles, touroperadores y agencias de viaje de Espa\u00f1a, que es nuestro mayor inversor en infraestructura tur\u00edstica.<\/p>\n\n\n\n<figure class=\"wp-block-image size-large\"><a href=\"https:\/\/l21.mx\/wp-content\/uploads\/2022\/01\/solidaridad-en-fitur-3.jpeg\" data-rel=\"penci-gallery-image-content\" ><img decoding=\"async\" width=\"1024\" height=\"768\" src=\"https:\/\/l21.mx\/wp-content\/uploads\/2022\/01\/solidaridad-en-fitur-3-1024x768.jpeg\" alt=\"\" class=\"wp-image-49007\" srcset=\"https:\/\/l21.mx\/wp-content\/uploads\/2022\/01\/solidaridad-en-fitur-3-1024x768.jpeg 1024w, https:\/\/l21.mx\/wp-content\/uploads\/2022\/01\/solidaridad-en-fitur-3-300x225.jpeg 300w, https:\/\/l21.mx\/wp-content\/uploads\/2022\/01\/solidaridad-en-fitur-3-768x576.jpeg 768w, https:\/\/l21.mx\/wp-content\/uploads\/2022\/01\/solidaridad-en-fitur-3-1170x878.jpeg 1170w, https:\/\/l21.mx\/wp-content\/uploads\/2022\/01\/solidaridad-en-fitur-3-585x439.jpeg 585w, https:\/\/l21.mx\/wp-content\/uploads\/2022\/01\/solidaridad-en-fitur-3.jpeg 1280w\" sizes=\"(max-width: 1024px) 100vw, 1024px\" \/><\/a><\/figure>\n\n\n\n<p class=\"wp-block-paragraph\">La FITUR es el punto de encuentro global para los profesionales del turismo y la feria l\u00edder para los mercados receptivos y emisores de Iberoam\u00e9rica. El gobierno municipal est\u00e1 aprovechando la sede para fortalecer nichos de oportunidad como el turismo de graduaci\u00f3n y deportivo, que permitir\u00e1n mantener el liderazgo de Solidaridad como destino l\u00edder y de clase mundial.<\/p>\n\n\n\n<p class=\"wp-block-paragraph\">A la Feria que se realiza cumpliendo todos los protocolos sanitarios asisti\u00f3 la comitiva del Estado de Quintana Roo, encabezada por Bernardo Cueto Riestra, Secretario de Turismo Estatal; Dar\u00edo Flota Ocampo, Director General del Consejo de Promoci\u00f3n Tur\u00edstica, Andr\u00e9s Aguilar Becerril, Subsecretario de Promoci\u00f3n y Operaci\u00f3n Tur\u00edstica, as\u00ed como autoridades municipales y Asociaciones de Hoteles de Riviera Maya, Canc\u00fan, Puerto Morelos &amp; Isla Mujeres, y Tulum.<\/p>\n","protected":false},"excerpt":{"rendered":"<p>-Solidaridad asiste para consolidar alianzas de inversiones y lograr objetivos de atracci\u00f3n tur\u00edstica Con la finalidad&hellip;<\/p>\n","protected":false},"author":100,"featured_media":49006,"comment_status":"closed","ping_status":"closed","sticky":false,"template":"","format":"standard","meta":{"_acf_changed":false,"_lmt_disableupdate":"","_lmt_disable":"","_mbp_gutenberg_autopost":false,"footnotes":""},"categories":[23],"tags":[],"class_list":["post-49004","post","type-post","status-publish","format-standard","has-post-thumbnail","hentry","category-noticias"],"acf":[],"_links":{"self":[{"href":"https:\/\/l21.mx\/index.php?rest_route=\/wp\/v2\/posts\/49004","targetHints":{"allow":["GET"]}}],"collection":[{"href":"https:\/\/l21.mx\/index.php?rest_route=\/wp\/v2\/posts"}],"about":[{"href":"https:\/\/l21.mx\/index.php?rest_route=\/wp\/v2\/types\/post"}],"author":[{"embeddable":true,"href":"https:\/\/l21.mx\/index.php?rest_route=\/wp\/v2\/users\/100"}],"replies":[{"embeddable":true,"href":"https:\/\/l21.mx\/index.php?rest_route=%2Fwp%2Fv2%2Fcomments&post=49004"}],"version-history":[{"count":0,"href":"https:\/\/l21.mx\/index.php?rest_route=\/wp\/v2\/posts\/49004\/revisions"}],"wp:featuredmedia":[{"embeddable":true,"href":"https:\/\/l21.mx\/index.php?rest_route=\/wp\/v2\/media\/49006"}],"wp:attachment":[{"href":"https:\/\/l21.mx\/index.php?rest_route=%2Fwp%2Fv2%2Fmedia&parent=49004"}],"wp:term":[{"taxonomy":"category","embeddable":true,"href":"https:\/\/l21.mx\/index.php?rest_route=%2Fwp%2Fv2%2Fcategories&post=49004"},{"taxonomy":"post_tag","embeddable":true,"href":"https:\/\/l21.mx\/index.php?rest_route=%2Fwp%2Fv2%2Ftags&post=49004"}],"curies":[{"name":"wp","href":"https:\/\/api.w.org\/{rel}","templated":true}]}}