{"id":4908,"date":"2013-11-04T16:00:29","date_gmt":"2013-11-04T22:00:29","guid":{"rendered":"http:\/\/innovatori.space\/lat21\/?p=4908"},"modified":"2013-11-04T16:00:29","modified_gmt":"2013-11-04T22:00:29","slug":"nombramientos-noviembre-2013","status":"publish","type":"post","link":"https:\/\/l21.mx\/?p=4908","title":{"rendered":"Nombramientos Noviembre 2013"},"content":{"rendered":"<p>&nbsp;<\/p>\n<p><a href=\"http:\/\/l21.mx\/wp-content\/uploads\/2013\/11\/nombramientos-noviembre-2013-a.png\" data-rel=\"penci-gallery-image-content\" ><img fetchpriority=\"high\" decoding=\"async\" class=\"aligncenter size-large wp-image-4910\" title=\"Sandor Winkler, Juan Carlos Seminario, Jos\u00e9 Carlos de Santiago, Juli\u00e1n Smaldoni\" src=\"http:\/\/l21.mx\/wp-content\/uploads\/2013\/11\/nombramientos-noviembre-2013-a-1024x891.png\" alt=\"&quot;Sandor Winkler&quot; &quot;Juan Carlos Seminario&quot; &quot;Jos\u00e9 Carlos de Santiago&quot; &quot;Juli\u00e1n Smaldoni&quot;\" width=\"1024\" height=\"891\" srcset=\"https:\/\/l21.mx\/wp-content\/uploads\/2013\/11\/nombramientos-noviembre-2013-a-1024x891.png 1024w, https:\/\/l21.mx\/wp-content\/uploads\/2013\/11\/nombramientos-noviembre-2013-a-300x261.png 300w, https:\/\/l21.mx\/wp-content\/uploads\/2013\/11\/nombramientos-noviembre-2013-a-768x668.png 768w, https:\/\/l21.mx\/wp-content\/uploads\/2013\/11\/nombramientos-noviembre-2013-a-1536x1337.png 1536w, https:\/\/l21.mx\/wp-content\/uploads\/2013\/11\/nombramientos-noviembre-2013-a-2048x1782.png 2048w, https:\/\/l21.mx\/wp-content\/uploads\/2013\/11\/nombramientos-noviembre-2013-a-1920x1671.png 1920w, https:\/\/l21.mx\/wp-content\/uploads\/2013\/11\/nombramientos-noviembre-2013-a-1170x1018.png 1170w, https:\/\/l21.mx\/wp-content\/uploads\/2013\/11\/nombramientos-noviembre-2013-a-585x509.png 585w\" sizes=\"(max-width: 1024px) 100vw, 1024px\" \/><\/a><\/p>\n<p><a href=\"http:\/\/l21.mx\/wp-content\/uploads\/2013\/11\/nombramientos-noviembre-2013-b.png\" data-rel=\"penci-gallery-image-content\" ><img decoding=\"async\" class=\"aligncenter size-large wp-image-4909\" title=\"Alejandro  L\u00f3pez, Francisco L\u00f3pez, Juan Gonz\u00e1lez, Jorge Portilla Manica\" src=\"http:\/\/l21.mx\/wp-content\/uploads\/2013\/11\/nombramientos-noviembre-2013-b-1024x811.png\" alt=\"Alejandro  L\u00f3pez, Francisco L\u00f3pez, Juan  Gonz\u00e1lez, Jorge Portilla Manica\" width=\"1024\" height=\"811\" \/><\/a><\/p>\n","protected":false},"excerpt":{"rendered":"<p>&nbsp;<\/p>\n","protected":false},"author":2,"featured_media":4910,"comment_status":"open","ping_status":"open","sticky":false,"template":"","format":"standard","meta":{"_acf_changed":false,"_lmt_disableupdate":"","_lmt_disable":"","_mbp_gutenberg_autopost":false,"footnotes":""},"categories":[9],"tags":[190,191,193,196,195,192,197,194],"class_list":["post-4908","post","type-post","status-publish","format-standard","has-post-thumbnail","hentry","category-nombramientos","tag-alejandro-lopez","tag-francisco-lopez","tag-jorge-portilla-manica","tag-jose-carlos-de-santiago","tag-juan-carlos-seminario","tag-juan-gonzalez","tag-julian-smaldoni","tag-sandor-winkler"],"acf":[],"_links":{"self":[{"href":"https:\/\/l21.mx\/index.php?rest_route=\/wp\/v2\/posts\/4908","targetHints":{"allow":["GET"]}}],"collection":[{"href":"https:\/\/l21.mx\/index.php?rest_route=\/wp\/v2\/posts"}],"about":[{"href":"https:\/\/l21.mx\/index.php?rest_route=\/wp\/v2\/types\/post"}],"author":[{"embeddable":true,"href":"https:\/\/l21.mx\/index.php?rest_route=\/wp\/v2\/users\/2"}],"replies":[{"embeddable":true,"href":"https:\/\/l21.mx\/index.php?rest_route=%2Fwp%2Fv2%2Fcomments&post=4908"}],"version-history":[{"count":0,"href":"https:\/\/l21.mx\/index.php?rest_route=\/wp\/v2\/posts\/4908\/revisions"}],"wp:featuredmedia":[{"embeddable":true,"href":"https:\/\/l21.mx\/index.php?rest_route=\/wp\/v2\/media\/4910"}],"wp:attachment":[{"href":"https:\/\/l21.mx\/index.php?rest_route=%2Fwp%2Fv2%2Fmedia&parent=4908"}],"wp:term":[{"taxonomy":"category","embeddable":true,"href":"https:\/\/l21.mx\/index.php?rest_route=%2Fwp%2Fv2%2Fcategories&post=4908"},{"taxonomy":"post_tag","embeddable":true,"href":"https:\/\/l21.mx\/index.php?rest_route=%2Fwp%2Fv2%2Ftags&post=4908"}],"curies":[{"name":"wp","href":"https:\/\/api.w.org\/{rel}","templated":true}]}}