{"id":4922,"date":"2013-11-04T16:15:24","date_gmt":"2013-11-04T22:15:24","guid":{"rendered":"http:\/\/innovatori.space\/lat21\/?p=4922"},"modified":"2013-11-04T16:15:52","modified_gmt":"2013-11-04T22:15:52","slug":"apuestan-al-desarrollo-de-vivienda-vertical","status":"publish","type":"post","link":"https:\/\/l21.mx\/?p=4922","title":{"rendered":"Apuestan al desarrollo de vivienda vertical"},"content":{"rendered":"<p><a href=\"http:\/\/l21.mx\/wp-content\/uploads\/2013\/11\/Apuestan-al-desarrollo-de-vivienda-vertical.jpg\" data-rel=\"penci-gallery-image-content\" ><img fetchpriority=\"high\" decoding=\"async\" class=\"aligncenter size-large wp-image-4923\" title=\"Apuestan al desarrollo de vivienda vertical\" src=\"http:\/\/l21.mx\/wp-content\/uploads\/2013\/11\/Apuestan-al-desarrollo-de-vivienda-vertical-1024x532.jpg\" alt=\"\" width=\"1024\" height=\"532\" srcset=\"https:\/\/l21.mx\/wp-content\/uploads\/2013\/11\/Apuestan-al-desarrollo-de-vivienda-vertical-1024x532.jpg 1024w, https:\/\/l21.mx\/wp-content\/uploads\/2013\/11\/Apuestan-al-desarrollo-de-vivienda-vertical-300x156.jpg 300w, https:\/\/l21.mx\/wp-content\/uploads\/2013\/11\/Apuestan-al-desarrollo-de-vivienda-vertical-768x399.jpg 768w, https:\/\/l21.mx\/wp-content\/uploads\/2013\/11\/Apuestan-al-desarrollo-de-vivienda-vertical-1170x608.jpg 1170w, https:\/\/l21.mx\/wp-content\/uploads\/2013\/11\/Apuestan-al-desarrollo-de-vivienda-vertical-585x304.jpg 585w, https:\/\/l21.mx\/wp-content\/uploads\/2013\/11\/Apuestan-al-desarrollo-de-vivienda-vertical.jpg 1228w\" sizes=\"(max-width: 1024px) 100vw, 1024px\" \/><\/a><\/p>\n<p>La empresa Impulsores de la Construcci\u00f3n y Asesores, filial de Agregados y\u00a0 Maquinaria del Caribe, incursiona en el desarrollo de vivienda de inter\u00e9s social, ajust\u00e1ndose a la tendencia del crecimiento vertical, seg\u00fan confirm\u00f3 Rafael Obreg\u00f3n, promotor del proyecto.<\/p>\n<p>Con base en recientes modificaciones al Plan Director de Desarrollo Urbano de Benito Ju\u00e1rez,\u00a0 el consorcio\u00a0 tiene sobre la mesa planos de desarrollo de un conjunto habitacional de inter\u00e9s social-medio de 20 edificios y un total de 706 departamentos.<\/p>\n<p>El directivo de Maquinaria del Caribe explic\u00f3 que \u201cel proyecto es innovador y se inserta en el rubro de vivienda ecol\u00f3gica. Se desarrollar\u00e1 en una superficie de ocho hect\u00e1reas en la SM 253 y se est\u00e1n por obtener los permisos y licencias de construcci\u00f3n para arrancar con el desarrollo del conjunto habitacional, que estar\u00eda listo en un plazo de 18 a 24 meses\u201d.<\/p>\n<p>Dijo estar consciente de que la tendencia en construcci\u00f3n de vivienda se ha modificado al paso de los a\u00f1os al pasar de d\u00faplex a cu\u00e1druplex y \u201chasta m\u00e1s\u201d, por lo que los gobiernos ven en el desarrollo vertical una manera de optimizar servicios y tener un mejor control en el crecimiento de la mancha urbana.<\/p>\n<p>El proyecto, agreg\u00f3,\u00a0 significar\u00e1 una inversi\u00f3n importante y promete\u00a0 opciones diferentes con departamentos cuyas superficies oscilan entre los 62 m2 y los 80.7 m2, dependiendo de los cuatro formatos a elegir, por lo que de ninguna manera se sumar\u00e1n a los \u201chuevitos\u201d que com\u00fanmente se venden en el destino.<\/p>\n<p>El complejo habitacional, adem\u00e1s de contar con departamentos de mayor superficie se realizar\u00e1 con materiales que optimizar\u00e1n el uso de energ\u00eda. Contar\u00e1 con \u00e1reas comunes, cuatro albercas, \u00e1reas verdes y jardines, siete canchas de futbol r\u00e1pido, gimnasio al aire libre, una peque\u00f1a tienda de servicio, luminarias LED y todos los detalles que implicaron m\u00e1s de un a\u00f1o de elaboraci\u00f3n del proyecto.<\/p>\n<p>[editor]empresas-y-negocios[\/editor]<\/p>\n<div><\/div>\n<p>&nbsp;<\/p>\n","protected":false},"excerpt":{"rendered":"<p>La empresa Impulsores de la Construcci\u00f3n y Asesores, filial de Agregados y\u00a0 Maquinaria del Caribe, incursiona&hellip;<\/p>\n","protected":false},"author":2,"featured_media":4924,"comment_status":"open","ping_status":"open","sticky":false,"template":"","format":"standard","meta":{"_acf_changed":false,"_lmt_disableupdate":"","_lmt_disable":"","_mbp_gutenberg_autopost":false,"footnotes":""},"categories":[4],"tags":[],"class_list":["post-4922","post","type-post","status-publish","format-standard","has-post-thumbnail","hentry","category-empresas-y-negocios"],"acf":[],"_links":{"self":[{"href":"https:\/\/l21.mx\/index.php?rest_route=\/wp\/v2\/posts\/4922","targetHints":{"allow":["GET"]}}],"collection":[{"href":"https:\/\/l21.mx\/index.php?rest_route=\/wp\/v2\/posts"}],"about":[{"href":"https:\/\/l21.mx\/index.php?rest_route=\/wp\/v2\/types\/post"}],"author":[{"embeddable":true,"href":"https:\/\/l21.mx\/index.php?rest_route=\/wp\/v2\/users\/2"}],"replies":[{"embeddable":true,"href":"https:\/\/l21.mx\/index.php?rest_route=%2Fwp%2Fv2%2Fcomments&post=4922"}],"version-history":[{"count":0,"href":"https:\/\/l21.mx\/index.php?rest_route=\/wp\/v2\/posts\/4922\/revisions"}],"wp:featuredmedia":[{"embeddable":true,"href":"https:\/\/l21.mx\/index.php?rest_route=\/wp\/v2\/media\/4924"}],"wp:attachment":[{"href":"https:\/\/l21.mx\/index.php?rest_route=%2Fwp%2Fv2%2Fmedia&parent=4922"}],"wp:term":[{"taxonomy":"category","embeddable":true,"href":"https:\/\/l21.mx\/index.php?rest_route=%2Fwp%2Fv2%2Fcategories&post=4922"},{"taxonomy":"post_tag","embeddable":true,"href":"https:\/\/l21.mx\/index.php?rest_route=%2Fwp%2Fv2%2Ftags&post=4922"}],"curies":[{"name":"wp","href":"https:\/\/api.w.org\/{rel}","templated":true}]}}