{"id":49270,"date":"2022-03-01T10:58:39","date_gmt":"2022-03-01T15:58:39","guid":{"rendered":"https:\/\/l21.mx\/?p=49270"},"modified":"2022-03-01T10:59:19","modified_gmt":"2022-03-01T15:59:19","slug":"cierre-de-sexenio-estatal","status":"publish","type":"post","link":"https:\/\/l21.mx\/?p=49270","title":{"rendered":"Cierre de sexenio estatal"},"content":{"rendered":"\n<ul class=\"wp-block-list\"><li><strong>Entre empresarios<\/strong><\/li><\/ul>\n\n\n\n<ul class=\"wp-block-list\"><li><strong>Sergio Le\u00f3n<\/strong><\/li><li>Presidente de Coparmex Q. Roo<\/li><li>CEO de Impoexporta<\/li><li>Twitter: @oigres14<\/li><\/ul>\n\n\n\n<p class=\"wp-block-paragraph\"><strong>N<\/strong>os encontramos en un momento trascendental para nuestra entidad, y como quintanarroenses, tenemos temas prioritarios con los que se cierra este sexenio del gobierno estatal, y en este arranque para las y los contendientes para ocupar ese cargo, debemos poner en la agenda ciudadana y empresarial, los temas prioritarios federales, en coordinaci\u00f3n con nuestras autoridades estatales y municipales, como el Tren Maya, el aeropuerto de Tulum, el puente Nichupt\u00e9 y pavimentaci\u00f3n del boulevard Colosio.<\/p>\n\n\n\n<p class=\"wp-block-paragraph\">A nivel estatal, la seguridad, el Recinto Fiscal Estrat\u00e9gico, programa de permacultura, diversificaci\u00f3n econ\u00f3mica, inversi\u00f3n en infraestructura, conectividad digital, impulso y fortalecimiento al sur del estado, entre otros.<\/p>\n\n\n\n<p class=\"wp-block-paragraph\">Es importante que estos temas los tengamos en la \u201cagenda ciudadana\u201d, ya que significan derrama econ\u00f3mica, federal, estatal, as\u00ed como el desarrollo y posicionamiento a nivel internacional contra los destinos tur\u00edsticos con los que competimos. Adem\u00e1s, son b\u00e1sicos para lograr un equilibrio en econom\u00eda y desarrollo en el norte y el sur, as\u00ed como potencializar un sector productivo y log\u00edstico que no hemos descubierto, pero que ya hay herramientas que nos permitir\u00e1n hacerlo.<\/p>\n\n\n\n<p class=\"wp-block-paragraph\">Nuestra vigilancia, seguimiento y participaci\u00f3n, dar\u00e1n una mejora econ\u00f3mica para todos, sin importar la trinchera donde nos encontremos; como colaboradores de una empresa o empresarios, se ver\u00e1 reflejado en un mayor aumento de nuestros ingresos, generaci\u00f3n de empresas y especializaciones diversas. Si hoy representamos el 5% del PIB de nuestro pa\u00eds, podr\u00edamos aumentarlo, as\u00ed como lograr una fortaleza que a\u00fan con los embates de los desastres naturales y hoy d\u00eda de salud, no suframos impactos econ\u00f3micos tan dr\u00e1sticos.<\/p>\n\n\n\n<p class=\"wp-block-paragraph\">Tan solo en materia fiscal, hoy contamos con un beneficio para las empresas que se conformen y tengan relaci\u00f3n con actividades f\u00e9rreas. Eso es algo nuevo y sumamente importante; negocios de instalaci\u00f3n, reparaci\u00f3n, mantenimiento y comercializaci\u00f3n, que no exist\u00edan, y ahora nacer\u00e1n con un beneficio fiscal. Sin duda, este es uno de muchos ejemplos de oportunidades.<\/p>\n\n\n\n<p class=\"wp-block-paragraph\">\u00bfC\u00f3mo podemos y debemos participar? Primero, inform\u00e1ndonos; entendiendo que aunque no veamos sentido a nuestras actividades, inter\u00e9s o econom\u00eda, nos beneficia el seguimiento a cada uno de estos temas. Debemos prepararnos y participar en las reuniones con los aspirantes al Ejecutivo estatal y pedir que se incluyan estos asuntos en la agenda. Verifica qu\u00e9 tanto conocen las candidatas y candidatos de estos temas; los compromisos en tiempos, formas, manejo de recursos y qui\u00e9nes ser\u00e1n los titulares de las \u00e1reas que dar\u00e1n continuidad y reporte a la ciudadan\u00eda. Si hacemos esta parte, lograremos un objetivo claro, que permitir\u00e1 ver un resultado favorable para todos los que habitamos este grandioso estado.<\/p>\n\n\n\n<p class=\"wp-block-paragraph\">La \u00fanica forma de avanzar es en uni\u00f3n, en colaboraci\u00f3n de ciudadanos, empresarios y autoridades; nos toca hacer nuestra parte con compromiso y responsabilidad; trabajemos para hacerlo posible, pues estamos a tiempo para ello.&nbsp;<\/p>\n","protected":false},"excerpt":{"rendered":"<p>Entre empresarios Sergio Le\u00f3n Presidente de Coparmex Q. Roo CEO de Impoexporta Twitter: @oigres14 Nos encontramos&hellip;<\/p>\n","protected":false},"author":95,"featured_media":46187,"comment_status":"closed","ping_status":"closed","sticky":false,"template":"","format":"standard","meta":{"_acf_changed":false,"_lmt_disableupdate":"","_lmt_disable":"","_mbp_gutenberg_autopost":false,"footnotes":""},"categories":[1092],"tags":[],"class_list":["post-49270","post","type-post","status-publish","format-standard","has-post-thumbnail","hentry","category-sergio-leon"],"acf":[],"_links":{"self":[{"href":"https:\/\/l21.mx\/index.php?rest_route=\/wp\/v2\/posts\/49270","targetHints":{"allow":["GET"]}}],"collection":[{"href":"https:\/\/l21.mx\/index.php?rest_route=\/wp\/v2\/posts"}],"about":[{"href":"https:\/\/l21.mx\/index.php?rest_route=\/wp\/v2\/types\/post"}],"author":[{"embeddable":true,"href":"https:\/\/l21.mx\/index.php?rest_route=\/wp\/v2\/users\/95"}],"replies":[{"embeddable":true,"href":"https:\/\/l21.mx\/index.php?rest_route=%2Fwp%2Fv2%2Fcomments&post=49270"}],"version-history":[{"count":0,"href":"https:\/\/l21.mx\/index.php?rest_route=\/wp\/v2\/posts\/49270\/revisions"}],"wp:featuredmedia":[{"embeddable":true,"href":"https:\/\/l21.mx\/index.php?rest_route=\/wp\/v2\/media\/46187"}],"wp:attachment":[{"href":"https:\/\/l21.mx\/index.php?rest_route=%2Fwp%2Fv2%2Fmedia&parent=49270"}],"wp:term":[{"taxonomy":"category","embeddable":true,"href":"https:\/\/l21.mx\/index.php?rest_route=%2Fwp%2Fv2%2Fcategories&post=49270"},{"taxonomy":"post_tag","embeddable":true,"href":"https:\/\/l21.mx\/index.php?rest_route=%2Fwp%2Fv2%2Ftags&post=49270"}],"curies":[{"name":"wp","href":"https:\/\/api.w.org\/{rel}","templated":true}]}}