{"id":49304,"date":"2022-03-01T11:54:56","date_gmt":"2022-03-01T16:54:56","guid":{"rendered":"https:\/\/l21.mx\/?p=49304"},"modified":"2022-03-01T11:55:30","modified_gmt":"2022-03-01T16:55:30","slug":"el-presente-y-el-futuro-de-quintana-roo","status":"publish","type":"post","link":"https:\/\/l21.mx\/?p=49304","title":{"rendered":"El presente y el futuro de Quintana Roo"},"content":{"rendered":"\n<p><\/p>\n\n\n\n<p>Para: EMDI, MI AMOR INFINITO<\/p>\n\n\n\n<p>Enero fue sin duda uno de los meses m\u00e1s dif\u00edciles a nivel mundial, el nivel de contagios de Covid tuvo su peor mes, y Quintana Roo no ha sido la excepci\u00f3n. El combinar la llamada reactivaci\u00f3n econ\u00f3mica junto con la atenci\u00f3n a la pandemia fue un reto para todos, principalmente para los empresarios y gobiernos, quienes vieron reducida su fuerza laboral de una manera considerable, ya que mil casos por d\u00eda fue un duro golpe, adem\u00e1s de que la econom\u00eda de los colaboradores se vio trastocada, derivado de los permisos Covid que reduc\u00edan los salarios en 40%. Algunos se lo buscaron, al relajar las medidas sanitarias o no respetarlas, pero no todos. Esto oblig\u00f3, como ya lo hemos platicado, a entre otros aspectos, que la ocupaci\u00f3n hospitalaria se incrementara a n\u00fameros considerables y pas\u00e1ramos a Sem\u00e1foro Naranja, muy cerquita del rojo. <\/p>\n\n\n\n<p>Espero la lecci\u00f3n haya sido aprendida; hoy los casos han disminuido de manera considerable y ojal\u00e1 no sea por el ciclo de la enfermedad nada m\u00e1s, sino por la conciencia de los ciudadanos. Por otro lado, la ocupaci\u00f3n hotelera, asientos de avi\u00f3n, operaciones a\u00e9reas, van como nunca, se siguen superando metas y la Semana Santa pinta para 100 por ciento de ocupaci\u00f3n en casi todo el estado; depende de lo que hagamos ahora para que esto no cambie y podamos recuperarnos de manera m\u00e1s r\u00e1pida. Canc\u00fan sigue siendo la joya de la corona y el destino preferido por el mundo; depende de todos, hay que aprovecharlo.<\/p>\n\n\n\n<p>Otro tema que es fundamental, es el proceso electoral 2022, la sucesi\u00f3n gubernamental estatal y la renovaci\u00f3n del Congreso del Estado. La oportunidad de todos de decidir y no estar quej\u00e1ndonos 6 a\u00f1os m\u00e1s. Las candidatas y candidatos ya est\u00e1n. Roberto Palazuelos qued\u00f3 fuera al final; las razones, muchas; los rumores m\u00e1s, pero ya no ser\u00e1 candidato.<\/p>\n\n\n\n<p> Mara Lezama, Laura Fern\u00e1ndez, Leslie Hendricks, Jos\u00e9 Luis Pech y Nivardo Mena, son quienes buscar\u00e1n convencer al electorado de que son la mejor opci\u00f3n para ocupar la silla grande del estado; la guerra sucia ya est\u00e1 presente, aunque se espera una campa\u00f1a de propuestas, no de ataques, sin embargo, al tiempo. <\/p>\n\n\n\n<p>Lo m\u00e1s importante hoy, es conocer bien lo que han hecho, lo que proponen, pero sobre todo su trayectoria y comportamiento en la palestra p\u00fablica; eso dice mucho y en ocasiones no es considerado para elegir. Recuerde que debemos vencer el abstencionismo y salir a votar masivamente, pero con conocimiento, con causa, sabiendo muy bien por qui\u00e9n y por qu\u00e9, as\u00ed podremos decidir nuestro futuro inmediato y el de nuestros hijos. El 3 de abril arranca esta oportunidad, no la desperdicie. <\/p>\n\n\n\n<p>Por otro lado, el 18 de ese mismo mes, la de diputados; de esa hasta ahora, nada, seguramente en los d\u00edas posteriores a escribir esta columna vendr\u00e1 m\u00e1s informaci\u00f3n.<\/p>\n\n\n\n<p>Que el camino sea divertido y exitoso. Hasta la pr\u00f3xima. #EMDI<\/p>\n","protected":false},"excerpt":{"rendered":"<p>Para: EMDI, MI AMOR INFINITO Enero fue sin duda uno de los meses m\u00e1s dif\u00edciles a&hellip;<\/p>\n","protected":false},"author":100,"featured_media":46197,"comment_status":"closed","ping_status":"closed","sticky":false,"template":"","format":"standard","meta":{"_acf_changed":false,"_lmt_disableupdate":"","_lmt_disable":"","_mbp_gutenberg_autopost":false,"footnotes":""},"categories":[1008],"tags":[1380,1114,1598,860,49],"class_list":["post-49304","post","type-post","status-publish","format-standard","has-post-thumbnail","hentry","category-alejandro-rosel","tag-candidatos","tag-elecciones","tag-palazuelos","tag-pandemia","tag-quintana-roo"],"acf":[],"yoast_head":"<!-- This site is optimized with the Yoast SEO plugin v27.3 - https:\/\/yoast.com\/product\/yoast-seo-wordpress\/ -->\n<title>El presente y el futuro de Quintana Roo | Revista Latitud 21<\/title>\n<meta name=\"description\" content=\"L21, Emprendedores y Negocios en el Caribe Mexicano, es la revista l\u00edder entre el Sector Empresarial y Tur\u00edstico del Caribe Mexicano.\" \/>\n<meta name=\"robots\" content=\"index, follow, max-snippet:-1, max-image-preview:large, max-video-preview:-1\" \/>\n<link rel=\"canonical\" href=\"https:\/\/l21.mx\/?p=49304\" \/>\n<meta name=\"twitter:card\" content=\"summary_large_image\" \/>\n<meta name=\"twitter:title\" content=\"El presente y el futuro de Quintana Roo | Revista Latitud 21\" \/>\n<meta name=\"twitter:description\" content=\"L21, Emprendedores y Negocios en el Caribe Mexicano, es la revista l\u00edder entre el Sector Empresarial y Tur\u00edstico del Caribe Mexicano.\" \/>\n<meta name=\"twitter:image\" content=\"https:\/\/l21.mx\/wp-content\/uploads\/2021\/04\/alejandro-rosel-desde-el-camerino.jpg\" \/>\n<meta name=\"twitter:creator\" content=\"@Latitud21mx\" \/>\n<meta name=\"twitter:site\" content=\"@Latitud21mx\" \/>\n<meta name=\"twitter:label1\" content=\"Escrito por\" \/>\n\t<meta name=\"twitter:data1\" content=\"NellyG\" \/>\n\t<meta name=\"twitter:label2\" content=\"Tiempo de lectura\" \/>\n\t<meta name=\"twitter:data2\" content=\"3 minutos\" \/>\n<script type=\"application\/ld+json\" class=\"yoast-schema-graph\">{\"@context\":\"https:\\\/\\\/schema.org\",\"@graph\":[{\"@type\":\"Article\",\"@id\":\"https:\\\/\\\/l21.mx\\\/?p=49304#article\",\"isPartOf\":{\"@id\":\"https:\\\/\\\/l21.mx\\\/?p=49304\"},\"author\":{\"name\":\"NellyG\",\"@id\":\"https:\\\/\\\/l21.mx\\\/#\\\/schema\\\/person\\\/cca68595b80b2f6c4c55a8b254bfbb2a\"},\"headline\":\"El presente y el futuro de Quintana Roo\",\"datePublished\":\"2022-03-01T16:54:56+00:00\",\"dateModified\":\"2022-03-01T16:55:30+00:00\",\"mainEntityOfPage\":{\"@id\":\"https:\\\/\\\/l21.mx\\\/?p=49304\"},\"wordCount\":524,\"publisher\":{\"@id\":\"https:\\\/\\\/l21.mx\\\/#organization\"},\"image\":{\"@id\":\"https:\\\/\\\/l21.mx\\\/?p=49304#primaryimage\"},\"thumbnailUrl\":\"https:\\\/\\\/l21.mx\\\/wp-content\\\/uploads\\\/2021\\\/04\\\/alejandro-rosel-desde-el-camerino.jpg\",\"keywords\":[\"candidatos\",\"elecciones\",\"Palazuelos\",\"pandemia\",\"Quintana Roo\"],\"articleSection\":[\"Alejandro Rosel\"],\"inLanguage\":\"es\"},{\"@type\":\"WebPage\",\"@id\":\"https:\\\/\\\/l21.mx\\\/?p=49304\",\"url\":\"https:\\\/\\\/l21.mx\\\/?p=49304\",\"name\":\"El presente y el futuro de Quintana Roo | Revista Latitud 21\",\"isPartOf\":{\"@id\":\"https:\\\/\\\/l21.mx\\\/#website\"},\"primaryImageOfPage\":{\"@id\":\"https:\\\/\\\/l21.mx\\\/?p=49304#primaryimage\"},\"image\":{\"@id\":\"https:\\\/\\\/l21.mx\\\/?p=49304#primaryimage\"},\"thumbnailUrl\":\"https:\\\/\\\/l21.mx\\\/wp-content\\\/uploads\\\/2021\\\/04\\\/alejandro-rosel-desde-el-camerino.jpg\",\"datePublished\":\"2022-03-01T16:54:56+00:00\",\"dateModified\":\"2022-03-01T16:55:30+00:00\",\"description\":\"L21, Emprendedores y Negocios en el Caribe Mexicano, es la revista l\u00edder entre el Sector Empresarial y Tur\u00edstico del Caribe Mexicano.\",\"breadcrumb\":{\"@id\":\"https:\\\/\\\/l21.mx\\\/?p=49304#breadcrumb\"},\"inLanguage\":\"es\",\"potentialAction\":[{\"@type\":\"ReadAction\",\"target\":[\"https:\\\/\\\/l21.mx\\\/?p=49304\"]}]},{\"@type\":\"ImageObject\",\"inLanguage\":\"es\",\"@id\":\"https:\\\/\\\/l21.mx\\\/?p=49304#primaryimage\",\"url\":\"https:\\\/\\\/l21.mx\\\/wp-content\\\/uploads\\\/2021\\\/04\\\/alejandro-rosel-desde-el-camerino.jpg\",\"contentUrl\":\"https:\\\/\\\/l21.mx\\\/wp-content\\\/uploads\\\/2021\\\/04\\\/alejandro-rosel-desde-el-camerino.jpg\",\"width\":900,\"height\":599},{\"@type\":\"BreadcrumbList\",\"@id\":\"https:\\\/\\\/l21.mx\\\/?p=49304#breadcrumb\",\"itemListElement\":[{\"@type\":\"ListItem\",\"position\":1,\"name\":\"Portada\",\"item\":\"https:\\\/\\\/l21.mx\\\/\"},{\"@type\":\"ListItem\",\"position\":2,\"name\":\"El presente y el futuro de Quintana Roo\"}]},{\"@type\":\"WebSite\",\"@id\":\"https:\\\/\\\/l21.mx\\\/#website\",\"url\":\"https:\\\/\\\/l21.mx\\\/\",\"name\":\"Revista Latitud 21\",\"description\":\"Emprendedores  y negocios en el Caribe Mexicano\",\"publisher\":{\"@id\":\"https:\\\/\\\/l21.mx\\\/#organization\"},\"potentialAction\":[{\"@type\":\"SearchAction\",\"target\":{\"@type\":\"EntryPoint\",\"urlTemplate\":\"https:\\\/\\\/l21.mx\\\/?s={search_term_string}\"},\"query-input\":{\"@type\":\"PropertyValueSpecification\",\"valueRequired\":true,\"valueName\":\"search_term_string\"}}],\"inLanguage\":\"es\"},{\"@type\":\"Organization\",\"@id\":\"https:\\\/\\\/l21.mx\\\/#organization\",\"name\":\"Grupo Editorial Latitud 21 SA de CV\",\"url\":\"https:\\\/\\\/l21.mx\\\/\",\"logo\":{\"@type\":\"ImageObject\",\"inLanguage\":\"es\",\"@id\":\"https:\\\/\\\/l21.mx\\\/#\\\/schema\\\/logo\\\/image\\\/\",\"url\":\"https:\\\/\\\/l21.mx\\\/wp-content\\\/uploads\\\/2020\\\/10\\\/logo-l21-baja.jpg\",\"contentUrl\":\"https:\\\/\\\/l21.mx\\\/wp-content\\\/uploads\\\/2020\\\/10\\\/logo-l21-baja.jpg\",\"width\":250,\"height\":250,\"caption\":\"Grupo Editorial Latitud 21 SA de CV\"},\"image\":{\"@id\":\"https:\\\/\\\/l21.mx\\\/#\\\/schema\\\/logo\\\/image\\\/\"},\"sameAs\":[\"https:\\\/\\\/www.facebook.com\\\/RevistaLatitud21\\\/\",\"https:\\\/\\\/x.com\\\/Latitud21mx\"]},{\"@type\":\"Person\",\"@id\":\"https:\\\/\\\/l21.mx\\\/#\\\/schema\\\/person\\\/cca68595b80b2f6c4c55a8b254bfbb2a\",\"name\":\"NellyG\",\"url\":\"https:\\\/\\\/l21.mx\\\/?author=100\"}]}<\/script>\n<!-- \/ Yoast SEO plugin. -->","yoast_head_json":{"title":"El presente y el futuro de Quintana Roo | Revista Latitud 21","description":"L21, Emprendedores y Negocios en el Caribe Mexicano, es la revista l\u00edder entre el Sector Empresarial y Tur\u00edstico del Caribe Mexicano.","robots":{"index":"index","follow":"follow","max-snippet":"max-snippet:-1","max-image-preview":"max-image-preview:large","max-video-preview":"max-video-preview:-1"},"canonical":"https:\/\/l21.mx\/?p=49304","twitter_card":"summary_large_image","twitter_title":"El presente y el futuro de Quintana Roo | Revista Latitud 21","twitter_description":"L21, Emprendedores y Negocios en el Caribe Mexicano, es la revista l\u00edder entre el Sector Empresarial y Tur\u00edstico del Caribe Mexicano.","twitter_image":"https:\/\/l21.mx\/wp-content\/uploads\/2021\/04\/alejandro-rosel-desde-el-camerino.jpg","twitter_creator":"@Latitud21mx","twitter_site":"@Latitud21mx","twitter_misc":{"Escrito por":"NellyG","Tiempo de lectura":"3 minutos"},"schema":{"@context":"https:\/\/schema.org","@graph":[{"@type":"Article","@id":"https:\/\/l21.mx\/?p=49304#article","isPartOf":{"@id":"https:\/\/l21.mx\/?p=49304"},"author":{"name":"NellyG","@id":"https:\/\/l21.mx\/#\/schema\/person\/cca68595b80b2f6c4c55a8b254bfbb2a"},"headline":"El presente y el futuro de Quintana Roo","datePublished":"2022-03-01T16:54:56+00:00","dateModified":"2022-03-01T16:55:30+00:00","mainEntityOfPage":{"@id":"https:\/\/l21.mx\/?p=49304"},"wordCount":524,"publisher":{"@id":"https:\/\/l21.mx\/#organization"},"image":{"@id":"https:\/\/l21.mx\/?p=49304#primaryimage"},"thumbnailUrl":"https:\/\/l21.mx\/wp-content\/uploads\/2021\/04\/alejandro-rosel-desde-el-camerino.jpg","keywords":["candidatos","elecciones","Palazuelos","pandemia","Quintana Roo"],"articleSection":["Alejandro Rosel"],"inLanguage":"es"},{"@type":"WebPage","@id":"https:\/\/l21.mx\/?p=49304","url":"https:\/\/l21.mx\/?p=49304","name":"El presente y el futuro de Quintana Roo | Revista Latitud 21","isPartOf":{"@id":"https:\/\/l21.mx\/#website"},"primaryImageOfPage":{"@id":"https:\/\/l21.mx\/?p=49304#primaryimage"},"image":{"@id":"https:\/\/l21.mx\/?p=49304#primaryimage"},"thumbnailUrl":"https:\/\/l21.mx\/wp-content\/uploads\/2021\/04\/alejandro-rosel-desde-el-camerino.jpg","datePublished":"2022-03-01T16:54:56+00:00","dateModified":"2022-03-01T16:55:30+00:00","description":"L21, Emprendedores y Negocios en el Caribe Mexicano, es la revista l\u00edder entre el Sector Empresarial y Tur\u00edstico del Caribe Mexicano.","breadcrumb":{"@id":"https:\/\/l21.mx\/?p=49304#breadcrumb"},"inLanguage":"es","potentialAction":[{"@type":"ReadAction","target":["https:\/\/l21.mx\/?p=49304"]}]},{"@type":"ImageObject","inLanguage":"es","@id":"https:\/\/l21.mx\/?p=49304#primaryimage","url":"https:\/\/l21.mx\/wp-content\/uploads\/2021\/04\/alejandro-rosel-desde-el-camerino.jpg","contentUrl":"https:\/\/l21.mx\/wp-content\/uploads\/2021\/04\/alejandro-rosel-desde-el-camerino.jpg","width":900,"height":599},{"@type":"BreadcrumbList","@id":"https:\/\/l21.mx\/?p=49304#breadcrumb","itemListElement":[{"@type":"ListItem","position":1,"name":"Portada","item":"https:\/\/l21.mx\/"},{"@type":"ListItem","position":2,"name":"El presente y el futuro de Quintana Roo"}]},{"@type":"WebSite","@id":"https:\/\/l21.mx\/#website","url":"https:\/\/l21.mx\/","name":"Revista Latitud 21","description":"Emprendedores  y negocios en el Caribe Mexicano","publisher":{"@id":"https:\/\/l21.mx\/#organization"},"potentialAction":[{"@type":"SearchAction","target":{"@type":"EntryPoint","urlTemplate":"https:\/\/l21.mx\/?s={search_term_string}"},"query-input":{"@type":"PropertyValueSpecification","valueRequired":true,"valueName":"search_term_string"}}],"inLanguage":"es"},{"@type":"Organization","@id":"https:\/\/l21.mx\/#organization","name":"Grupo Editorial Latitud 21 SA de CV","url":"https:\/\/l21.mx\/","logo":{"@type":"ImageObject","inLanguage":"es","@id":"https:\/\/l21.mx\/#\/schema\/logo\/image\/","url":"https:\/\/l21.mx\/wp-content\/uploads\/2020\/10\/logo-l21-baja.jpg","contentUrl":"https:\/\/l21.mx\/wp-content\/uploads\/2020\/10\/logo-l21-baja.jpg","width":250,"height":250,"caption":"Grupo Editorial Latitud 21 SA de CV"},"image":{"@id":"https:\/\/l21.mx\/#\/schema\/logo\/image\/"},"sameAs":["https:\/\/www.facebook.com\/RevistaLatitud21\/","https:\/\/x.com\/Latitud21mx"]},{"@type":"Person","@id":"https:\/\/l21.mx\/#\/schema\/person\/cca68595b80b2f6c4c55a8b254bfbb2a","name":"NellyG","url":"https:\/\/l21.mx\/?author=100"}]}},"amp_enabled":true,"_links":{"self":[{"href":"https:\/\/l21.mx\/index.php?rest_route=\/wp\/v2\/posts\/49304","targetHints":{"allow":["GET"]}}],"collection":[{"href":"https:\/\/l21.mx\/index.php?rest_route=\/wp\/v2\/posts"}],"about":[{"href":"https:\/\/l21.mx\/index.php?rest_route=\/wp\/v2\/types\/post"}],"author":[{"embeddable":true,"href":"https:\/\/l21.mx\/index.php?rest_route=\/wp\/v2\/users\/100"}],"replies":[{"embeddable":true,"href":"https:\/\/l21.mx\/index.php?rest_route=%2Fwp%2Fv2%2Fcomments&post=49304"}],"version-history":[{"count":1,"href":"https:\/\/l21.mx\/index.php?rest_route=\/wp\/v2\/posts\/49304\/revisions"}],"predecessor-version":[{"id":49305,"href":"https:\/\/l21.mx\/index.php?rest_route=\/wp\/v2\/posts\/49304\/revisions\/49305"}],"wp:featuredmedia":[{"embeddable":true,"href":"https:\/\/l21.mx\/index.php?rest_route=\/wp\/v2\/media\/46197"}],"wp:attachment":[{"href":"https:\/\/l21.mx\/index.php?rest_route=%2Fwp%2Fv2%2Fmedia&parent=49304"}],"wp:term":[{"taxonomy":"category","embeddable":true,"href":"https:\/\/l21.mx\/index.php?rest_route=%2Fwp%2Fv2%2Fcategories&post=49304"},{"taxonomy":"post_tag","embeddable":true,"href":"https:\/\/l21.mx\/index.php?rest_route=%2Fwp%2Fv2%2Ftags&post=49304"}],"curies":[{"name":"wp","href":"https:\/\/api.w.org\/{rel}","templated":true}]}}