{"id":4938,"date":"2013-11-04T16:25:33","date_gmt":"2013-11-04T22:25:33","guid":{"rendered":"http:\/\/innovatori.space\/lat21\/?p=4938"},"modified":"2013-11-04T16:25:45","modified_gmt":"2013-11-04T22:25:45","slug":"pista-libre-para-coloso-del-aire","status":"publish","type":"post","link":"https:\/\/l21.mx\/?p=4938","title":{"rendered":"Pista libre para coloso del aire"},"content":{"rendered":"<p><a href=\"http:\/\/l21.mx\/wp-content\/uploads\/2013\/11\/airfrance.jpg\" data-rel=\"penci-gallery-image-content\" ><img fetchpriority=\"high\" decoding=\"async\" class=\"alignleft size-large wp-image-4939\" title=\"airfrance\" src=\"http:\/\/l21.mx\/wp-content\/uploads\/2013\/11\/airfrance-1024x524.jpg\" alt=\"\" width=\"1024\" height=\"524\" \/><\/a><\/p>\n<p>Noviembre ser\u00e1 un mes simb\u00f3lico para Canc\u00fan debido a que el pr\u00f3ximo d\u00eda 27 de este mes aterrizar\u00e1 en el Aeropuerto Internacional el Airbus A380 de Air France, una joya aeron\u00e1utica, considerado el m\u00e1s moderno y amigable con el medio ambiente. El hecho posiciona a M\u00e9xico como el primer pa\u00eds de Latinoam\u00e9rica en recibir un vuelo comercial en alas de la aeronave de dos pisos, con capacidad para 516 asientos distribuidos en cuatro clases.<\/p>\n<p>\u201cTreinta y cinco a\u00f1os despu\u00e9s del primer aterrizaje del supers\u00f3nico Concorde en Ciudad de M\u00e9xico, la llegada del A380 a Canc\u00fan muestra la importancia de M\u00e9xico para el grupo\u201d, comenta Patrick Alexandre, vicepresidente comercial de\u00a0 Air France \u2013KLM, que este a\u00f1o conmemora 80 a\u00f1os de operaciones.<\/p>\n<p>\u201cCon este vuelo especial marcaremos la historia de la aviaci\u00f3n comercial en M\u00e9xico mostrando por primera vez a la aeronave ic\u00f3nica de nuestra flota, por su tama\u00f1o, confort y modernidad\u201d, agrega Jerome Salemi, director general de Air France-KLM en M\u00e9xico.<\/p>\n<p>\u201cPocos aeropuertos en el mundo est\u00e1n preparados para acoger a este gigante del aire.\u00a0 Nosotros lo hemos anticipado desde hace varios a\u00f1os y estamos listos para recibir esta maravillosa aeronave\u201d, menciona Salemi.<\/p>\n<p>A la par, el Aeropuerto Internacional de Canc\u00fan celebra 15 a\u00f1os de\u00a0 ser conducido por Grupo ASUR, presidido por Fernando Chico Pardo.<\/p>\n<div><\/div>\n","protected":false},"excerpt":{"rendered":"<p>Noviembre ser\u00e1 un mes simb\u00f3lico para Canc\u00fan debido a que el pr\u00f3ximo d\u00eda 27 de este&hellip;<\/p>\n","protected":false},"author":2,"featured_media":4940,"comment_status":"open","ping_status":"open","sticky":false,"template":"","format":"standard","meta":{"_acf_changed":false,"_lmt_disableupdate":"","_lmt_disable":"","_mbp_gutenberg_autopost":false,"footnotes":""},"categories":[4],"tags":[],"class_list":["post-4938","post","type-post","status-publish","format-standard","has-post-thumbnail","hentry","category-empresas-y-negocios"],"acf":[],"_links":{"self":[{"href":"https:\/\/l21.mx\/index.php?rest_route=\/wp\/v2\/posts\/4938","targetHints":{"allow":["GET"]}}],"collection":[{"href":"https:\/\/l21.mx\/index.php?rest_route=\/wp\/v2\/posts"}],"about":[{"href":"https:\/\/l21.mx\/index.php?rest_route=\/wp\/v2\/types\/post"}],"author":[{"embeddable":true,"href":"https:\/\/l21.mx\/index.php?rest_route=\/wp\/v2\/users\/2"}],"replies":[{"embeddable":true,"href":"https:\/\/l21.mx\/index.php?rest_route=%2Fwp%2Fv2%2Fcomments&post=4938"}],"version-history":[{"count":0,"href":"https:\/\/l21.mx\/index.php?rest_route=\/wp\/v2\/posts\/4938\/revisions"}],"wp:featuredmedia":[{"embeddable":true,"href":"https:\/\/l21.mx\/index.php?rest_route=\/wp\/v2\/media\/4940"}],"wp:attachment":[{"href":"https:\/\/l21.mx\/index.php?rest_route=%2Fwp%2Fv2%2Fmedia&parent=4938"}],"wp:term":[{"taxonomy":"category","embeddable":true,"href":"https:\/\/l21.mx\/index.php?rest_route=%2Fwp%2Fv2%2Fcategories&post=4938"},{"taxonomy":"post_tag","embeddable":true,"href":"https:\/\/l21.mx\/index.php?rest_route=%2Fwp%2Fv2%2Ftags&post=4938"}],"curies":[{"name":"wp","href":"https:\/\/api.w.org\/{rel}","templated":true}]}}